
{"id":10000,"date":"2018-02-01T11:13:27","date_gmt":"2018-02-01T10:13:27","guid":{"rendered":"http:\/\/www.rezeau.org\/wp-garden\/?p=10000"},"modified":"2021-02-01T15:44:05","modified_gmt":"2021-02-01T14:44:05","slug":"floraisons-hivernales-2018","status":"publish","type":"post","link":"https:\/\/www.rezeau.org\/wp-garden\/fr\/floraisons-hivernales-2018\/","title":{"rendered":"Floraisons hivernales 2018"},"content":{"rendered":"\n<blockquote class=\"wp-block-quote is-layout-flow wp-block-quote-is-layout-flow\"><p>En f\u00e9vrier, le jardinier poursuit les travaux commenc\u00e9s en janvier, en ce sens qu&#8217;il cultive surtout le temps. [&#8230;] La seconde t\u00e2che du jardinier, en f\u00e9vrier, consiste \u00e0 rester \u00e0 l&#8217;aff\u00fbt des signes avant-coureurs du printemps.<\/p><\/blockquote>\n\n\n\n<p>Karel \u010capek, <em>L&#8217;ann\u00e9e du jardinier<\/em><\/p>\n\n\n\n<p>Les floraisons d&#8217;hiver sont bien pr\u00e9sentes, avec les hell\u00e9bores et les narcisses.<\/p>\n\n\n\n<figure class=\"wp-block-gallery columns-3 is-cropped wp-block-gallery-1 is-layout-flex wp-block-gallery-is-layout-flex\"><ul class=\"blocks-gallery-grid\"><li class=\"blocks-gallery-item\"><figure><a href=\"https:\/\/www.rezeau.org\/wp-garden\/wp-content\/uploads\/H-IMGP3248.jpg\" rel=\"lightbox[10000]\"><img loading=\"lazy\" decoding=\"async\" width=\"800\" height=\"543\" src=\"https:\/\/www.rezeau.org\/wp-garden\/wp-content\/uploads\/H-IMGP3248.jpg\" alt=\"\" data-id=\"9995\" class=\"wp-image-9995\" srcset=\"https:\/\/www.rezeau.org\/wp-garden\/wp-content\/uploads\/H-IMGP3248.jpg 800w, https:\/\/www.rezeau.org\/wp-garden\/wp-content\/uploads\/H-IMGP3248-300x204.jpg 300w, https:\/\/www.rezeau.org\/wp-garden\/wp-content\/uploads\/H-IMGP3248-768x521.jpg 768w\" sizes=\"auto, (max-width: 800px) 100vw, 800px\" \/><\/a><\/figure><\/li><li class=\"blocks-gallery-item\"><figure><a href=\"https:\/\/www.rezeau.org\/wp-garden\/wp-content\/uploads\/H-IMGP3251.jpg\" rel=\"lightbox[10000]\"><img loading=\"lazy\" decoding=\"async\" width=\"800\" height=\"533\" src=\"https:\/\/www.rezeau.org\/wp-garden\/wp-content\/uploads\/H-IMGP3251.jpg\" alt=\"<em&gt;Helleborus x Frostkiss<\/em&gt;Glenda\u2019s Gloss\" data-id=\"9994\" class=\"wp-image-9994\" srcset=\"https:\/\/www.rezeau.org\/wp-garden\/wp-content\/uploads\/H-IMGP3251.jpg 800w, https:\/\/www.rezeau.org\/wp-garden\/wp-content\/uploads\/H-IMGP3251-300x200.jpg 300w, https:\/\/www.rezeau.org\/wp-garden\/wp-content\/uploads\/H-IMGP3251-768x512.jpg 768w\" sizes=\"auto, (max-width: 800px) 100vw, 800px\" \/><\/a><\/figure><\/li><li class=\"blocks-gallery-item\"><figure><a href=\"https:\/\/www.rezeau.org\/wp-garden\/wp-content\/uploads\/H-IMGP3253.jpg\" rel=\"lightbox[10000]\"><img loading=\"lazy\" decoding=\"async\" width=\"800\" height=\"533\" src=\"https:\/\/www.rezeau.org\/wp-garden\/wp-content\/uploads\/H-IMGP3253.jpg\" alt=\"\" data-id=\"9993\" class=\"wp-image-9993\" srcset=\"https:\/\/www.rezeau.org\/wp-garden\/wp-content\/uploads\/H-IMGP3253.jpg 800w, https:\/\/www.rezeau.org\/wp-garden\/wp-content\/uploads\/H-IMGP3253-300x200.jpg 300w, https:\/\/www.rezeau.org\/wp-garden\/wp-content\/uploads\/H-IMGP3253-768x512.jpg 768w\" sizes=\"auto, (max-width: 800px) 100vw, 800px\" \/><\/a><\/figure><\/li><\/ul><\/figure>\n\n\n\n<div class=\"wp-block-image\"><figure class=\"alignleft\"><a href=\"http:\/\/www.rezeau.org\/wp-garden\/wp-content\/uploads\/H-IMGP3260.jpg\" rel=\"lightbox[10000]\"><img loading=\"lazy\" decoding=\"async\" width=\"300\" height=\"199\" src=\"http:\/\/www.rezeau.org\/wp-garden\/wp-content\/uploads\/H-IMGP3260-300x199.jpg\" alt=\"\" class=\"wp-image-9992\" srcset=\"https:\/\/www.rezeau.org\/wp-garden\/wp-content\/uploads\/H-IMGP3260-300x199.jpg 300w, https:\/\/www.rezeau.org\/wp-garden\/wp-content\/uploads\/H-IMGP3260-768x509.jpg 768w, https:\/\/www.rezeau.org\/wp-garden\/wp-content\/uploads\/H-IMGP3260.jpg 800w\" sizes=\"auto, (max-width: 300px) 100vw, 300px\" \/><\/a><figcaption>27\/01\/2018<\/figcaption><\/figure><\/div>\n\n\n\n<p>Et comme tous les ans \u00e0 cette \u00e9poque le jardinier guette avec impatience que les autres bulbes pointent le bout de leur nez, comme par exemple les tulipes Finola mises en pot au printemps.<\/p>\n","protected":false},"excerpt":{"rendered":"<p>En f\u00e9vrier, le jardinier poursuit les travaux commenc\u00e9s en janvier, en ce sens qu&#8217;il cultive surtout le temps. [&#8230;] La seconde t\u00e2che du jardinier, en f\u00e9vrier, consiste \u00e0 rester \u00e0 l&#8217;aff\u00fbt des signes avant-coureurs du printemps. Karel \u010capek, L&#8217;ann\u00e9e du jardinier Les floraisons d&#8217;hiver sont bien pr\u00e9sentes, avec les hell\u00e9bores&#8230;<\/p>\n<p class=\"continue-reading-button\"> <a class=\"continue-reading-link\" href=\"https:\/\/www.rezeau.org\/wp-garden\/fr\/floraisons-hivernales-2018\/\">Continue reading<i class=\"crycon-right-dir\"><\/i><\/a><\/p>\n","protected":false},"author":2,"featured_media":0,"comment_status":"closed","ping_status":"closed","sticky":false,"template":"","format":"standard","meta":{"_acf_changed":false,"footnotes":""},"categories":[677],"tags":[],"class_list":["post-10000","post","type-post","status-publish","format-standard","hentry","category-journal-du-jardin"],"acf":[],"_links":{"self":[{"href":"https:\/\/www.rezeau.org\/wp-garden\/wp-json\/wp\/v2\/posts\/10000","targetHints":{"allow":["GET"]}}],"collection":[{"href":"https:\/\/www.rezeau.org\/wp-garden\/wp-json\/wp\/v2\/posts"}],"about":[{"href":"https:\/\/www.rezeau.org\/wp-garden\/wp-json\/wp\/v2\/types\/post"}],"author":[{"embeddable":true,"href":"https:\/\/www.rezeau.org\/wp-garden\/wp-json\/wp\/v2\/users\/2"}],"replies":[{"embeddable":true,"href":"https:\/\/www.rezeau.org\/wp-garden\/wp-json\/wp\/v2\/comments?post=10000"}],"version-history":[{"count":0,"href":"https:\/\/www.rezeau.org\/wp-garden\/wp-json\/wp\/v2\/posts\/10000\/revisions"}],"wp:attachment":[{"href":"https:\/\/www.rezeau.org\/wp-garden\/wp-json\/wp\/v2\/media?parent=10000"}],"wp:term":[{"taxonomy":"category","embeddable":true,"href":"https:\/\/www.rezeau.org\/wp-garden\/wp-json\/wp\/v2\/categories?post=10000"},{"taxonomy":"post_tag","embeddable":true,"href":"https:\/\/www.rezeau.org\/wp-garden\/wp-json\/wp\/v2\/tags?post=10000"}],"curies":[{"name":"wp","href":"https:\/\/api.w.org\/{rel}","templated":true}]}}