
{"id":10144,"date":"2018-03-04T22:33:52","date_gmt":"2018-03-04T21:33:52","guid":{"rendered":"http:\/\/www.rezeau.org\/wp-garden\/?p=10144"},"modified":"2021-02-01T15:01:56","modified_gmt":"2021-02-01T14:01:56","slug":"quand-les-tarins-annoncent-le-printemps","status":"publish","type":"post","link":"https:\/\/www.rezeau.org\/wp-garden\/fr\/quand-les-tarins-annoncent-le-printemps\/","title":{"rendered":"Quand les tarins annoncent le printemps"},"content":{"rendered":"\n<p>Depuis quelques jours un nouvel arrivant dans le jardin de papi Jo s&#8217;int\u00e9resse aux boules de graisse, il est aussi habile que les m\u00e9sanges et vient m\u00eame en famille, c&#8217;est le <strong>tarin des aulnes<\/strong>. Le pinson vient voir ce qui se passe, mais n&#8217;arrive pas du tout \u00e0 se nourrir aux boules accroch\u00e9es, il finit souvent au sol.<\/p>\n\n\n\n<figure class=\"wp-block-gallery aligncenter columns-3 is-cropped wp-block-gallery-1 is-layout-flex wp-block-gallery-is-layout-flex\"><ul class=\"blocks-gallery-grid\"><li class=\"blocks-gallery-item\"><figure><a href=\"https:\/\/www.rezeau.org\/wp-garden\/wp-content\/uploads\/H-IMGP3523.jpg\" rel=\"lightbox[10144]\"><img loading=\"lazy\" decoding=\"async\" width=\"800\" height=\"800\" src=\"https:\/\/www.rezeau.org\/wp-garden\/wp-content\/uploads\/H-IMGP3523.jpg\" alt=\"Couple de tarins des aulnes (m\u00e2les) dans le malus 'Evereste'.\" data-id=\"10138\" class=\"wp-image-10138\" srcset=\"https:\/\/www.rezeau.org\/wp-garden\/wp-content\/uploads\/H-IMGP3523.jpg 800w, https:\/\/www.rezeau.org\/wp-garden\/wp-content\/uploads\/H-IMGP3523-150x150.jpg 150w, https:\/\/www.rezeau.org\/wp-garden\/wp-content\/uploads\/H-IMGP3523-300x300.jpg 300w, https:\/\/www.rezeau.org\/wp-garden\/wp-content\/uploads\/H-IMGP3523-768x768.jpg 768w\" sizes=\"auto, (max-width: 800px) 100vw, 800px\" \/><\/a><\/figure><\/li><li class=\"blocks-gallery-item\"><figure><a href=\"https:\/\/www.rezeau.org\/wp-garden\/wp-content\/uploads\/H-IMGP3536.jpg\" rel=\"lightbox[10144]\"><img loading=\"lazy\" decoding=\"async\" width=\"800\" height=\"800\" src=\"https:\/\/www.rezeau.org\/wp-garden\/wp-content\/uploads\/H-IMGP3536.jpg\" alt=\"Tarin des aulnes (femelle) accroch\u00e9 sous une des &quot;cloches&quot; pour m\u00e9sanges...\" data-id=\"10137\" class=\"wp-image-10137\" srcset=\"https:\/\/www.rezeau.org\/wp-garden\/wp-content\/uploads\/H-IMGP3536.jpg 800w, https:\/\/www.rezeau.org\/wp-garden\/wp-content\/uploads\/H-IMGP3536-150x150.jpg 150w, https:\/\/www.rezeau.org\/wp-garden\/wp-content\/uploads\/H-IMGP3536-300x300.jpg 300w, https:\/\/www.rezeau.org\/wp-garden\/wp-content\/uploads\/H-IMGP3536-768x768.jpg 768w\" sizes=\"auto, (max-width: 800px) 100vw, 800px\" \/><\/a><\/figure><\/li><li class=\"blocks-gallery-item\"><figure><a href=\"https:\/\/www.rezeau.org\/wp-garden\/wp-content\/uploads\/H-IMGP3537.jpg\" rel=\"lightbox[10144]\"><img loading=\"lazy\" decoding=\"async\" width=\"800\" height=\"800\" src=\"https:\/\/www.rezeau.org\/wp-garden\/wp-content\/uploads\/H-IMGP3537.jpg\" alt=\"Pinson des arbres sur sa branche\" data-id=\"10136\" class=\"wp-image-10136\" srcset=\"https:\/\/www.rezeau.org\/wp-garden\/wp-content\/uploads\/H-IMGP3537.jpg 800w, https:\/\/www.rezeau.org\/wp-garden\/wp-content\/uploads\/H-IMGP3537-150x150.jpg 150w, https:\/\/www.rezeau.org\/wp-garden\/wp-content\/uploads\/H-IMGP3537-300x300.jpg 300w, https:\/\/www.rezeau.org\/wp-garden\/wp-content\/uploads\/H-IMGP3537-768x768.jpg 768w\" sizes=\"auto, (max-width: 800px) 100vw, 800px\" \/><\/a><\/figure><\/li><\/ul><\/figure>\n","protected":false},"excerpt":{"rendered":"<p>Depuis quelques jours un nouvel arrivant dans le jardin de papi Jo s&#8217;int\u00e9resse aux boules de graisse, il est aussi habile que les m\u00e9sanges et vient m\u00eame en famille, c&#8217;est le tarin des aulnes. Le pinson vient voir ce qui se passe, mais n&#8217;arrive pas du tout \u00e0 se nourrir&#8230;<\/p>\n<p class=\"continue-reading-button\"> <a class=\"continue-reading-link\" href=\"https:\/\/www.rezeau.org\/wp-garden\/fr\/quand-les-tarins-annoncent-le-printemps\/\">Continue reading<i class=\"crycon-right-dir\"><\/i><\/a><\/p>\n","protected":false},"author":2,"featured_media":0,"comment_status":"closed","ping_status":"closed","sticky":false,"template":"","format":"standard","meta":{"_acf_changed":false,"footnotes":""},"categories":[677],"tags":[1258],"class_list":["post-10144","post","type-post","status-publish","format-standard","hentry","category-journal-du-jardin","tag-oiseaux"],"acf":[],"_links":{"self":[{"href":"https:\/\/www.rezeau.org\/wp-garden\/wp-json\/wp\/v2\/posts\/10144","targetHints":{"allow":["GET"]}}],"collection":[{"href":"https:\/\/www.rezeau.org\/wp-garden\/wp-json\/wp\/v2\/posts"}],"about":[{"href":"https:\/\/www.rezeau.org\/wp-garden\/wp-json\/wp\/v2\/types\/post"}],"author":[{"embeddable":true,"href":"https:\/\/www.rezeau.org\/wp-garden\/wp-json\/wp\/v2\/users\/2"}],"replies":[{"embeddable":true,"href":"https:\/\/www.rezeau.org\/wp-garden\/wp-json\/wp\/v2\/comments?post=10144"}],"version-history":[{"count":0,"href":"https:\/\/www.rezeau.org\/wp-garden\/wp-json\/wp\/v2\/posts\/10144\/revisions"}],"wp:attachment":[{"href":"https:\/\/www.rezeau.org\/wp-garden\/wp-json\/wp\/v2\/media?parent=10144"}],"wp:term":[{"taxonomy":"category","embeddable":true,"href":"https:\/\/www.rezeau.org\/wp-garden\/wp-json\/wp\/v2\/categories?post=10144"},{"taxonomy":"post_tag","embeddable":true,"href":"https:\/\/www.rezeau.org\/wp-garden\/wp-json\/wp\/v2\/tags?post=10144"}],"curies":[{"name":"wp","href":"https:\/\/api.w.org\/{rel}","templated":true}]}}