
{"id":10501,"date":"2018-05-29T23:24:07","date_gmt":"2018-05-29T21:24:07","guid":{"rendered":"http:\/\/www.rezeau.org\/wp-garden\/?p=10501"},"modified":"2021-02-01T12:24:23","modified_gmt":"2021-02-01T11:24:23","slug":"nouvelles-plantes-au-jardin-au-printemps-2018","status":"publish","type":"post","link":"https:\/\/www.rezeau.org\/wp-garden\/fr\/nouvelles-plantes-au-jardin-au-printemps-2018\/","title":{"rendered":"Nouvelles plantes au jardin au printemps 2018"},"content":{"rendered":"\n<div class=\"wp-block-columns is-layout-flex wp-container-core-columns-is-layout-9d6595d7 wp-block-columns-is-layout-flex\">\n<div class=\"wp-block-column is-layout-flow wp-block-column-is-layout-flow\" style=\"flex-basis:50%\">\n<div class=\"wp-block-image\"><figure class=\"alignleft size-large\"><a href=\"https:\/\/www.rezeau.org\/wp-garden\/wp-content\/uploads\/Parahebe-Kenty-Pink-24-05-2018.jpg\" rel=\"lightbox[10501]\"><img loading=\"lazy\" decoding=\"async\" width=\"800\" height=\"533\" src=\"https:\/\/www.rezeau.org\/wp-garden\/wp-content\/uploads\/Parahebe-Kenty-Pink-24-05-2018.jpg\" alt=\"Ann\u00e9e de plantation\" class=\"wp-image-10461\" srcset=\"https:\/\/www.rezeau.org\/wp-garden\/wp-content\/uploads\/Parahebe-Kenty-Pink-24-05-2018.jpg 800w, https:\/\/www.rezeau.org\/wp-garden\/wp-content\/uploads\/Parahebe-Kenty-Pink-24-05-2018-300x200.jpg 300w, https:\/\/www.rezeau.org\/wp-garden\/wp-content\/uploads\/Parahebe-Kenty-Pink-24-05-2018-768x512.jpg 768w\" sizes=\"auto, (max-width: 800px) 100vw, 800px\" \/><\/a><figcaption><em>Parahebe<\/em> &#8216;Kenty Pink&#8217; 24\/05\/2018<\/figcaption><\/figure><\/div>\n<\/div>\n\n\n\n<div class=\"wp-block-column is-layout-flow wp-block-column-is-layout-flow\" style=\"flex-basis:50%\">\n<p>Les carex install\u00e9s depuis 3 ans dans le parterre sud-Est \u00e9taient devenus vraiment trop envahissants, \u00e9touffant toutes les plantes voisines y compris les tulipes &#8216;Ang\u00e9lique&#8217;. Ils ont \u00e9t\u00e9 arrach\u00e9s &#8211; non sans mal &#8211; et donn\u00e9s \u00e0 une visiteuse poss\u00e9dant un grand terrain avec un talus \u00e0 meubler. Bon d\u00e9barras ! A leur place ont \u00e9t\u00e9 install\u00e9s : 4 sp\u00e9cimens de <a href=\"http:\/\/www.rezeau.org\/wp-garden\/en\/parahebe-kenty-pink-2\/\">parahebe &#8216;Kenty Pink&#8217;<\/a> ainsi que quelques s\u00e9dums.<\/p>\n<\/div>\n<\/div>\n\n\n\n<figure class=\"wp-block-gallery aligncenter columns-2 is-cropped wp-block-gallery-1 is-layout-flex wp-block-gallery-is-layout-flex\"><ul class=\"blocks-gallery-grid\"><li class=\"blocks-gallery-item\"><figure><a href=\"https:\/\/www.rezeau.org\/wp-garden\/wp-content\/uploads\/Tiarella-x-Pink-Skyrocket-08-05-2018.jpg\" rel=\"lightbox[10501]\"><img decoding=\"async\" src=\"https:\/\/www.rezeau.org\/wp-garden\/wp-content\/uploads\/Tiarella-x-Pink-Skyrocket-08-05-2018.jpg\" alt=\"\" data-id=\"10299\" class=\"wp-image-10299\"\/><\/a><figcaption class=\"blocks-gallery-item__caption\"><em>Tiarella x<\/em> &#8216;Pink Skyrocket&#8217; 08\/05\/2018<\/figcaption><\/figure><\/li><li class=\"blocks-gallery-item\"><figure><a href=\"https:\/\/www.rezeau.org\/wp-garden\/wp-content\/uploads\/Camellia-rosthorniana-Elina-Cupido-15-04-2018.jpg\" rel=\"lightbox[10501]\"><img decoding=\"async\" src=\"https:\/\/www.rezeau.org\/wp-garden\/wp-content\/uploads\/Camellia-rosthorniana-Elina-Cupido-15-04-2018.jpg\" alt=\"\" data-id=\"10179\" class=\"wp-image-10179\"\/><\/a><figcaption class=\"blocks-gallery-item__caption\"><em>Camellia rosthorniana<\/em> &#8216;Elina&#8217; \/ &#8216;Cupido&#8217; 15\/04\/2018<\/figcaption><\/figure><\/li><\/ul><\/figure>\n\n\n\n<p>La pergola a re\u00e7u de nouveaux h\u00f4tes : un <a href=\"http:\/\/www.rezeau.org\/wp-garden\/fr\/camellia-rosthorniana-elina-cupido\/\">cam\u00e9lia \u2018Cupido\u2019<\/a> aux gracieux port pleureur et portant de jolies petites fleurs; quelques nouvelles tiarellas &#8216;Pink Skyrocket&#8217; pour compl\u00e9ter les pr\u00e9c\u00e9dents tiarellas &#8216;Ninja&#8217; peu vigoureuses.<\/p>\n\n\n\n<figure class=\"wp-block-gallery aligncenter columns-2 is-cropped wp-block-gallery-2 is-layout-flex wp-block-gallery-is-layout-flex\"><ul class=\"blocks-gallery-grid\"><li class=\"blocks-gallery-item\"><figure><a href=\"https:\/\/www.rezeau.org\/wp-garden\/wp-content\/uploads\/Geranium-x-cantabrigiense-Cambridge-20-05-2018.jpg\" rel=\"lightbox[10501]\"><img loading=\"lazy\" decoding=\"async\" width=\"800\" height=\"533\" src=\"https:\/\/www.rezeau.org\/wp-garden\/wp-content\/uploads\/Geranium-x-cantabrigiense-Cambridge-20-05-2018.jpg\" alt=\"\u00e0 la plantation\" data-id=\"10281\" class=\"wp-image-10281\" srcset=\"https:\/\/www.rezeau.org\/wp-garden\/wp-content\/uploads\/Geranium-x-cantabrigiense-Cambridge-20-05-2018.jpg 800w, https:\/\/www.rezeau.org\/wp-garden\/wp-content\/uploads\/Geranium-x-cantabrigiense-Cambridge-20-05-2018-300x200.jpg 300w, https:\/\/www.rezeau.org\/wp-garden\/wp-content\/uploads\/Geranium-x-cantabrigiense-Cambridge-20-05-2018-768x512.jpg 768w\" sizes=\"auto, (max-width: 800px) 100vw, 800px\" \/><\/a><figcaption class=\"blocks-gallery-item__caption\"><em>Geranium x cantabrigiense<\/em> &#8216;Cambridge&#8217;<\/figcaption><\/figure><\/li><li class=\"blocks-gallery-item\"><figure><a href=\"https:\/\/www.rezeau.org\/wp-garden\/wp-content\/uploads\/Heuchera-x-Plum-Royale-08-05-2018.jpg\" rel=\"lightbox[10501]\"><img loading=\"lazy\" decoding=\"async\" width=\"800\" height=\"533\" src=\"https:\/\/www.rezeau.org\/wp-garden\/wp-content\/uploads\/Heuchera-x-Plum-Royale-08-05-2018.jpg\" alt=\"D\u00e9but floraison\" data-id=\"10292\" class=\"wp-image-10292\" srcset=\"https:\/\/www.rezeau.org\/wp-garden\/wp-content\/uploads\/Heuchera-x-Plum-Royale-08-05-2018.jpg 800w, https:\/\/www.rezeau.org\/wp-garden\/wp-content\/uploads\/Heuchera-x-Plum-Royale-08-05-2018-300x200.jpg 300w, https:\/\/www.rezeau.org\/wp-garden\/wp-content\/uploads\/Heuchera-x-Plum-Royale-08-05-2018-768x512.jpg 768w\" sizes=\"auto, (max-width: 800px) 100vw, 800px\" \/><\/a><figcaption class=\"blocks-gallery-item__caption\"><em>Heuchera x<\/em> &#8216;Plum Royale&#8217; 08\/05\/2018<\/figcaption><\/figure><\/li><\/ul><\/figure>\n\n\n\n<p>Dans la bordure Est, le tout dernier sp\u00e9cimen d&#8217;heuch\u00e8re &#8216;Green Spice&#8217; a \u00e9t\u00e9 lui aussi victime des <del>ornithorynques<\/del> otiorhynques, et les sp\u00e9cimens survivants du g\u00e9ranium &#8216;Mavis Simpson&#8217; toujours aussi minables ont fait place \u00e0 3 sp\u00e9cimens de <a href=\"http:\/\/www.rezeau.org\/wp-garden\/fr\/geranium-x-cantabrigiense-cambridge\/\">g\u00e9ranium vivace &#8216;Cambridge&#8217;<\/a> \u00e0 la bien jolie floraison pr\u00e9coce. Un peu plus au sud dans la m\u00eame bordure ont pris place 2 sp\u00e9cimens d&#8217;une nouvelle <a href=\"https:\/\/www.rezeau.org\/wp-garden\/fr\/heuchera-plum-royale\/\" data-type=\"page\" data-id=\"10192\">heuch\u00e8re \u2018Plum Royale\u2019<\/a> au feuillage original et \u00e0 la belle floraison.<\/p>\n\n\n\n<div class=\"wp-block-columns is-layout-flex wp-container-core-columns-is-layout-9d6595d7 wp-block-columns-is-layout-flex\">\n<div class=\"wp-block-column is-layout-flow wp-block-column-is-layout-flow\" style=\"flex-basis:50%\">\n<div class=\"wp-block-image\"><figure class=\"alignleft size-full\"><a href=\"http:\/\/www.rezeau.org\/wp-garden\/wp-content\/uploads\/Hebe-Baby-Marie-18-04-2018.jpg\" rel=\"lightbox[10501]\"><img loading=\"lazy\" decoding=\"async\" width=\"800\" height=\"533\" src=\"https:\/\/www.rezeau.org\/wp-garden\/wp-content\/uploads\/Hebe-Baby-Marie-18-04-2018.jpg\" alt=\"juste plant\u00e9e bordure Ouest\" class=\"wp-image-10173\" srcset=\"https:\/\/www.rezeau.org\/wp-garden\/wp-content\/uploads\/Hebe-Baby-Marie-18-04-2018.jpg 800w, https:\/\/www.rezeau.org\/wp-garden\/wp-content\/uploads\/Hebe-Baby-Marie-18-04-2018-300x200.jpg 300w, https:\/\/www.rezeau.org\/wp-garden\/wp-content\/uploads\/Hebe-Baby-Marie-18-04-2018-768x512.jpg 768w\" sizes=\"auto, (max-width: 800px) 100vw, 800px\" \/><\/a><figcaption><em>Hebe<\/em> Baby Marie 18\/04\/2018<\/figcaption><\/figure><\/div>\n<\/div>\n\n\n\n<div class=\"wp-block-column is-layout-flow wp-block-column-is-layout-flow\" style=\"flex-basis:50%\">\n<p>Dans la bordure Ouest, en remplacement de <em>Polygala&nbsp;myrtifolia<\/em> qui n\u2019a pas pass\u00e9 l\u2019hiver (comme pr\u00e9vu d&#8217;ailleurs) ont pris place deux sp\u00e9cimens d&#8217;une petite <a href=\"http:\/\/www.rezeau.org\/wp-garden\/fr\/hebe-baby-marie\/\">v\u00e9ronique &#8216;Baby Marie&#8217;<\/a>.<\/p>\n<\/div>\n<\/div>\n\n\n\n<p>Pour meubler le vide laiss\u00e9 par les campanules glomerata crev\u00e9es, de petites campanules des murailles bleues.<\/p>\n","protected":false},"excerpt":{"rendered":"<p>Les carex install\u00e9s depuis 3 ans dans le parterre sud-Est \u00e9taient devenus vraiment trop envahissants, \u00e9touffant toutes les plantes voisines y compris les tulipes &#8216;Ang\u00e9lique&#8217;. Ils ont \u00e9t\u00e9 arrach\u00e9s &#8211; non sans mal &#8211; et donn\u00e9s \u00e0 une visiteuse poss\u00e9dant un grand terrain avec un talus \u00e0 meubler. Bon d\u00e9barras&#8230;<\/p>\n<p class=\"continue-reading-button\"> <a class=\"continue-reading-link\" href=\"https:\/\/www.rezeau.org\/wp-garden\/fr\/nouvelles-plantes-au-jardin-au-printemps-2018\/\">Continue reading<i class=\"crycon-right-dir\"><\/i><\/a><\/p>\n","protected":false},"author":2,"featured_media":0,"comment_status":"closed","ping_status":"closed","sticky":false,"template":"","format":"standard","meta":{"_acf_changed":false,"footnotes":""},"categories":[677],"tags":[],"class_list":["post-10501","post","type-post","status-publish","format-standard","hentry","category-journal-du-jardin"],"acf":[],"_links":{"self":[{"href":"https:\/\/www.rezeau.org\/wp-garden\/wp-json\/wp\/v2\/posts\/10501","targetHints":{"allow":["GET"]}}],"collection":[{"href":"https:\/\/www.rezeau.org\/wp-garden\/wp-json\/wp\/v2\/posts"}],"about":[{"href":"https:\/\/www.rezeau.org\/wp-garden\/wp-json\/wp\/v2\/types\/post"}],"author":[{"embeddable":true,"href":"https:\/\/www.rezeau.org\/wp-garden\/wp-json\/wp\/v2\/users\/2"}],"replies":[{"embeddable":true,"href":"https:\/\/www.rezeau.org\/wp-garden\/wp-json\/wp\/v2\/comments?post=10501"}],"version-history":[{"count":0,"href":"https:\/\/www.rezeau.org\/wp-garden\/wp-json\/wp\/v2\/posts\/10501\/revisions"}],"wp:attachment":[{"href":"https:\/\/www.rezeau.org\/wp-garden\/wp-json\/wp\/v2\/media?parent=10501"}],"wp:term":[{"taxonomy":"category","embeddable":true,"href":"https:\/\/www.rezeau.org\/wp-garden\/wp-json\/wp\/v2\/categories?post=10501"},{"taxonomy":"post_tag","embeddable":true,"href":"https:\/\/www.rezeau.org\/wp-garden\/wp-json\/wp\/v2\/tags?post=10501"}],"curies":[{"name":"wp","href":"https:\/\/api.w.org\/{rel}","templated":true}]}}