
{"id":10584,"date":"2018-06-05T17:43:26","date_gmt":"2018-06-05T15:43:26","guid":{"rendered":"http:\/\/www.rezeau.org\/wp-garden\/?p=10584"},"modified":"2021-02-01T12:13:35","modified_gmt":"2021-02-01T11:13:35","slug":"bienvenue-dans-mon-jardin-2","status":"publish","type":"post","link":"https:\/\/www.rezeau.org\/wp-garden\/fr\/bienvenue-dans-mon-jardin-2\/","title":{"rendered":"Venez visiter le jardin de papi Jo en 2018 !"},"content":{"rendered":"\n<div class=\"wp-block-image\"><figure class=\"aligncenter size-full\"><a href=\"http:\/\/www.rezeau.org\/wp-garden\/wp-content\/uploads\/28-05-2018.jpg\" rel=\"lightbox[10584]\"><img loading=\"lazy\" decoding=\"async\" width=\"1024\" height=\"683\" src=\"https:\/\/www.rezeau.org\/wp-garden\/wp-content\/uploads\/28-05-2018.jpg\" alt=\"Mixed border Ouest\" class=\"wp-image-10470\" srcset=\"https:\/\/www.rezeau.org\/wp-garden\/wp-content\/uploads\/28-05-2018.jpg 1024w, https:\/\/www.rezeau.org\/wp-garden\/wp-content\/uploads\/28-05-2018-300x200.jpg 300w, https:\/\/www.rezeau.org\/wp-garden\/wp-content\/uploads\/28-05-2018-768x512.jpg 768w\" sizes=\"auto, (max-width: 1024px) 100vw, 1024px\" \/><\/a><figcaption>28\/05\/2018<\/figcaption><\/figure><\/div>\n\n\n\n<p>Cette ann\u00e9e encore, le jardin de papi Jo participe \u00e0 l&#8217;op\u00e9ration &#8220;Ouvrons nos jardins&#8221; organis\u00e9e par le <a href=\"http:\/\/www.cehapi.org\/ouvrons-nos-jardins-saison-4-troc-de-plants-le-samedi-2-juin\/\">C\u00eahapi<\/a> et les <a href=\"https:\/\/www.jardiniersbretilliens.fr\/\">Jardiniers Br\u00e9tilliens<\/a>. Le jardin sera <strong>ouvert aux visiteurs le samedi 16 juin<\/strong> Le matin de 9\u00a0h\u00a030 \u00e0 12\u00a0h\u00a030 et l\u2019apr\u00e8s-midi de 14\u00a0h \u00e0 18\u00a0h.<\/p>\n\n\n\n<p>Presque en face de chez papi Jo, de l\u2019autre c\u00f4t\u00e9 de la rue, nous vous recommandons <strong>un tr\u00e8s bon restaurant ouvert le samedi et le dimanche midi<\/strong> : Chez Philippe. Il est prudent de r\u00e9server.<\/p>\n\n\n\n<p>A bient\u00f4t !<\/p>\n","protected":false},"excerpt":{"rendered":"<p>Cette ann\u00e9e encore, le jardin de papi Jo participe \u00e0 l&#8217;op\u00e9ration &#8220;Ouvrons nos jardins&#8221; organis\u00e9e par le C\u00eahapi et les Jardiniers Br\u00e9tilliens. Le jardin sera ouvert aux visiteurs le samedi 16 juin Le matin de 9\u00a0h\u00a030 \u00e0 12\u00a0h\u00a030 et l\u2019apr\u00e8s-midi de 14\u00a0h \u00e0 18\u00a0h. Presque en face de chez papi&#8230;<\/p>\n<p class=\"continue-reading-button\"> <a class=\"continue-reading-link\" href=\"https:\/\/www.rezeau.org\/wp-garden\/fr\/bienvenue-dans-mon-jardin-2\/\">Continue reading<i class=\"crycon-right-dir\"><\/i><\/a><\/p>\n","protected":false},"author":2,"featured_media":0,"comment_status":"closed","ping_status":"closed","sticky":false,"template":"","format":"standard","meta":{"_acf_changed":false,"footnotes":""},"categories":[677],"tags":[1486],"class_list":["post-10584","post","type-post","status-publish","format-standard","hentry","category-journal-du-jardin","tag-visites"],"acf":[],"_links":{"self":[{"href":"https:\/\/www.rezeau.org\/wp-garden\/wp-json\/wp\/v2\/posts\/10584","targetHints":{"allow":["GET"]}}],"collection":[{"href":"https:\/\/www.rezeau.org\/wp-garden\/wp-json\/wp\/v2\/posts"}],"about":[{"href":"https:\/\/www.rezeau.org\/wp-garden\/wp-json\/wp\/v2\/types\/post"}],"author":[{"embeddable":true,"href":"https:\/\/www.rezeau.org\/wp-garden\/wp-json\/wp\/v2\/users\/2"}],"replies":[{"embeddable":true,"href":"https:\/\/www.rezeau.org\/wp-garden\/wp-json\/wp\/v2\/comments?post=10584"}],"version-history":[{"count":0,"href":"https:\/\/www.rezeau.org\/wp-garden\/wp-json\/wp\/v2\/posts\/10584\/revisions"}],"wp:attachment":[{"href":"https:\/\/www.rezeau.org\/wp-garden\/wp-json\/wp\/v2\/media?parent=10584"}],"wp:term":[{"taxonomy":"category","embeddable":true,"href":"https:\/\/www.rezeau.org\/wp-garden\/wp-json\/wp\/v2\/categories?post=10584"},{"taxonomy":"post_tag","embeddable":true,"href":"https:\/\/www.rezeau.org\/wp-garden\/wp-json\/wp\/v2\/tags?post=10584"}],"curies":[{"name":"wp","href":"https:\/\/api.w.org\/{rel}","templated":true}]}}