
{"id":11698,"date":"2019-04-01T11:44:32","date_gmt":"2019-04-01T09:44:32","guid":{"rendered":"http:\/\/www.rezeau.org\/wp-garden\/?p=11698"},"modified":"2021-01-31T18:26:18","modified_gmt":"2021-01-31T17:26:18","slug":"un-ovni-survole-le-jardin-de-papi-jo","status":"publish","type":"post","link":"https:\/\/www.rezeau.org\/wp-garden\/fr\/un-ovni-survole-le-jardin-de-papi-jo\/","title":{"rendered":"Un OVNI survole le jardin de papi Jo !"},"content":{"rendered":"\n<p>Le 1er avril 2017 <a href=\"http:\/\/www.rezeau.org\/wp-garden\/fr\/pluie-dovnis-sur-le-jardin-de-papi-jo\/\">une pluie d&#8217;OVNIs<\/a> s&#8217;\u00e9tait abattue sur le jardin de papi Jo. Cette ann\u00e9e le jardin a \u00e9t\u00e9 survol\u00e9 par un \u00e9trange engin. Qu&#8217;\u00e9tait-ce donc ?<\/p>\n\n\n\n<p>Des extra-terrestres fans de jardinage ? Des \u00e9tudiants en paysagisme qui viennent piquer des id\u00e9es pour un m\u00e9moire ? L&#8217;\u00e9mission &#8220;Silence \u00e7a pousse&#8221; en rep\u00e9rage pour proposer un &#8220;pas de panique chez papi Jo&#8221; ? Un envoy\u00e9 sp\u00e9cial de Monsanto qui vient asperger la pelouse de glyphosate pour se venger des remarques d\u00e9sobligeantes de papi Jo \u00e0 propos de ses excellents produits d\u00e9sherbants ? Un jardinier de Versailles venu espionner le minable petit jardin d&#8217;un jaloux qui ose se moquer de son chef, le sublime jardinier en chef ?<\/p>\n\n\n\n<p>On s&#8217;interroge&#8230;<\/p>\n\n\n\n<div class=\"wp-block-image\"><figure class=\"alignleft\"><a href=\"http:\/\/www.rezeau.org\/wp-garden\/wp-content\/uploads\/31-03-2019.jpg\" rel=\"lightbox[11698]\"><img loading=\"lazy\" decoding=\"async\" width=\"300\" height=\"200\" src=\"http:\/\/www.rezeau.org\/wp-garden\/wp-content\/uploads\/31-03-2019-300x200.jpg\" alt=\"\" class=\"wp-image-11699\" srcset=\"https:\/\/www.rezeau.org\/wp-garden\/wp-content\/uploads\/31-03-2019-300x200.jpg 300w, https:\/\/www.rezeau.org\/wp-garden\/wp-content\/uploads\/31-03-2019-768x512.jpg 768w, https:\/\/www.rezeau.org\/wp-garden\/wp-content\/uploads\/31-03-2019.jpg 1024w\" sizes=\"auto, (max-width: 300px) 100vw, 300px\" \/><\/a><figcaption>Clic sur l&#8217;image pour l&#8217;agrandir<\/figcaption><\/figure><\/div>\n","protected":false},"excerpt":{"rendered":"<p>Le 1er avril 2017 une pluie d&#8217;OVNIs s&#8217;\u00e9tait abattue sur le jardin de papi Jo. Cette ann\u00e9e le jardin a \u00e9t\u00e9 survol\u00e9 par un \u00e9trange engin. Qu&#8217;\u00e9tait-ce donc ? Des extra-terrestres fans de jardinage ? Des \u00e9tudiants en paysagisme qui viennent piquer des id\u00e9es pour un m\u00e9moire ? L&#8217;\u00e9mission &#8220;Silence&#8230;<\/p>\n<p class=\"continue-reading-button\"> <a class=\"continue-reading-link\" href=\"https:\/\/www.rezeau.org\/wp-garden\/fr\/un-ovni-survole-le-jardin-de-papi-jo\/\">Continue reading<i class=\"crycon-right-dir\"><\/i><\/a><\/p>\n","protected":false},"author":2,"featured_media":0,"comment_status":"closed","ping_status":"closed","sticky":false,"template":"","format":"standard","meta":{"_acf_changed":false,"footnotes":""},"categories":[677],"tags":[2487],"class_list":["post-11698","post","type-post","status-publish","format-standard","hentry","category-journal-du-jardin","tag-insolite"],"acf":[],"_links":{"self":[{"href":"https:\/\/www.rezeau.org\/wp-garden\/wp-json\/wp\/v2\/posts\/11698","targetHints":{"allow":["GET"]}}],"collection":[{"href":"https:\/\/www.rezeau.org\/wp-garden\/wp-json\/wp\/v2\/posts"}],"about":[{"href":"https:\/\/www.rezeau.org\/wp-garden\/wp-json\/wp\/v2\/types\/post"}],"author":[{"embeddable":true,"href":"https:\/\/www.rezeau.org\/wp-garden\/wp-json\/wp\/v2\/users\/2"}],"replies":[{"embeddable":true,"href":"https:\/\/www.rezeau.org\/wp-garden\/wp-json\/wp\/v2\/comments?post=11698"}],"version-history":[{"count":0,"href":"https:\/\/www.rezeau.org\/wp-garden\/wp-json\/wp\/v2\/posts\/11698\/revisions"}],"wp:attachment":[{"href":"https:\/\/www.rezeau.org\/wp-garden\/wp-json\/wp\/v2\/media?parent=11698"}],"wp:term":[{"taxonomy":"category","embeddable":true,"href":"https:\/\/www.rezeau.org\/wp-garden\/wp-json\/wp\/v2\/categories?post=11698"},{"taxonomy":"post_tag","embeddable":true,"href":"https:\/\/www.rezeau.org\/wp-garden\/wp-json\/wp\/v2\/tags?post=11698"}],"curies":[{"name":"wp","href":"https:\/\/api.w.org\/{rel}","templated":true}]}}