
{"id":11708,"date":"2019-04-02T23:42:23","date_gmt":"2019-04-02T21:42:23","guid":{"rendered":"http:\/\/www.rezeau.org\/wp-garden\/?p=11708"},"modified":"2021-01-31T18:24:30","modified_gmt":"2021-01-31T17:24:30","slug":"le-jardin-de-papi-jo-a-ete-drone","status":"publish","type":"post","link":"https:\/\/www.rezeau.org\/wp-garden\/fr\/le-jardin-de-papi-jo-a-ete-drone\/","title":{"rendered":"Le jardin de papi Jo a \u00e9t\u00e9 &#8220;dron\u00e9&#8221;"},"content":{"rendered":"\n<p>Myst\u00e8re r\u00e9solu : cet &#8220;OVNI&#8221; \u00e9tait bien un drone, pilot\u00e9 par un jeune voisin &#8220;geek&#8221; dont c&#8217;\u00e9tait le cadeau de No\u00ebl. Pour ce premier survol on s&#8217;est content\u00e9 d&#8217;une photo a\u00e9rienne de l&#8217;ensemble du jardin. J&#8217;esp\u00e8re qu&#8217;on poursuivra l&#8217;exp\u00e9rience avec des visites virtuelles en vid\u00e9o. Vu du ciel le gazon n&#8217;est pas aussi vert que vu au niveau du sol. Vivement la pluie !<\/p>\n\n\n\n<p>Cliquez sur la photo pour l&#8217;agrandir.<\/p>\n\n\n\n<div class=\"wp-block-image\"><figure class=\"alignleft\"><a href=\"http:\/\/www.rezeau.org\/wp-garden\/wp-content\/uploads\/31-03-2019-2.jpg\" rel=\"lightbox[11708]\"><img loading=\"lazy\" decoding=\"async\" width=\"300\" height=\"200\" src=\"http:\/\/www.rezeau.org\/wp-garden\/wp-content\/uploads\/31-03-2019-2-300x200.jpg\" alt=\"\" class=\"wp-image-11700\" srcset=\"https:\/\/www.rezeau.org\/wp-garden\/wp-content\/uploads\/31-03-2019-2-300x200.jpg 300w, https:\/\/www.rezeau.org\/wp-garden\/wp-content\/uploads\/31-03-2019-2-768x512.jpg 768w, https:\/\/www.rezeau.org\/wp-garden\/wp-content\/uploads\/31-03-2019-2.jpg 1024w\" sizes=\"auto, (max-width: 300px) 100vw, 300px\" \/><\/a><figcaption>Vue a\u00e9rienne du jardin de papi Jo<\/figcaption><\/figure><\/div>\n","protected":false},"excerpt":{"rendered":"<p>Myst\u00e8re r\u00e9solu : cet &#8220;OVNI&#8221; \u00e9tait bien un drone, pilot\u00e9 par un jeune voisin &#8220;geek&#8221; dont c&#8217;\u00e9tait le cadeau de No\u00ebl. Pour ce premier survol on s&#8217;est content\u00e9 d&#8217;une photo a\u00e9rienne de l&#8217;ensemble du jardin. J&#8217;esp\u00e8re qu&#8217;on poursuivra l&#8217;exp\u00e9rience avec des visites virtuelles en vid\u00e9o. Vu du ciel le gazon&#8230;<\/p>\n<p class=\"continue-reading-button\"> <a class=\"continue-reading-link\" href=\"https:\/\/www.rezeau.org\/wp-garden\/fr\/le-jardin-de-papi-jo-a-ete-drone\/\">Continue reading<i class=\"crycon-right-dir\"><\/i><\/a><\/p>\n","protected":false},"author":2,"featured_media":0,"comment_status":"closed","ping_status":"closed","sticky":false,"template":"","format":"standard","meta":{"_acf_changed":false,"footnotes":""},"categories":[677],"tags":[],"class_list":["post-11708","post","type-post","status-publish","format-standard","hentry","category-journal-du-jardin"],"acf":[],"_links":{"self":[{"href":"https:\/\/www.rezeau.org\/wp-garden\/wp-json\/wp\/v2\/posts\/11708","targetHints":{"allow":["GET"]}}],"collection":[{"href":"https:\/\/www.rezeau.org\/wp-garden\/wp-json\/wp\/v2\/posts"}],"about":[{"href":"https:\/\/www.rezeau.org\/wp-garden\/wp-json\/wp\/v2\/types\/post"}],"author":[{"embeddable":true,"href":"https:\/\/www.rezeau.org\/wp-garden\/wp-json\/wp\/v2\/users\/2"}],"replies":[{"embeddable":true,"href":"https:\/\/www.rezeau.org\/wp-garden\/wp-json\/wp\/v2\/comments?post=11708"}],"version-history":[{"count":0,"href":"https:\/\/www.rezeau.org\/wp-garden\/wp-json\/wp\/v2\/posts\/11708\/revisions"}],"wp:attachment":[{"href":"https:\/\/www.rezeau.org\/wp-garden\/wp-json\/wp\/v2\/media?parent=11708"}],"wp:term":[{"taxonomy":"category","embeddable":true,"href":"https:\/\/www.rezeau.org\/wp-garden\/wp-json\/wp\/v2\/categories?post=11708"},{"taxonomy":"post_tag","embeddable":true,"href":"https:\/\/www.rezeau.org\/wp-garden\/wp-json\/wp\/v2\/tags?post=11708"}],"curies":[{"name":"wp","href":"https:\/\/api.w.org\/{rel}","templated":true}]}}