
{"id":13276,"date":"2020-02-08T16:23:37","date_gmt":"2020-02-08T15:23:37","guid":{"rendered":"http:\/\/www.rezeau.org\/wp-garden\/?p=13276"},"modified":"2021-01-31T14:17:31","modified_gmt":"2021-01-31T13:17:31","slug":"bouquet-du-8-fevrier-2020","status":"publish","type":"post","link":"https:\/\/www.rezeau.org\/wp-garden\/fr\/bouquet-du-8-fevrier-2020\/","title":{"rendered":"Bouquet du 8 f\u00e9vrier 2020"},"content":{"rendered":"\n<div class=\"wp-block-image\"><figure class=\"alignleft\"><a href=\"https:\/\/www.rezeau.org\/wp-garden\/wp-content\/uploads\/20200208_154322-scaled.jpg\" rel=\"lightbox[13276]\"><img loading=\"lazy\" decoding=\"async\" width=\"169\" height=\"300\" src=\"http:\/\/www.rezeau.org\/wp-garden\/wp-content\/uploads\/20200208_154322-169x300.jpg\" alt=\"\" class=\"wp-image-13274\" srcset=\"https:\/\/www.rezeau.org\/wp-garden\/wp-content\/uploads\/20200208_154322-169x300.jpg 169w, https:\/\/www.rezeau.org\/wp-garden\/wp-content\/uploads\/20200208_154322-scaled.jpg 1440w\" sizes=\"auto, (max-width: 169px) 100vw, 169px\" \/><\/a><\/figure><\/div>\n\n\n\n<p>Bouquet de la f\u00eate de sainte Jacqueline, enti\u00e8rement compos\u00e9 de fleurs du jardin.<br style=\"clear: both;\"><\/p>\n","protected":false},"excerpt":{"rendered":"<p>Bouquet de la f\u00eate de sainte Jacqueline, enti\u00e8rement compos\u00e9 de fleurs du jardin.<\/p>\n<p class=\"continue-reading-button\"> <a class=\"continue-reading-link\" href=\"https:\/\/www.rezeau.org\/wp-garden\/fr\/bouquet-du-8-fevrier-2020\/\">Continue reading<i class=\"crycon-right-dir\"><\/i><\/a><\/p>\n","protected":false},"author":2,"featured_media":0,"comment_status":"closed","ping_status":"closed","sticky":false,"template":"","format":"standard","meta":{"_acf_changed":false,"footnotes":""},"categories":[677],"tags":[],"class_list":["post-13276","post","type-post","status-publish","format-standard","hentry","category-journal-du-jardin"],"acf":[],"_links":{"self":[{"href":"https:\/\/www.rezeau.org\/wp-garden\/wp-json\/wp\/v2\/posts\/13276","targetHints":{"allow":["GET"]}}],"collection":[{"href":"https:\/\/www.rezeau.org\/wp-garden\/wp-json\/wp\/v2\/posts"}],"about":[{"href":"https:\/\/www.rezeau.org\/wp-garden\/wp-json\/wp\/v2\/types\/post"}],"author":[{"embeddable":true,"href":"https:\/\/www.rezeau.org\/wp-garden\/wp-json\/wp\/v2\/users\/2"}],"replies":[{"embeddable":true,"href":"https:\/\/www.rezeau.org\/wp-garden\/wp-json\/wp\/v2\/comments?post=13276"}],"version-history":[{"count":0,"href":"https:\/\/www.rezeau.org\/wp-garden\/wp-json\/wp\/v2\/posts\/13276\/revisions"}],"wp:attachment":[{"href":"https:\/\/www.rezeau.org\/wp-garden\/wp-json\/wp\/v2\/media?parent=13276"}],"wp:term":[{"taxonomy":"category","embeddable":true,"href":"https:\/\/www.rezeau.org\/wp-garden\/wp-json\/wp\/v2\/categories?post=13276"},{"taxonomy":"post_tag","embeddable":true,"href":"https:\/\/www.rezeau.org\/wp-garden\/wp-json\/wp\/v2\/tags?post=13276"}],"curies":[{"name":"wp","href":"https:\/\/api.w.org\/{rel}","templated":true}]}}