
{"id":13429,"date":"2020-03-01T16:27:16","date_gmt":"2020-03-01T15:27:16","guid":{"rendered":"http:\/\/www.rezeau.org\/wp-garden\/?p=13429"},"modified":"2021-01-31T11:39:53","modified_gmt":"2021-01-31T10:39:53","slug":"vive-le-printemps","status":"publish","type":"post","link":"https:\/\/www.rezeau.org\/wp-garden\/fr\/vive-le-printemps\/","title":{"rendered":"Vive le printemps !"},"content":{"rendered":"\n<p>Vive le printemps &#8230; m\u00e9t\u00e9orologique.<\/p>\n\n\n\n<blockquote class=\"wp-block-quote is-layout-flow wp-block-quote-is-layout-flow\"><p>Du point de vue m\u00e9t\u00e9orologique, le printemps est une demi-saison se situant entre la saison froide et la saison chaude. Du point de vue m\u00e9t\u00e9orologique, il se caract\u00e9rise par une variation entre les temp\u00e9ratures froides de l&#8217;hiver pass\u00e9 et les temp\u00e9ratures chaudes de l&#8217;\u00e9t\u00e9 qui suit. Dans l&#8217;h\u00e9misph\u00e8re nord, il comprend donc les mois de mars, avril et mai, pr\u00e9cis\u00e9ment en m\u00e9t\u00e9orologie, commen\u00e7ant le 1er mars et se terminant le 31 mai. <a href=\"https:\/\/fr.wikipedia.org\/wiki\/Printemps\" target=\"_blank\" rel=\"noreferrer noopener\">Wikipedia<\/a>.<\/p><\/blockquote>\n\n\n\n<p>Quelques fleurs annon\u00e7ant le printemps dans le jardin de papi Jo :<\/p>\n\n\n\n<figure class=\"wp-block-gallery aligncenter columns-3 is-cropped wp-block-gallery-1 is-layout-flex wp-block-gallery-is-layout-flex\"><ul class=\"blocks-gallery-grid\"><li class=\"blocks-gallery-item\"><figure><a href=\"https:\/\/www.rezeau.org\/wp-garden\/wp-content\/uploads\/I-IMGP3581.jpg\" rel=\"lightbox[13429]\"><img loading=\"lazy\" decoding=\"async\" width=\"800\" height=\"533\" src=\"https:\/\/www.rezeau.org\/wp-garden\/wp-content\/uploads\/I-IMGP3581.jpg\" alt=\"Tout d\u00e9but floraison d\u00e9but mars\" data-id=\"13432\" class=\"wp-image-13432\" srcset=\"https:\/\/www.rezeau.org\/wp-garden\/wp-content\/uploads\/I-IMGP3581.jpg 800w, https:\/\/www.rezeau.org\/wp-garden\/wp-content\/uploads\/I-IMGP3581-300x200.jpg 300w, https:\/\/www.rezeau.org\/wp-garden\/wp-content\/uploads\/I-IMGP3581-768x512.jpg 768w\" sizes=\"auto, (max-width: 800px) 100vw, 800px\" \/><\/a><figcaption class=\"blocks-gallery-item__caption\"><em>Chionodoxa forbesii<\/em><\/figcaption><\/figure><\/li><li class=\"blocks-gallery-item\"><figure><a href=\"https:\/\/www.rezeau.org\/wp-garden\/wp-content\/uploads\/I-IMGP3590.jpg\" rel=\"lightbox[13429]\"><img loading=\"lazy\" decoding=\"async\" width=\"800\" height=\"533\" src=\"https:\/\/www.rezeau.org\/wp-garden\/wp-content\/uploads\/I-IMGP3590.jpg\" alt=\"1er jour du printemps m\u00e9t\u00e9oroloqique\" data-id=\"13431\" class=\"wp-image-13431\" srcset=\"https:\/\/www.rezeau.org\/wp-garden\/wp-content\/uploads\/I-IMGP3590.jpg 800w, https:\/\/www.rezeau.org\/wp-garden\/wp-content\/uploads\/I-IMGP3590-300x200.jpg 300w, https:\/\/www.rezeau.org\/wp-garden\/wp-content\/uploads\/I-IMGP3590-768x512.jpg 768w\" sizes=\"auto, (max-width: 800px) 100vw, 800px\" \/><\/a><figcaption class=\"blocks-gallery-item__caption\"><em>Rosmarinus officinalis<\/em> &#8216;Pointe du Raz&#8217;<\/figcaption><\/figure><\/li><li class=\"blocks-gallery-item\"><figure><a href=\"https:\/\/www.rezeau.org\/wp-garden\/wp-content\/uploads\/I-IMGP3591.jpg\" rel=\"lightbox[13429]\"><img loading=\"lazy\" decoding=\"async\" width=\"800\" height=\"533\" src=\"https:\/\/www.rezeau.org\/wp-garden\/wp-content\/uploads\/I-IMGP3591.jpg\" alt=\"1er jour du printemps m\u00e9t\u00e9oroloqique\" data-id=\"13430\" class=\"wp-image-13430\" srcset=\"https:\/\/www.rezeau.org\/wp-garden\/wp-content\/uploads\/I-IMGP3591.jpg 800w, https:\/\/www.rezeau.org\/wp-garden\/wp-content\/uploads\/I-IMGP3591-300x200.jpg 300w, https:\/\/www.rezeau.org\/wp-garden\/wp-content\/uploads\/I-IMGP3591-768x512.jpg 768w\" sizes=\"auto, (max-width: 800px) 100vw, 800px\" \/><\/a><figcaption class=\"blocks-gallery-item__caption\"><em>Camellia Japonica x williamsii<\/em> &#8216;Buttons &amp; Bows&#8217;<\/figcaption><\/figure><\/li><\/ul><\/figure>\n","protected":false},"excerpt":{"rendered":"<p>Vive le printemps &#8230; m\u00e9t\u00e9orologique. Du point de vue m\u00e9t\u00e9orologique, le printemps est une demi-saison se situant entre la saison froide et la saison chaude. Du point de vue m\u00e9t\u00e9orologique, il se caract\u00e9rise par une variation entre les temp\u00e9ratures froides de l&#8217;hiver pass\u00e9 et les temp\u00e9ratures chaudes de l&#8217;\u00e9t\u00e9 qui&#8230;<\/p>\n<p class=\"continue-reading-button\"> <a class=\"continue-reading-link\" href=\"https:\/\/www.rezeau.org\/wp-garden\/fr\/vive-le-printemps\/\">Continue reading<i class=\"crycon-right-dir\"><\/i><\/a><\/p>\n","protected":false},"author":2,"featured_media":0,"comment_status":"closed","ping_status":"closed","sticky":false,"template":"","format":"standard","meta":{"_acf_changed":false,"footnotes":""},"categories":[677],"tags":[],"class_list":["post-13429","post","type-post","status-publish","format-standard","hentry","category-journal-du-jardin"],"acf":[],"_links":{"self":[{"href":"https:\/\/www.rezeau.org\/wp-garden\/wp-json\/wp\/v2\/posts\/13429","targetHints":{"allow":["GET"]}}],"collection":[{"href":"https:\/\/www.rezeau.org\/wp-garden\/wp-json\/wp\/v2\/posts"}],"about":[{"href":"https:\/\/www.rezeau.org\/wp-garden\/wp-json\/wp\/v2\/types\/post"}],"author":[{"embeddable":true,"href":"https:\/\/www.rezeau.org\/wp-garden\/wp-json\/wp\/v2\/users\/2"}],"replies":[{"embeddable":true,"href":"https:\/\/www.rezeau.org\/wp-garden\/wp-json\/wp\/v2\/comments?post=13429"}],"version-history":[{"count":0,"href":"https:\/\/www.rezeau.org\/wp-garden\/wp-json\/wp\/v2\/posts\/13429\/revisions"}],"wp:attachment":[{"href":"https:\/\/www.rezeau.org\/wp-garden\/wp-json\/wp\/v2\/media?parent=13429"}],"wp:term":[{"taxonomy":"category","embeddable":true,"href":"https:\/\/www.rezeau.org\/wp-garden\/wp-json\/wp\/v2\/categories?post=13429"},{"taxonomy":"post_tag","embeddable":true,"href":"https:\/\/www.rezeau.org\/wp-garden\/wp-json\/wp\/v2\/tags?post=13429"}],"curies":[{"name":"wp","href":"https:\/\/api.w.org\/{rel}","templated":true}]}}