
{"id":13442,"date":"2020-03-06T18:08:52","date_gmt":"2020-03-06T17:08:52","guid":{"rendered":"http:\/\/www.rezeau.org\/wp-garden\/?p=13442"},"modified":"2021-01-31T11:35:24","modified_gmt":"2021-01-31T10:35:24","slug":"le-retour-du-tarin-des-aulnes","status":"publish","type":"post","link":"https:\/\/www.rezeau.org\/wp-garden\/fr\/le-retour-du-tarin-des-aulnes\/","title":{"rendered":"Le retour du tarin des aulnes"},"content":{"rendered":"\n<p>Les tarins des aulnes vus pour la premi\u00e8re fois en mars 2018 ont de nouveau trouv\u00e9 le chemin du jardin, et surtout des boules de graisses accroch\u00e9es dans le pommier !<\/p>\n\n\n\n<figure class=\"wp-block-gallery aligncenter columns-3 is-cropped wp-block-gallery-1 is-layout-flex wp-block-gallery-is-layout-flex\"><ul class=\"blocks-gallery-grid\"><li class=\"blocks-gallery-item\"><figure><a href=\"https:\/\/www.rezeau.org\/wp-garden\/wp-content\/uploads\/I-IMGP3609.jpg\" rel=\"lightbox[13442]\"><img loading=\"lazy\" decoding=\"async\" width=\"800\" height=\"800\" src=\"https:\/\/www.rezeau.org\/wp-garden\/wp-content\/uploads\/I-IMGP3609.jpg\" alt=\"\" data-id=\"13446\" class=\"wp-image-13446\" srcset=\"https:\/\/www.rezeau.org\/wp-garden\/wp-content\/uploads\/I-IMGP3609.jpg 800w, https:\/\/www.rezeau.org\/wp-garden\/wp-content\/uploads\/I-IMGP3609-300x300.jpg 300w, https:\/\/www.rezeau.org\/wp-garden\/wp-content\/uploads\/I-IMGP3609-150x150.jpg 150w, https:\/\/www.rezeau.org\/wp-garden\/wp-content\/uploads\/I-IMGP3609-768x768.jpg 768w\" sizes=\"auto, (max-width: 800px) 100vw, 800px\" \/><\/a><\/figure><\/li><li class=\"blocks-gallery-item\"><figure><a href=\"https:\/\/www.rezeau.org\/wp-garden\/wp-content\/uploads\/I-IMGP3611.jpg\" rel=\"lightbox[13442]\"><img loading=\"lazy\" decoding=\"async\" width=\"800\" height=\"800\" src=\"https:\/\/www.rezeau.org\/wp-garden\/wp-content\/uploads\/I-IMGP3611.jpg\" alt=\"\" data-id=\"13445\" class=\"wp-image-13445\" srcset=\"https:\/\/www.rezeau.org\/wp-garden\/wp-content\/uploads\/I-IMGP3611.jpg 800w, https:\/\/www.rezeau.org\/wp-garden\/wp-content\/uploads\/I-IMGP3611-300x300.jpg 300w, https:\/\/www.rezeau.org\/wp-garden\/wp-content\/uploads\/I-IMGP3611-150x150.jpg 150w, https:\/\/www.rezeau.org\/wp-garden\/wp-content\/uploads\/I-IMGP3611-768x768.jpg 768w\" sizes=\"auto, (max-width: 800px) 100vw, 800px\" \/><\/a><\/figure><\/li><li class=\"blocks-gallery-item\"><figure><a href=\"https:\/\/www.rezeau.org\/wp-garden\/wp-content\/uploads\/I-IMGP3606.jpg\" rel=\"lightbox[13442]\"><img loading=\"lazy\" decoding=\"async\" width=\"800\" height=\"800\" src=\"https:\/\/www.rezeau.org\/wp-garden\/wp-content\/uploads\/I-IMGP3606.jpg\" alt=\"\" data-id=\"13444\" class=\"wp-image-13444\" srcset=\"https:\/\/www.rezeau.org\/wp-garden\/wp-content\/uploads\/I-IMGP3606.jpg 800w, https:\/\/www.rezeau.org\/wp-garden\/wp-content\/uploads\/I-IMGP3606-300x300.jpg 300w, https:\/\/www.rezeau.org\/wp-garden\/wp-content\/uploads\/I-IMGP3606-150x150.jpg 150w, https:\/\/www.rezeau.org\/wp-garden\/wp-content\/uploads\/I-IMGP3606-768x768.jpg 768w\" sizes=\"auto, (max-width: 800px) 100vw, 800px\" \/><\/a><\/figure><\/li><\/ul><figcaption class=\"blocks-gallery-caption\">Tarins des aulnes<\/figcaption><\/figure>\n","protected":false},"excerpt":{"rendered":"<p>Les tarins des aulnes vus pour la premi\u00e8re fois en mars 2018 ont de nouveau trouv\u00e9 le chemin du jardin, et surtout des boules de graisses accroch\u00e9es dans le pommier !<\/p>\n<p class=\"continue-reading-button\"> <a class=\"continue-reading-link\" href=\"https:\/\/www.rezeau.org\/wp-garden\/fr\/le-retour-du-tarin-des-aulnes\/\">Continue reading<i class=\"crycon-right-dir\"><\/i><\/a><\/p>\n","protected":false},"author":2,"featured_media":0,"comment_status":"closed","ping_status":"closed","sticky":false,"template":"","format":"standard","meta":{"_acf_changed":false,"footnotes":""},"categories":[677],"tags":[1258],"class_list":["post-13442","post","type-post","status-publish","format-standard","hentry","category-journal-du-jardin","tag-oiseaux"],"acf":[],"_links":{"self":[{"href":"https:\/\/www.rezeau.org\/wp-garden\/wp-json\/wp\/v2\/posts\/13442","targetHints":{"allow":["GET"]}}],"collection":[{"href":"https:\/\/www.rezeau.org\/wp-garden\/wp-json\/wp\/v2\/posts"}],"about":[{"href":"https:\/\/www.rezeau.org\/wp-garden\/wp-json\/wp\/v2\/types\/post"}],"author":[{"embeddable":true,"href":"https:\/\/www.rezeau.org\/wp-garden\/wp-json\/wp\/v2\/users\/2"}],"replies":[{"embeddable":true,"href":"https:\/\/www.rezeau.org\/wp-garden\/wp-json\/wp\/v2\/comments?post=13442"}],"version-history":[{"count":0,"href":"https:\/\/www.rezeau.org\/wp-garden\/wp-json\/wp\/v2\/posts\/13442\/revisions"}],"wp:attachment":[{"href":"https:\/\/www.rezeau.org\/wp-garden\/wp-json\/wp\/v2\/media?parent=13442"}],"wp:term":[{"taxonomy":"category","embeddable":true,"href":"https:\/\/www.rezeau.org\/wp-garden\/wp-json\/wp\/v2\/categories?post=13442"},{"taxonomy":"post_tag","embeddable":true,"href":"https:\/\/www.rezeau.org\/wp-garden\/wp-json\/wp\/v2\/tags?post=13442"}],"curies":[{"name":"wp","href":"https:\/\/api.w.org\/{rel}","templated":true}]}}