
{"id":13552,"date":"2020-03-24T18:25:40","date_gmt":"2020-03-24T17:25:40","guid":{"rendered":"http:\/\/www.rezeau.org\/wp-garden\/?p=13552"},"modified":"2021-01-30T23:02:32","modified_gmt":"2021-01-30T22:02:32","slug":"le-jardinier-confine-jour-8","status":"publish","type":"post","link":"https:\/\/www.rezeau.org\/wp-garden\/fr\/le-jardinier-confine-jour-8\/","title":{"rendered":"Le jardinier confin\u00e9 :: Jour 8"},"content":{"rendered":"\n<p>Le jardinier aime bien que les bordures de son gazon soient nettes, pour mieux mettre en valeur les mixed borders. Aujourd&#8217;hui il vous propose un tutoriel vid\u00e9o : comment dresser ses bordures en 30 secondes !<\/p>\n\n\n\n<p>\u00c9tant donn\u00e9 que c&#8217;est film\u00e9 en vertical, vous verrez mieux en plein \u00e9cran ou sur YouTube.<\/p>\n\n\n<div class=\"epyt-video-wrapper\"><iframe loading=\"lazy\"  id=\"_ytid_32911\"  width=\"900\" height=\"506\"  data-origwidth=\"900\" data-origheight=\"506\"  data-relstop=\"1\" src=\"https:\/\/www.youtube.com\/embed\/6U2mGldxwVQ?enablejsapi=1&#038;autoplay=0&#038;cc_load_policy=0&#038;cc_lang_pref=&#038;iv_load_policy=1&#038;loop=0&#038;rel=0&#038;fs=1&#038;playsinline=0&#038;autohide=2&#038;theme=dark&#038;color=red&#038;controls=1&#038;disablekb=0&#038;\" class=\"__youtube_prefs__  no-lazyload\" title=\"YouTube player\"  allow=\"fullscreen; accelerometer; autoplay; clipboard-write; encrypted-media; gyroscope; picture-in-picture; web-share\" referrerpolicy=\"strict-origin-when-cross-origin\" allowfullscreen data-no-lazy=\"1\" data-skipgform_ajax_framebjll=\"\"><\/iframe><\/div>","protected":false},"excerpt":{"rendered":"<p>Le jardinier aime bien que les bordures de son gazon soient nettes, pour mieux mettre en valeur les mixed borders. Aujourd&#8217;hui il vous propose un tutoriel vid\u00e9o : comment dresser ses bordures en 30 secondes ! \u00c9tant donn\u00e9 que c&#8217;est film\u00e9 en vertical, vous verrez mieux en plein \u00e9cran ou&#8230;<\/p>\n<p class=\"continue-reading-button\"> <a class=\"continue-reading-link\" href=\"https:\/\/www.rezeau.org\/wp-garden\/fr\/le-jardinier-confine-jour-8\/\">Continue reading<i class=\"crycon-right-dir\"><\/i><\/a><\/p>\n","protected":false},"author":2,"featured_media":0,"comment_status":"closed","ping_status":"closed","sticky":false,"template":"","format":"standard","meta":{"_acf_changed":false,"footnotes":""},"categories":[677],"tags":[3185],"class_list":["post-13552","post","type-post","status-publish","format-standard","hentry","category-journal-du-jardin","tag-confinement"],"acf":[],"_links":{"self":[{"href":"https:\/\/www.rezeau.org\/wp-garden\/wp-json\/wp\/v2\/posts\/13552","targetHints":{"allow":["GET"]}}],"collection":[{"href":"https:\/\/www.rezeau.org\/wp-garden\/wp-json\/wp\/v2\/posts"}],"about":[{"href":"https:\/\/www.rezeau.org\/wp-garden\/wp-json\/wp\/v2\/types\/post"}],"author":[{"embeddable":true,"href":"https:\/\/www.rezeau.org\/wp-garden\/wp-json\/wp\/v2\/users\/2"}],"replies":[{"embeddable":true,"href":"https:\/\/www.rezeau.org\/wp-garden\/wp-json\/wp\/v2\/comments?post=13552"}],"version-history":[{"count":0,"href":"https:\/\/www.rezeau.org\/wp-garden\/wp-json\/wp\/v2\/posts\/13552\/revisions"}],"wp:attachment":[{"href":"https:\/\/www.rezeau.org\/wp-garden\/wp-json\/wp\/v2\/media?parent=13552"}],"wp:term":[{"taxonomy":"category","embeddable":true,"href":"https:\/\/www.rezeau.org\/wp-garden\/wp-json\/wp\/v2\/categories?post=13552"},{"taxonomy":"post_tag","embeddable":true,"href":"https:\/\/www.rezeau.org\/wp-garden\/wp-json\/wp\/v2\/tags?post=13552"}],"curies":[{"name":"wp","href":"https:\/\/api.w.org\/{rel}","templated":true}]}}