
{"id":13557,"date":"2020-03-25T18:11:08","date_gmt":"2020-03-25T17:11:08","guid":{"rendered":"http:\/\/www.rezeau.org\/wp-garden\/?p=13557"},"modified":"2021-01-30T23:00:19","modified_gmt":"2021-01-30T22:00:19","slug":"le-jardinier-confine-jour-9","status":"publish","type":"post","link":"https:\/\/www.rezeau.org\/wp-garden\/fr\/le-jardinier-confine-jour-9\/","title":{"rendered":"Le jardinier confin\u00e9 :: Jour 9"},"content":{"rendered":"\n<h2 class=\"wp-block-heading\">La demi-lune, comment \u00e7a marche ?<\/h2>\n\n\n\n<p>Quelques pr\u00e9cisions \u00e0 propos de l&#8217;outil utilis\u00e9 pour dresser les bordures de gazon dans la vid\u00e9o post\u00e9e ici m\u00eame hier.<\/p>\n\n\n\n<p>Attention, les demi-lunes illustr\u00e9es ci-dessous ne sont <em>pas<\/em> des outils de jardinage. Elles ne nous int\u00e9ressent pas pour notre propos du jour.<\/p>\n\n\n\n<figure class=\"wp-block-gallery aligncenter columns-2 is-cropped wp-block-gallery-1 is-layout-flex wp-block-gallery-is-layout-flex\"><ul class=\"blocks-gallery-grid\"><li class=\"blocks-gallery-item\"><figure><img loading=\"lazy\" decoding=\"async\" width=\"240\" height=\"180\" src=\"https:\/\/www.rezeau.org\/wp-garden\/wp-content\/uploads\/2020-03-25_17-41-04.jpg\" alt=\"\" data-id=\"13561\" class=\"wp-image-13561\"\/><figcaption class=\"blocks-gallery-item__caption\">Moiti\u00e9 de lune<\/figcaption><\/figure><\/li><li class=\"blocks-gallery-item\"><figure><img loading=\"lazy\" decoding=\"async\" width=\"240\" height=\"183\" src=\"https:\/\/www.rezeau.org\/wp-garden\/wp-content\/uploads\/2020-03-25_17-44-37.jpg\" alt=\"\" data-id=\"13558\" class=\"wp-image-13558\"\/><figcaption class=\"blocks-gallery-item__caption\">Imposte en demi-lune<\/figcaption><\/figure><\/li><li class=\"blocks-gallery-item\"><figure><img loading=\"lazy\" decoding=\"async\" width=\"240\" height=\"180\" src=\"https:\/\/www.rezeau.org\/wp-garden\/wp-content\/uploads\/2020-03-25_17-42-52.jpg\" alt=\"\" data-id=\"13560\" class=\"wp-image-13560\"\/><figcaption class=\"blocks-gallery-item__caption\">Commode demi-lune<\/figcaption><\/figure><\/li><li class=\"blocks-gallery-item\"><figure><img loading=\"lazy\" decoding=\"async\" width=\"240\" height=\"180\" src=\"https:\/\/www.rezeau.org\/wp-garden\/wp-content\/uploads\/2020-03-25_17-46-29.jpg\" alt=\"\" data-id=\"13559\" class=\"wp-image-13559\"\/><figcaption class=\"blocks-gallery-item__caption\">Demi-lune fixe en bois<\/figcaption><\/figure><\/li><\/ul><\/figure>\n\n\n\n<p><em><strong>Quelques pr\u00e9cisions \u00e0 propos de l&#8217;outil utilis\u00e9 pour dresser les bordures de gazon dans la vid\u00e9o post\u00e9e ici m\u00eame hier.<\/strong><\/em><\/p>\n\n\n\n<div class=\"wp-block-image\"><figure class=\"alignleft\"><a href=\"http:\/\/www.rezeau.org\/wp-garden\/wp-content\/uploads\/2020-03-25_17-55-15.jpg\" rel=\"lightbox[13557]\"><img loading=\"lazy\" decoding=\"async\" width=\"300\" height=\"297\" src=\"http:\/\/www.rezeau.org\/wp-garden\/wp-content\/uploads\/2020-03-25_17-55-15-300x297.jpg\" alt=\"\" class=\"wp-image-13562\" srcset=\"https:\/\/www.rezeau.org\/wp-garden\/wp-content\/uploads\/2020-03-25_17-55-15-300x297.jpg 300w, https:\/\/www.rezeau.org\/wp-garden\/wp-content\/uploads\/2020-03-25_17-55-15-150x150.jpg 150w, https:\/\/www.rezeau.org\/wp-garden\/wp-content\/uploads\/2020-03-25_17-55-15.jpg 555w\" sizes=\"auto, (max-width: 300px) 100vw, 300px\" \/><\/a><\/figure><\/div>\n\n\n\n<p>Si par hasard vous avez <em>une lune enti\u00e8re<\/em> dans votre abri de jardin, coupez-la en deux parties \u00e9gales. R\u00e9servez une moiti\u00e9 pour en faire cadeau \u00e0 des visiteurs lors d&#8217;une de vos fameuses visites de votre jardin. Sur l&#8217;autre moiti\u00e9, fixez un manche solide.<\/p>\n\n\n\n<p>Si vous n&#8217;avez pas de lune \u00e0 votre disposition, rendez-vous dans une jardinerie proche de votre domicile(*) et procurez-vous une demi-lune comme celle de la photo ci-contre. On trouve cet objet \u00e9galement sous le nom de &#8220;dresse-bordure&#8221;. J&#8217;ai adopt\u00e9 <a href=\"https:\/\/www.outils-wolf.fr\/outils\/coupe-bordure-225-cm-rmm-0\">le mod\u00e8le de chez Wolf<\/a> (avec manche amovible).<\/p>\n\n\n\n<p>Quels sont les avantages de cet outil par rapport \u00e0 une simple b\u00eache, me demanderez-vous (et m\u00eame si vous ne le demandez pas je vais vous le dire). La demi-lune pr\u00e9sente 2 caract\u00e9ristiques qui la rendent pr\u00e9f\u00e9rable \u00e0 la b\u00eache pour cette op\u00e9ration\u00a0:<\/p>\n\n\n\n<ol class=\"wp-block-list\"><li>ses bords arrondis tranchants permettent de trancher nettement le bord du gazon par un mouvement oscillant \u00e0 droite et \u00e0 gauche ;<\/li><li>sa surface est plane, contrairement \u00e0 la surface l\u00e9g\u00e8rement incurv\u00e9e d&#8217;une b\u00eache.<\/li><\/ol>\n\n\n\n<p><strong><em>Mode d&#8217;emploi en images&#8230;<\/em><\/strong><\/p>\n\n\n\n<figure class=\"wp-block-gallery aligncenter columns-2 is-cropped wp-block-gallery-2 is-layout-flex wp-block-gallery-is-layout-flex\"><ul class=\"blocks-gallery-grid\"><li class=\"blocks-gallery-item\"><figure><a href=\"https:\/\/www.rezeau.org\/wp-garden\/wp-content\/uploads\/I-IMGP3773.jpg\" rel=\"lightbox[13557]\"><img loading=\"lazy\" decoding=\"async\" width=\"530\" height=\"800\" src=\"https:\/\/www.rezeau.org\/wp-garden\/wp-content\/uploads\/I-IMGP3773.jpg\" alt=\"\" data-id=\"13566\" class=\"wp-image-13566\" srcset=\"https:\/\/www.rezeau.org\/wp-garden\/wp-content\/uploads\/I-IMGP3773.jpg 530w, https:\/\/www.rezeau.org\/wp-garden\/wp-content\/uploads\/I-IMGP3773-199x300.jpg 199w\" sizes=\"auto, (max-width: 530px) 100vw, 530px\" \/><\/a><figcaption class=\"blocks-gallery-item__caption\">placer pr\u00e9cis\u00e9ment l&#8217;outil le long du cordeau<\/figcaption><\/figure><\/li><li class=\"blocks-gallery-item\"><figure><a href=\"https:\/\/www.rezeau.org\/wp-garden\/wp-content\/uploads\/I-IMGP3774.jpg\" rel=\"lightbox[13557]\"><img loading=\"lazy\" decoding=\"async\" width=\"530\" height=\"800\" src=\"https:\/\/www.rezeau.org\/wp-garden\/wp-content\/uploads\/I-IMGP3774.jpg\" alt=\"\" data-id=\"13563\" class=\"wp-image-13563\" srcset=\"https:\/\/www.rezeau.org\/wp-garden\/wp-content\/uploads\/I-IMGP3774.jpg 530w, https:\/\/www.rezeau.org\/wp-garden\/wp-content\/uploads\/I-IMGP3774-199x300.jpg 199w\" sizes=\"auto, (max-width: 530px) 100vw, 530px\" \/><\/a><figcaption class=\"blocks-gallery-item__caption\">enfoncer avec le pied et exercez un mouvement de gauche \u00e0 droite<\/figcaption><\/figure><\/li><li class=\"blocks-gallery-item\"><figure><a href=\"https:\/\/www.rezeau.org\/wp-garden\/wp-content\/uploads\/I-IMGP3775.jpg\" rel=\"lightbox[13557]\"><img loading=\"lazy\" decoding=\"async\" width=\"530\" height=\"800\" src=\"https:\/\/www.rezeau.org\/wp-garden\/wp-content\/uploads\/I-IMGP3775.jpg\" alt=\"\" data-id=\"13564\" class=\"wp-image-13564\" srcset=\"https:\/\/www.rezeau.org\/wp-garden\/wp-content\/uploads\/I-IMGP3775.jpg 530w, https:\/\/www.rezeau.org\/wp-garden\/wp-content\/uploads\/I-IMGP3775-199x300.jpg 199w\" sizes=\"auto, (max-width: 530px) 100vw, 530px\" \/><\/a><figcaption class=\"blocks-gallery-item__caption\">effectuer un mouvement de rotation vers vous<\/figcaption><\/figure><\/li><li class=\"blocks-gallery-item\"><figure><a href=\"https:\/\/www.rezeau.org\/wp-garden\/wp-content\/uploads\/I-IMGP3779.jpg\" rel=\"lightbox[13557]\"><img loading=\"lazy\" decoding=\"async\" width=\"530\" height=\"800\" src=\"https:\/\/www.rezeau.org\/wp-garden\/wp-content\/uploads\/I-IMGP3779.jpg\" alt=\"\" data-id=\"13565\" class=\"wp-image-13565\" srcset=\"https:\/\/www.rezeau.org\/wp-garden\/wp-content\/uploads\/I-IMGP3779.jpg 530w, https:\/\/www.rezeau.org\/wp-garden\/wp-content\/uploads\/I-IMGP3779-199x300.jpg 199w\" sizes=\"auto, (max-width: 530px) 100vw, 530px\" \/><\/a><figcaption class=\"blocks-gallery-item__caption\">balancer la terre sur le terrain (mais pas sur les fleurs)<\/figcaption><\/figure><\/li><\/ul><\/figure>\n\n\n\n<p><br style=\"clear: both;\">(*) Attention, attendez la fin du confinement avant de vous rendre dans une jardinerie. La demi-lune n&#8217;\u00e9tant pas consid\u00e9r\u00e9e comme un objet indispensable \u00e0 la vie de la Nation. <strong>RESTEZ A LA MAISON !<br style=\"clear: both;\"><\/strong><\/p>\n","protected":false},"excerpt":{"rendered":"<p>La demi-lune, comment \u00e7a marche ? Quelques pr\u00e9cisions \u00e0 propos de l&#8217;outil utilis\u00e9 pour dresser les bordures de gazon dans la vid\u00e9o post\u00e9e ici m\u00eame hier. Attention, les demi-lunes illustr\u00e9es ci-dessous ne sont pas des outils de jardinage. Elles ne nous int\u00e9ressent pas pour notre propos du jour. Quelques pr\u00e9cisions&#8230;<\/p>\n<p class=\"continue-reading-button\"> <a class=\"continue-reading-link\" href=\"https:\/\/www.rezeau.org\/wp-garden\/fr\/le-jardinier-confine-jour-9\/\">Continue reading<i class=\"crycon-right-dir\"><\/i><\/a><\/p>\n","protected":false},"author":2,"featured_media":0,"comment_status":"closed","ping_status":"closed","sticky":false,"template":"","format":"standard","meta":{"_acf_changed":false,"footnotes":""},"categories":[677],"tags":[3185,621],"class_list":["post-13557","post","type-post","status-publish","format-standard","hentry","category-journal-du-jardin","tag-confinement","tag-outils"],"acf":[],"_links":{"self":[{"href":"https:\/\/www.rezeau.org\/wp-garden\/wp-json\/wp\/v2\/posts\/13557","targetHints":{"allow":["GET"]}}],"collection":[{"href":"https:\/\/www.rezeau.org\/wp-garden\/wp-json\/wp\/v2\/posts"}],"about":[{"href":"https:\/\/www.rezeau.org\/wp-garden\/wp-json\/wp\/v2\/types\/post"}],"author":[{"embeddable":true,"href":"https:\/\/www.rezeau.org\/wp-garden\/wp-json\/wp\/v2\/users\/2"}],"replies":[{"embeddable":true,"href":"https:\/\/www.rezeau.org\/wp-garden\/wp-json\/wp\/v2\/comments?post=13557"}],"version-history":[{"count":0,"href":"https:\/\/www.rezeau.org\/wp-garden\/wp-json\/wp\/v2\/posts\/13557\/revisions"}],"wp:attachment":[{"href":"https:\/\/www.rezeau.org\/wp-garden\/wp-json\/wp\/v2\/media?parent=13557"}],"wp:term":[{"taxonomy":"category","embeddable":true,"href":"https:\/\/www.rezeau.org\/wp-garden\/wp-json\/wp\/v2\/categories?post=13557"},{"taxonomy":"post_tag","embeddable":true,"href":"https:\/\/www.rezeau.org\/wp-garden\/wp-json\/wp\/v2\/tags?post=13557"}],"curies":[{"name":"wp","href":"https:\/\/api.w.org\/{rel}","templated":true}]}}