
{"id":13586,"date":"2020-03-26T12:04:57","date_gmt":"2020-03-26T11:04:57","guid":{"rendered":"http:\/\/www.rezeau.org\/wp-garden\/?p=13586"},"modified":"2021-01-30T22:56:30","modified_gmt":"2021-01-30T21:56:30","slug":"le-jardinier-confine-jour-10","status":"publish","type":"post","link":"https:\/\/www.rezeau.org\/wp-garden\/fr\/le-jardinier-confine-jour-10\/","title":{"rendered":"Le jardinier confin\u00e9 :: Jour 10"},"content":{"rendered":"\n<h3 class=\"wp-block-heading\">Rien de ne sert de courir, il faut partir \u00e0 point. &#8211; Jean de La Fontaine<\/h3>\n\n\n\n<p>Dans le jardin de papi Jo, chaque plante poss\u00e8de sa fiche signal\u00e9tique o\u00f9 sont consign\u00e9es, entre autres informations, les divers \u00e9v\u00e9nements la concernant, au fil des saisons. On y trouve par exemple ses dates de floraison ou les petits incidents de sa vie au long cours. Qui a dit que papi Jo \u00e9tait un jardinier maniaque ? Non, juste bien organis\u00e9.<\/p>\n\n\n\n<figure class=\"wp-block-gallery aligncenter columns-2 is-cropped wp-block-gallery-1 is-layout-flex wp-block-gallery-is-layout-flex\"><ul class=\"blocks-gallery-grid\"><li class=\"blocks-gallery-item\"><figure><a href=\"https:\/\/www.rezeau.org\/wp-garden\/wp-content\/uploads\/Persicaria-runcinata-Purple-Fantasy-31-05-2018-2.jpg\" rel=\"lightbox[13586]\"><img loading=\"lazy\" decoding=\"async\" width=\"800\" height=\"533\" src=\"https:\/\/www.rezeau.org\/wp-garden\/wp-content\/uploads\/Persicaria-runcinata-Purple-Fantasy-31-05-2018-2.jpg\" alt=\"\u00e0 la plantation\" data-id=\"13593\" class=\"wp-image-13593\" srcset=\"https:\/\/www.rezeau.org\/wp-garden\/wp-content\/uploads\/Persicaria-runcinata-Purple-Fantasy-31-05-2018-2.jpg 800w, https:\/\/www.rezeau.org\/wp-garden\/wp-content\/uploads\/Persicaria-runcinata-Purple-Fantasy-31-05-2018-2-300x200.jpg 300w, https:\/\/www.rezeau.org\/wp-garden\/wp-content\/uploads\/Persicaria-runcinata-Purple-Fantasy-31-05-2018-2-768x512.jpg 768w\" sizes=\"auto, (max-width: 800px) 100vw, 800px\" \/><\/a><figcaption class=\"blocks-gallery-item__caption\"> 31\/05\/2018<\/figcaption><\/figure><\/li><li class=\"blocks-gallery-item\"><figure><a href=\"https:\/\/www.rezeau.org\/wp-garden\/wp-content\/uploads\/Persicaria-runcinata-Purple-Fantasy-01-04-2019.jpg\" rel=\"lightbox[13586]\"><img loading=\"lazy\" decoding=\"async\" width=\"800\" height=\"533\" src=\"https:\/\/www.rezeau.org\/wp-garden\/wp-content\/uploads\/Persicaria-runcinata-Purple-Fantasy-01-04-2019.jpg\" alt=\"En plein forme au printemps !\" data-id=\"11984\" class=\"wp-image-11984\" srcset=\"https:\/\/www.rezeau.org\/wp-garden\/wp-content\/uploads\/Persicaria-runcinata-Purple-Fantasy-01-04-2019.jpg 800w, https:\/\/www.rezeau.org\/wp-garden\/wp-content\/uploads\/Persicaria-runcinata-Purple-Fantasy-01-04-2019-300x200.jpg 300w, https:\/\/www.rezeau.org\/wp-garden\/wp-content\/uploads\/Persicaria-runcinata-Purple-Fantasy-01-04-2019-768x512.jpg 768w\" sizes=\"auto, (max-width: 800px) 100vw, 800px\" \/><\/a><figcaption class=\"blocks-gallery-item__caption\">01\/04\/2019<\/figcaption><\/figure><\/li><\/ul><figcaption class=\"blocks-gallery-caption\"><em>Persicaria runcinata<\/em> &#8216;Purple Fantasy&#8217;<\/figcaption><\/figure>\n\n\n\n<p>La <a href=\"http:\/\/www.rezeau.org\/wp-garden\/fr\/persicaria-runcinata-purple-fantasy\/\">renou\u00e9e\/persicaire &#8216;Purple Fantasy&#8217;<\/a> est arriv\u00e9e au jardin en mai 2018. Son feuillage est tr\u00e8s d\u00e9coratif et sa floraison en pompons rose tendre est rigolote.<br>Elle s&#8217;\u00e9tend rapidement, et il faut la surveiller pour l&#8217;emp\u00eacher d&#8217;aller \u00e9touffer ses voisines. Ce n&#8217;est pas son seul d\u00e9faut. Elle craint le soleil br\u00fblant en \u00e9t\u00e9, et surtout le gel printanier. Elle est press\u00e9e de sortir de terre en mars, et elle est immanquablement grill\u00e9e par les gel\u00e9es tardives. Ses jeunes pousses tendres ne r\u00e9sistent pas \u00e0 des temp\u00e9ratures au-dessous de z\u00e9ro. C&#8217;est ce qui vient d&#8217;arriver cette ann\u00e9e encore, apr\u00e8s 2 nuits \u00e0 -1\u00b0C. Fort heureusement cette perte des premi\u00e8res pousses n&#8217;a aucune incidence sur le d\u00e9veloppement de la plante, qui repart de plus belle lorsqu&#8217;il ne g\u00e8le plus.<\/p>\n\n\n\n<figure class=\"wp-block-gallery aligncenter columns-2 is-cropped wp-block-gallery-2 is-layout-flex wp-block-gallery-is-layout-flex\"><ul class=\"blocks-gallery-grid\"><li class=\"blocks-gallery-item\"><figure><a href=\"https:\/\/www.rezeau.org\/wp-garden\/wp-content\/uploads\/Persicaria-runcinata-Purple-Fantasy-12-04-2019.jpg\" rel=\"lightbox[13586]\"><img loading=\"lazy\" decoding=\"async\" width=\"800\" height=\"533\" src=\"https:\/\/www.rezeau.org\/wp-garden\/wp-content\/uploads\/Persicaria-runcinata-Purple-Fantasy-12-04-2019.jpg\" alt=\"N'a pas aim\u00e9 le gel tardif d'avril !\" data-id=\"11983\" class=\"wp-image-11983\" srcset=\"https:\/\/www.rezeau.org\/wp-garden\/wp-content\/uploads\/Persicaria-runcinata-Purple-Fantasy-12-04-2019.jpg 800w, https:\/\/www.rezeau.org\/wp-garden\/wp-content\/uploads\/Persicaria-runcinata-Purple-Fantasy-12-04-2019-300x200.jpg 300w, https:\/\/www.rezeau.org\/wp-garden\/wp-content\/uploads\/Persicaria-runcinata-Purple-Fantasy-12-04-2019-768x512.jpg 768w\" sizes=\"auto, (max-width: 800px) 100vw, 800px\" \/><\/a><figcaption class=\"blocks-gallery-item__caption\">12\/04\/2019<\/figcaption><\/figure><\/li><li class=\"blocks-gallery-item\"><figure><a href=\"https:\/\/www.rezeau.org\/wp-garden\/wp-content\/uploads\/Persicaria-runcinata-Purple-Fantasy-25-03-2020.jpg\" rel=\"lightbox[13586]\"><img loading=\"lazy\" decoding=\"async\" width=\"800\" height=\"533\" src=\"https:\/\/www.rezeau.org\/wp-garden\/wp-content\/uploads\/Persicaria-runcinata-Purple-Fantasy-25-03-2020.jpg\" alt=\"Sortie trop t\u00f4t, m\u00eame punition que l'an dernier!\" data-id=\"13587\" class=\"wp-image-13587\" srcset=\"https:\/\/www.rezeau.org\/wp-garden\/wp-content\/uploads\/Persicaria-runcinata-Purple-Fantasy-25-03-2020.jpg 800w, https:\/\/www.rezeau.org\/wp-garden\/wp-content\/uploads\/Persicaria-runcinata-Purple-Fantasy-25-03-2020-300x200.jpg 300w, https:\/\/www.rezeau.org\/wp-garden\/wp-content\/uploads\/Persicaria-runcinata-Purple-Fantasy-25-03-2020-768x512.jpg 768w\" sizes=\"auto, (max-width: 800px) 100vw, 800px\" \/><\/a><figcaption class=\"blocks-gallery-item__caption\">25\/03\/2020<\/figcaption><\/figure><\/li><\/ul><figcaption class=\"blocks-gallery-caption\"><em>Persicaria runcinata<\/em> &#8216;Purple Fantasy&#8217;<\/figcaption><\/figure>\n","protected":false},"excerpt":{"rendered":"<p>Rien de ne sert de courir, il faut partir \u00e0 point. &#8211; Jean de La Fontaine Dans le jardin de papi Jo, chaque plante poss\u00e8de sa fiche signal\u00e9tique o\u00f9 sont consign\u00e9es, entre autres informations, les divers \u00e9v\u00e9nements la concernant, au fil des saisons. On y trouve par exemple ses dates&#8230;<\/p>\n<p class=\"continue-reading-button\"> <a class=\"continue-reading-link\" href=\"https:\/\/www.rezeau.org\/wp-garden\/fr\/le-jardinier-confine-jour-10\/\">Continue reading<i class=\"crycon-right-dir\"><\/i><\/a><\/p>\n","protected":false},"author":2,"featured_media":0,"comment_status":"closed","ping_status":"closed","sticky":false,"template":"","format":"standard","meta":{"_acf_changed":false,"footnotes":""},"categories":[677],"tags":[3185],"class_list":["post-13586","post","type-post","status-publish","format-standard","hentry","category-journal-du-jardin","tag-confinement"],"acf":[],"_links":{"self":[{"href":"https:\/\/www.rezeau.org\/wp-garden\/wp-json\/wp\/v2\/posts\/13586","targetHints":{"allow":["GET"]}}],"collection":[{"href":"https:\/\/www.rezeau.org\/wp-garden\/wp-json\/wp\/v2\/posts"}],"about":[{"href":"https:\/\/www.rezeau.org\/wp-garden\/wp-json\/wp\/v2\/types\/post"}],"author":[{"embeddable":true,"href":"https:\/\/www.rezeau.org\/wp-garden\/wp-json\/wp\/v2\/users\/2"}],"replies":[{"embeddable":true,"href":"https:\/\/www.rezeau.org\/wp-garden\/wp-json\/wp\/v2\/comments?post=13586"}],"version-history":[{"count":0,"href":"https:\/\/www.rezeau.org\/wp-garden\/wp-json\/wp\/v2\/posts\/13586\/revisions"}],"wp:attachment":[{"href":"https:\/\/www.rezeau.org\/wp-garden\/wp-json\/wp\/v2\/media?parent=13586"}],"wp:term":[{"taxonomy":"category","embeddable":true,"href":"https:\/\/www.rezeau.org\/wp-garden\/wp-json\/wp\/v2\/categories?post=13586"},{"taxonomy":"post_tag","embeddable":true,"href":"https:\/\/www.rezeau.org\/wp-garden\/wp-json\/wp\/v2\/tags?post=13586"}],"curies":[{"name":"wp","href":"https:\/\/api.w.org\/{rel}","templated":true}]}}