
{"id":13640,"date":"2020-03-30T18:12:47","date_gmt":"2020-03-30T16:12:47","guid":{"rendered":"http:\/\/www.rezeau.org\/wp-garden\/?p=13640"},"modified":"2021-01-30T22:49:51","modified_gmt":"2021-01-30T21:49:51","slug":"le-jardinier-confine-jour-14","status":"publish","type":"post","link":"https:\/\/www.rezeau.org\/wp-garden\/fr\/le-jardinier-confine-jour-14\/","title":{"rendered":"Le jardinier confin\u00e9 :: Jour 14"},"content":{"rendered":"\n<h2 class=\"wp-block-heading\">Un peu de lecture&#8230;<\/h2>\n\n\n\n<div class=\"wp-block-image\"><figure class=\"alignleft\"><a href=\"http:\/\/www.rezeau.org\/wp-garden\/wp-content\/uploads\/I-IMGP3913.jpg\" rel=\"lightbox[13640]\"><img loading=\"lazy\" decoding=\"async\" width=\"300\" height=\"225\" src=\"http:\/\/www.rezeau.org\/wp-garden\/wp-content\/uploads\/I-IMGP3913-300x225.jpg\" alt=\"\" class=\"wp-image-13641\" srcset=\"https:\/\/www.rezeau.org\/wp-garden\/wp-content\/uploads\/I-IMGP3913-300x225.jpg 300w, https:\/\/www.rezeau.org\/wp-garden\/wp-content\/uploads\/I-IMGP3913-768x576.jpg 768w, https:\/\/www.rezeau.org\/wp-garden\/wp-content\/uploads\/I-IMGP3913.jpg 800w\" sizes=\"auto, (max-width: 300px) 100vw, 300px\" \/><\/a><figcaption>Ouvrage \u00e0 lire de toute urgence<\/figcaption><\/figure><\/div>\n\n\n\n<p>Aujourd&#8217;hui encore le vent froid vient du Nord-Est et il fait meilleur \u00e0 la maison qu&#8217;au jardin. Bonne occasion de lire enfin ce livre re\u00e7u en cadeau de No\u00ebl (merci ZZ !).<\/p>\n\n\n\n<div style=\"height:1px\" aria-hidden=\"true\" class=\"wp-block-spacer\"><\/div>\n\n\n\n<p>L&#8217;auteur est responsable de l&#8217;Herbier au Mus\u00e9um d&#8217;Histoire naturelle de Paris. Il sait de quoi il parle et il en parle tr\u00e8s bien. Un herbier, ce n&#8217;est pas juste un tas de feuilles (et autres parties de plantes) entre des feuilles (de papier), c&#8217;est \u00e9galement l&#8217;histoire de ces incroyables botanistes-voyageurs que Marc Jeanson fait revivre dans cet ouvrage. Une lecture \u00e0 recommander \u00e0 tous les botanistes amateurs ou experts, confin\u00e9s ou non, en attendant d&#8217;aller sur le terrain.<\/p>\n\n\n\n<h4 class=\"wp-block-heading\">L&#8217;herbier de papi Jo et de Mina<\/h4>\n\n\n\n<p>Du coup, j&#8217;ai ressorti quelques feuilles de mon modeste herbier. Il s&#8217;agit de mon deuxi\u00e8me essai, le tout premier herbier, entrepris il y a plus de 60 ans, ayant disparu dans les vicissitudes de la vie. Mon herbier actuel a \u00e9t\u00e9 commenc\u00e9 avec ma petite-fille Mina, \u00e0 l&#8217;occasion de nos promenades pendant ses vacances en Bretagne.<\/p>\n\n\n\n<p>Mina r\u00e9digeait les notices de son \u00e9criture appliqu\u00e9e, en se permettant quelques remarques (im-)pertinentes. La plupart du temps le nom de l&#8217;auteur de la d\u00e9termination qu&#8217;il fallait inscrire apr\u00e8s le nom de l&#8217;esp\u00e8ce \u00e9tait l&#8217;in\u00e9vitable Linn\u00e9 (L.). Dans les cas, plus rares, o\u00f9 il s&#8217;agissait d&#8217;un autre auteur, ou d&#8217;une nouvelle d\u00e9termination rempla\u00e7ant celle de Linn\u00e9, par ex. <i>Alnus glutinosa<\/i>&nbsp;<span class=\"author\">(L) Gaertn. Mina remarquait &#8220;<em>Linn\u00e9 s&#8217;est encore fait doubler sur ce coup-l\u00e0<\/em>&#8221; ! Pour les esp\u00e8ces affubl\u00e9es de l&#8217;\u00e9pith\u00e8te &#8220;vulgaris&#8221;, Mina estimait que ce n&#8217;\u00e9tait &#8220;pas gentil&#8221; de traiter les fleurs de vulgaires.<br><\/span><\/p>\n\n\n\n<figure class=\"wp-block-gallery aligncenter columns-2 is-cropped wp-block-gallery-1 is-layout-flex wp-block-gallery-is-layout-flex\"><ul class=\"blocks-gallery-grid\"><li class=\"blocks-gallery-item\"><figure><a href=\"https:\/\/www.rezeau.org\/wp-garden\/wp-content\/uploads\/daucus_carota_herbier.jpg\" rel=\"lightbox[13640]\"><img loading=\"lazy\" decoding=\"async\" width=\"1020\" height=\"1404\" src=\"https:\/\/www.rezeau.org\/wp-garden\/wp-content\/uploads\/daucus_carota_herbier.jpg\" alt=\"\" data-id=\"13645\" class=\"wp-image-13645\" srcset=\"https:\/\/www.rezeau.org\/wp-garden\/wp-content\/uploads\/daucus_carota_herbier.jpg 1020w, https:\/\/www.rezeau.org\/wp-garden\/wp-content\/uploads\/daucus_carota_herbier-218x300.jpg 218w, https:\/\/www.rezeau.org\/wp-garden\/wp-content\/uploads\/daucus_carota_herbier-745x1025.jpg 745w, https:\/\/www.rezeau.org\/wp-garden\/wp-content\/uploads\/daucus_carota_herbier-768x1057.jpg 768w\" sizes=\"auto, (max-width: 1020px) 100vw, 1020px\" \/><\/a><figcaption class=\"blocks-gallery-item__caption\"><em>Daucus carota<\/em> L. Feuille d&#8217;herbier<\/figcaption><\/figure><\/li><li class=\"blocks-gallery-item\"><figure><a href=\"https:\/\/www.rezeau.org\/wp-garden\/wp-content\/uploads\/daucus_carota_herbier_d\u00e9tail.jpg\" rel=\"lightbox[13640]\"><img loading=\"lazy\" decoding=\"async\" width=\"1004\" height=\"1004\" src=\"https:\/\/www.rezeau.org\/wp-garden\/wp-content\/uploads\/daucus_carota_herbier_d\u00e9tail.jpg\" alt=\"\" data-id=\"13646\" class=\"wp-image-13646\" srcset=\"https:\/\/www.rezeau.org\/wp-garden\/wp-content\/uploads\/daucus_carota_herbier_d\u00e9tail.jpg 1004w, https:\/\/www.rezeau.org\/wp-garden\/wp-content\/uploads\/daucus_carota_herbier_d\u00e9tail-300x300.jpg 300w, https:\/\/www.rezeau.org\/wp-garden\/wp-content\/uploads\/daucus_carota_herbier_d\u00e9tail-150x150.jpg 150w, https:\/\/www.rezeau.org\/wp-garden\/wp-content\/uploads\/daucus_carota_herbier_d\u00e9tail-768x768.jpg 768w\" sizes=\"auto, (max-width: 1004px) 100vw, 1004px\" \/><\/a><figcaption class=\"blocks-gallery-item__caption\"><em>Daucus carota<\/em> L. Feuille d&#8217;herbier (d\u00e9tail)<\/figcaption><\/figure><\/li><\/ul><\/figure>\n\n\n\n<p>On trouvera de tr\u00e8s bons conseils pour la confection d&#8217;un herbier <a href=\"https:\/\/www.tela-botanica.org\/ressources\/ressources-pedagogiques\/realiser-son-herbier\/\">sur le site de Tela Botanica ici<\/a>.<br><\/p>\n","protected":false},"excerpt":{"rendered":"<p>Un peu de lecture&#8230; Aujourd&#8217;hui encore le vent froid vient du Nord-Est et il fait meilleur \u00e0 la maison qu&#8217;au jardin. Bonne occasion de lire enfin ce livre re\u00e7u en cadeau de No\u00ebl (merci ZZ !). L&#8217;auteur est responsable de l&#8217;Herbier au Mus\u00e9um d&#8217;Histoire naturelle de Paris. Il sait de&#8230;<\/p>\n<p class=\"continue-reading-button\"> <a class=\"continue-reading-link\" href=\"https:\/\/www.rezeau.org\/wp-garden\/fr\/le-jardinier-confine-jour-14\/\">Continue reading<i class=\"crycon-right-dir\"><\/i><\/a><\/p>\n","protected":false},"author":2,"featured_media":0,"comment_status":"closed","ping_status":"closed","sticky":false,"template":"","format":"standard","meta":{"_acf_changed":false,"footnotes":""},"categories":[677],"tags":[3185,3189,3491],"class_list":["post-13640","post","type-post","status-publish","format-standard","hentry","category-journal-du-jardin","tag-confinement","tag-documentation","tag-herbier"],"acf":[],"_links":{"self":[{"href":"https:\/\/www.rezeau.org\/wp-garden\/wp-json\/wp\/v2\/posts\/13640","targetHints":{"allow":["GET"]}}],"collection":[{"href":"https:\/\/www.rezeau.org\/wp-garden\/wp-json\/wp\/v2\/posts"}],"about":[{"href":"https:\/\/www.rezeau.org\/wp-garden\/wp-json\/wp\/v2\/types\/post"}],"author":[{"embeddable":true,"href":"https:\/\/www.rezeau.org\/wp-garden\/wp-json\/wp\/v2\/users\/2"}],"replies":[{"embeddable":true,"href":"https:\/\/www.rezeau.org\/wp-garden\/wp-json\/wp\/v2\/comments?post=13640"}],"version-history":[{"count":0,"href":"https:\/\/www.rezeau.org\/wp-garden\/wp-json\/wp\/v2\/posts\/13640\/revisions"}],"wp:attachment":[{"href":"https:\/\/www.rezeau.org\/wp-garden\/wp-json\/wp\/v2\/media?parent=13640"}],"wp:term":[{"taxonomy":"category","embeddable":true,"href":"https:\/\/www.rezeau.org\/wp-garden\/wp-json\/wp\/v2\/categories?post=13640"},{"taxonomy":"post_tag","embeddable":true,"href":"https:\/\/www.rezeau.org\/wp-garden\/wp-json\/wp\/v2\/tags?post=13640"}],"curies":[{"name":"wp","href":"https:\/\/api.w.org\/{rel}","templated":true}]}}