
{"id":13927,"date":"2020-04-16T16:29:08","date_gmt":"2020-04-16T14:29:08","guid":{"rendered":"http:\/\/www.rezeau.org\/wp-garden\/?p=13927"},"modified":"2025-11-20T11:26:21","modified_gmt":"2025-11-20T10:26:21","slug":"le-jardinier-confine-jour-31","status":"publish","type":"post","link":"https:\/\/www.rezeau.org\/wp-garden\/fr\/le-jardinier-confine-jour-31\/","title":{"rendered":"Le jardinier confin\u00e9 :: Jour 31"},"content":{"rendered":"\n<h2 class=\"wp-block-heading\">L&#8217;\u00e9ph\u00e9m\u00e8re de Virginie red\u00e9marre<\/h2>\n\n\n<div class=\"wp-block-image\">\n<figure class=\"alignleft\"><a href=\"https:\/\/www.rezeau.org\/wp-garden\/wp-content\/uploads\/I-IMGP4482.jpg\" rel=\"lightbox[13927]\"><img loading=\"lazy\" decoding=\"async\" width=\"300\" height=\"200\" src=\"http:\/\/www.rezeau.org\/wp-garden\/wp-content\/uploads\/I-IMGP4482-300x200.jpg\" alt=\"Premi\u00e8re fleur le 16 avril 2020\" class=\"wp-image-13926\" srcset=\"https:\/\/www.rezeau.org\/wp-garden\/wp-content\/uploads\/I-IMGP4482-300x200.jpg 300w, https:\/\/www.rezeau.org\/wp-garden\/wp-content\/uploads\/I-IMGP4482-768x512.jpg 768w, https:\/\/www.rezeau.org\/wp-garden\/wp-content\/uploads\/I-IMGP4482.jpg 800w\" sizes=\"auto, (max-width: 300px) 100vw, 300px\" \/><\/a><\/figure>\n<\/div>\n\n\n<p>Arriv\u00e9e au jardin en 2015 (merci ZZ), <a href=\"http:\/\/www.rezeau.org\/wp-garden\/fr\/tradescantia-x-andersoniana\/\"><em>Tradescantia x andersoniana<\/em> \u2018Sweet Kate\u2019<\/a> s&#8217;y plait bien et illumine un coin de la bordure Est de son feuillage dor\u00e9 et de ses fleurs d&#8217;un beau bleu violet. Ses fleurs sont certes \u00e9ph\u00e9m\u00e8res, elles ne durent qu&#8217;une journ\u00e9e et m\u00eame seulement la matin\u00e9e en plein \u00e9t\u00e9 au soleil br\u00fblant. Mais elles se renouvellent sans cesse toute la saison.<\/p>\n\n\n\n<div style=\"height:1px\" aria-hidden=\"true\" class=\"wp-block-spacer\"><\/div>\n\n\n\n<p>Cette plante tient son nom, attribu\u00e9 par Carl von Linn\u00e9, de John Tradescant Jr. (1608-1662), naturaliste et voyageur qui a introduit au Royaume-Uni de nombreuses plantes am\u00e9ricaines r\u00e9colt\u00e9es au cours de ses trois voyages r\u00e9alis\u00e9s en Virginie (d&#8217;o\u00f9 son nom vulgaire en fran\u00e7ais d&#8217;\u00e9ph\u00e9m\u00e8re de Virginie). Ci-dessous quelques photos de <em>T.<\/em> &#8216;Sweet Kate&#8217; dont quelques macros sur le c\u0153ur de la fleur, qui attire bien les insectes pollinisateurs&nbsp;!<\/p>\n\n\n\n<div class=\"wp-block-group is-layout-grid wp-container-core-group-is-layout-9649a0d9 wp-block-group-is-layout-grid\">\n<figure class=\"wp-block-image size-large\"><a href=\"https:\/\/www.rezeau.org\/wp-garden\/wp-content\/uploads\/Tradescantia-x-andersoniana-19-07-2015.jpg\" rel=\"lightbox[13927]\"><img loading=\"lazy\" decoding=\"async\" width=\"800\" height=\"533\" src=\"https:\/\/www.rezeau.org\/wp-garden\/wp-content\/uploads\/Tradescantia-x-andersoniana-19-07-2015.jpg\" alt=\"Floraison d'\u00e9t\u00e9\" class=\"wp-image-1865\" srcset=\"https:\/\/www.rezeau.org\/wp-garden\/wp-content\/uploads\/Tradescantia-x-andersoniana-19-07-2015.jpg 800w, https:\/\/www.rezeau.org\/wp-garden\/wp-content\/uploads\/Tradescantia-x-andersoniana-19-07-2015-300x200.jpg 300w, https:\/\/www.rezeau.org\/wp-garden\/wp-content\/uploads\/Tradescantia-x-andersoniana-19-07-2015-768x512.jpg 768w\" sizes=\"auto, (max-width: 800px) 100vw, 800px\" \/><\/a><figcaption class=\"wp-element-caption\">19\/07\/2015<\/figcaption><\/figure>\n\n\n\n<figure class=\"wp-block-image size-large\"><a href=\"https:\/\/www.rezeau.org\/wp-garden\/wp-content\/uploads\/Tradescantia-x-andersoniana-24-05-2016-1.jpg\" rel=\"lightbox[13927]\"><img loading=\"lazy\" decoding=\"async\" width=\"1024\" height=\"683\" src=\"https:\/\/www.rezeau.org\/wp-garden\/wp-content\/uploads\/Tradescantia-x-andersoniana-24-05-2016-1.jpg\" alt=\"Macro 02\" class=\"wp-image-5198\" srcset=\"https:\/\/www.rezeau.org\/wp-garden\/wp-content\/uploads\/Tradescantia-x-andersoniana-24-05-2016-1.jpg 1024w, https:\/\/www.rezeau.org\/wp-garden\/wp-content\/uploads\/Tradescantia-x-andersoniana-24-05-2016-1-300x200.jpg 300w, https:\/\/www.rezeau.org\/wp-garden\/wp-content\/uploads\/Tradescantia-x-andersoniana-24-05-2016-1-768x512.jpg 768w\" sizes=\"auto, (max-width: 1024px) 100vw, 1024px\" \/><\/a><figcaption class=\"wp-element-caption\">24\/05\/2016<\/figcaption><\/figure>\n\n\n\n<figure class=\"wp-block-image size-large\"><a href=\"https:\/\/www.rezeau.org\/wp-garden\/wp-content\/uploads\/Tradescantia-x-andersoniana-Sweet-Kate-05-06-2019.jpg\" rel=\"lightbox[13927]\"><img loading=\"lazy\" decoding=\"async\" width=\"800\" height=\"533\" src=\"https:\/\/www.rezeau.org\/wp-garden\/wp-content\/uploads\/Tradescantia-x-andersoniana-Sweet-Kate-05-06-2019.jpg\" alt=\"un petit bourdon &quot;\u00e0 table&quot;\" class=\"wp-image-12272\" srcset=\"https:\/\/www.rezeau.org\/wp-garden\/wp-content\/uploads\/Tradescantia-x-andersoniana-Sweet-Kate-05-06-2019.jpg 800w, https:\/\/www.rezeau.org\/wp-garden\/wp-content\/uploads\/Tradescantia-x-andersoniana-Sweet-Kate-05-06-2019-300x200.jpg 300w, https:\/\/www.rezeau.org\/wp-garden\/wp-content\/uploads\/Tradescantia-x-andersoniana-Sweet-Kate-05-06-2019-768x512.jpg 768w\" sizes=\"auto, (max-width: 800px) 100vw, 800px\" \/><\/a><figcaption class=\"wp-element-caption\">05\/06\/2019<\/figcaption><\/figure>\n\n\n\n<figure class=\"wp-block-image size-large\"><a href=\"https:\/\/www.rezeau.org\/wp-garden\/wp-content\/uploads\/Tradescantia-x-andersoniana-21-05-2016.jpg\" rel=\"lightbox[13927]\"><img loading=\"lazy\" decoding=\"async\" width=\"800\" height=\"533\" src=\"https:\/\/www.rezeau.org\/wp-garden\/wp-content\/uploads\/Tradescantia-x-andersoniana-21-05-2016.jpg\" alt=\"C'est parti pour une longue saison de fleurs (mai 2016)\" class=\"wp-image-4535\" srcset=\"https:\/\/www.rezeau.org\/wp-garden\/wp-content\/uploads\/Tradescantia-x-andersoniana-21-05-2016.jpg 800w, https:\/\/www.rezeau.org\/wp-garden\/wp-content\/uploads\/Tradescantia-x-andersoniana-21-05-2016-300x200.jpg 300w, https:\/\/www.rezeau.org\/wp-garden\/wp-content\/uploads\/Tradescantia-x-andersoniana-21-05-2016-768x512.jpg 768w\" sizes=\"auto, (max-width: 800px) 100vw, 800px\" \/><\/a><figcaption class=\"wp-element-caption\">21\/05\/2016<\/figcaption><\/figure>\n<\/div>\n\n\n\n<hr class=\"wp-block-separator has-css-opacity is-style-wide\"\/>\n\n\n\n<figure class=\"wp-block-gallery aligncenter has-nested-images columns-2 is-cropped wp-block-gallery-1 is-layout-flex wp-block-gallery-is-layout-flex\"><figcaption class=\"blocks-gallery-caption wp-element-caption\"><em>Tradescantia <\/em>&#8216;Sweet Kate&#8217;<\/figcaption><\/figure>\n\n\n\n<hr class=\"wp-block-separator has-css-opacity\"\/>\n\n\n\n<div style=\"height:22px\" aria-hidden=\"true\" class=\"wp-block-spacer\"><\/div>\n\n\n\n<p>Cette vari\u00e9t\u00e9 est \u00e9galement connue sous le nom de <em>T.<\/em> &#8216;Blue and Gold&#8217;. C&#8217;est sous ce nom qu&#8217;elle figure dans l&#8217;excellent ouvrage <a href=\"https:\/\/www.editions-ulmer.fr\/editions-ulmer\/le-nuancier-du-jardinier-626-cl.htm\">Le nuancier du jardinier<\/a>, o\u00f9 elle a droit \u00e0 une quasi pleine page, page 108. Ce livre est un ouvrage compl\u00e8tement diff\u00e9rent de tous les autres livres de jardinage\/plantes, tr\u00e8s bien r\u00e9alis\u00e9. Je le recommande \u00e0 tous ceux qui sont sensibles aux associations de couleurs des fleurs et des feuillages.<\/p>\n\n\n\n<figure class=\"wp-block-embed is-type-rich is-provider-issuu wp-block-embed-issuu\"><div class=\"wp-block-embed__wrapper\">\n<iframe title=\"Extrait Le nuancier du jardinier - \u00c9ditions ULMER\" src=\"https:\/\/e.issuu.com\/embed.html?u=editionsulmer&#038;d=9782841389131_1\" style=\"border:none; width: 900px; height: 690px;\" allow=\"clipboard-write,allow-top-navigation,allow-top-navigation-by-user-activation,allow-downloads,allow-scripts,allow-same-origin,allow-popups,allow-modals,allow-popups-to-escape-sandbox,allow-forms\"  allowfullscreen=\"true\"><\/iframe>\n<\/div><\/figure>\n","protected":false},"excerpt":{"rendered":"<p>L&#8217;\u00e9ph\u00e9m\u00e8re de Virginie red\u00e9marre Arriv\u00e9e au jardin en 2015 (merci ZZ), Tradescantia x andersoniana \u2018Sweet Kate\u2019 s&#8217;y plait bien et illumine un coin de la bordure Est de son feuillage dor\u00e9 et de ses fleurs d&#8217;un beau bleu violet. Ses fleurs sont certes \u00e9ph\u00e9m\u00e8res, elles ne durent qu&#8217;une journ\u00e9e et&#8230;<\/p>\n<p class=\"continue-reading-button\"> <a class=\"continue-reading-link\" href=\"https:\/\/www.rezeau.org\/wp-garden\/fr\/le-jardinier-confine-jour-31\/\">Continue reading<i class=\"crycon-right-dir\"><\/i><\/a><\/p>\n","protected":false},"author":2,"featured_media":0,"comment_status":"closed","ping_status":"closed","sticky":false,"template":"","format":"standard","meta":{"_acf_changed":false,"footnotes":""},"categories":[677],"tags":[3185,3189],"class_list":["post-13927","post","type-post","status-publish","format-standard","hentry","category-journal-du-jardin","tag-confinement","tag-documentation"],"acf":[],"_links":{"self":[{"href":"https:\/\/www.rezeau.org\/wp-garden\/wp-json\/wp\/v2\/posts\/13927","targetHints":{"allow":["GET"]}}],"collection":[{"href":"https:\/\/www.rezeau.org\/wp-garden\/wp-json\/wp\/v2\/posts"}],"about":[{"href":"https:\/\/www.rezeau.org\/wp-garden\/wp-json\/wp\/v2\/types\/post"}],"author":[{"embeddable":true,"href":"https:\/\/www.rezeau.org\/wp-garden\/wp-json\/wp\/v2\/users\/2"}],"replies":[{"embeddable":true,"href":"https:\/\/www.rezeau.org\/wp-garden\/wp-json\/wp\/v2\/comments?post=13927"}],"version-history":[{"count":3,"href":"https:\/\/www.rezeau.org\/wp-garden\/wp-json\/wp\/v2\/posts\/13927\/revisions"}],"predecessor-version":[{"id":28041,"href":"https:\/\/www.rezeau.org\/wp-garden\/wp-json\/wp\/v2\/posts\/13927\/revisions\/28041"}],"wp:attachment":[{"href":"https:\/\/www.rezeau.org\/wp-garden\/wp-json\/wp\/v2\/media?parent=13927"}],"wp:term":[{"taxonomy":"category","embeddable":true,"href":"https:\/\/www.rezeau.org\/wp-garden\/wp-json\/wp\/v2\/categories?post=13927"},{"taxonomy":"post_tag","embeddable":true,"href":"https:\/\/www.rezeau.org\/wp-garden\/wp-json\/wp\/v2\/tags?post=13927"}],"curies":[{"name":"wp","href":"https:\/\/api.w.org\/{rel}","templated":true}]}}