
{"id":14053,"date":"2020-04-26T16:29:10","date_gmt":"2020-04-26T14:29:10","guid":{"rendered":"http:\/\/www.rezeau.org\/wp-garden\/?p=14053"},"modified":"2021-01-20T23:41:10","modified_gmt":"2021-01-20T22:41:10","slug":"le-jardinier-confine-jour-41","status":"publish","type":"post","link":"https:\/\/www.rezeau.org\/wp-garden\/fr\/le-jardinier-confine-jour-41\/","title":{"rendered":"Le jardinier confin\u00e9 :: Jour 41"},"content":{"rendered":"\n<h2 class=\"wp-block-heading\">Nouvelles floraisons au jardin<\/h2>\n\n\n\n<p>Chaque ann\u00e9e le jardinier guette le d\u00e9but des floraisons dans son jardin. La toute premi\u00e8re fleur de chaque esp\u00e8ce \u00e0 s&#8217;\u00e9panouir est particuli\u00e8rement attendue, et la date soigneusement not\u00e9e sur sa fiche. Ce qui permet de voir, par exemple, que le <a href=\"http:\/\/www.rezeau.org\/wp-garden\/fr\/geranium-rozanne\/\">Geranium Rozanne<\/a> a fait sa premi\u00e8re fleur le 22 mai en 2016, 2017 et 2018 ; le 23 mai en 2019, et aujourd&#8217;hui 26 avril 2020, <em>avec presque un mois d&#8217;avance<\/em>. Press\u00e9 de sortir pour faire la nique au confinement ?<\/p>\n\n\n\n<figure class=\"wp-block-gallery aligncenter columns-3 wp-block-gallery-1 is-layout-flex wp-block-gallery-is-layout-flex\"><ul class=\"blocks-gallery-grid\"><li class=\"blocks-gallery-item\"><figure><a href=\"https:\/\/www.rezeau.org\/wp-garden\/wp-content\/uploads\/Geranium-Rozanne-26-04-2020.jpg\" rel=\"lightbox[14053]\"><img loading=\"lazy\" decoding=\"async\" width=\"800\" height=\"533\" src=\"https:\/\/www.rezeau.org\/wp-garden\/wp-content\/uploads\/Geranium-Rozanne-26-04-2020.jpg\" alt=\"premi\u00e8re fleur 26 avril 2020\" data-id=\"14038\" class=\"wp-image-14038\" srcset=\"https:\/\/www.rezeau.org\/wp-garden\/wp-content\/uploads\/Geranium-Rozanne-26-04-2020.jpg 800w, https:\/\/www.rezeau.org\/wp-garden\/wp-content\/uploads\/Geranium-Rozanne-26-04-2020-300x200.jpg 300w, https:\/\/www.rezeau.org\/wp-garden\/wp-content\/uploads\/Geranium-Rozanne-26-04-2020-768x512.jpg 768w\" sizes=\"auto, (max-width: 800px) 100vw, 800px\" \/><\/a><figcaption class=\"blocks-gallery-item__caption\"><em>Geranium<\/em> Rozanne<\/figcaption><\/figure><\/li><li class=\"blocks-gallery-item\"><figure><a href=\"https:\/\/www.rezeau.org\/wp-garden\/wp-content\/uploads\/Geranium-x-oxonianum-Orkney-Cherry-26-04-2020.jpg\" rel=\"lightbox[14053]\"><img loading=\"lazy\" decoding=\"async\" width=\"800\" height=\"533\" src=\"https:\/\/www.rezeau.org\/wp-garden\/wp-content\/uploads\/Geranium-x-oxonianum-Orkney-Cherry-26-04-2020.jpg\" alt=\"Premi\u00e8res fleurs fin avril 2020\" data-id=\"14039\" class=\"wp-image-14039\" srcset=\"https:\/\/www.rezeau.org\/wp-garden\/wp-content\/uploads\/Geranium-x-oxonianum-Orkney-Cherry-26-04-2020.jpg 800w, https:\/\/www.rezeau.org\/wp-garden\/wp-content\/uploads\/Geranium-x-oxonianum-Orkney-Cherry-26-04-2020-300x200.jpg 300w, https:\/\/www.rezeau.org\/wp-garden\/wp-content\/uploads\/Geranium-x-oxonianum-Orkney-Cherry-26-04-2020-768x512.jpg 768w\" sizes=\"auto, (max-width: 800px) 100vw, 800px\" \/><\/a><figcaption class=\"blocks-gallery-item__caption\"><em>Geranium <\/em>&#8216;Orkney Cherry&#8217;<\/figcaption><\/figure><\/li><li class=\"blocks-gallery-item\"><figure><a href=\"https:\/\/www.rezeau.org\/wp-garden\/wp-content\/uploads\/Galium-odoratum-26-04-2020.jpg\" rel=\"lightbox[14053]\"><img loading=\"lazy\" decoding=\"async\" width=\"800\" height=\"533\" src=\"https:\/\/www.rezeau.org\/wp-garden\/wp-content\/uploads\/Galium-odoratum-26-04-2020.jpg\" alt=\"Premi\u00e8res fleurs fin avril 2020\" data-id=\"14037\" class=\"wp-image-14037\" srcset=\"https:\/\/www.rezeau.org\/wp-garden\/wp-content\/uploads\/Galium-odoratum-26-04-2020.jpg 800w, https:\/\/www.rezeau.org\/wp-garden\/wp-content\/uploads\/Galium-odoratum-26-04-2020-300x200.jpg 300w, https:\/\/www.rezeau.org\/wp-garden\/wp-content\/uploads\/Galium-odoratum-26-04-2020-768x512.jpg 768w\" sizes=\"auto, (max-width: 800px) 100vw, 800px\" \/><\/a><figcaption class=\"blocks-gallery-item__caption\"><em>Galium odoratum<\/em><\/figcaption><\/figure><\/li><li class=\"blocks-gallery-item\"><figure><a href=\"https:\/\/www.rezeau.org\/wp-garden\/wp-content\/uploads\/Persicaria-runcinata-Purple-Fantasy-26-04-2020.jpg\" rel=\"lightbox[14053]\"><img loading=\"lazy\" decoding=\"async\" width=\"533\" height=\"800\" src=\"https:\/\/www.rezeau.org\/wp-garden\/wp-content\/uploads\/Persicaria-runcinata-Purple-Fantasy-26-04-2020.jpg\" alt=\"Premi\u00e8res fleurs fin avril 2020\" data-id=\"14041\" class=\"wp-image-14041\" srcset=\"https:\/\/www.rezeau.org\/wp-garden\/wp-content\/uploads\/Persicaria-runcinata-Purple-Fantasy-26-04-2020.jpg 533w, https:\/\/www.rezeau.org\/wp-garden\/wp-content\/uploads\/Persicaria-runcinata-Purple-Fantasy-26-04-2020-200x300.jpg 200w\" sizes=\"auto, (max-width: 533px) 100vw, 533px\" \/><\/a><figcaption class=\"blocks-gallery-item__caption\"><em>Persicaria <\/em>&#8216;Purple Fantasy&#8217;<\/figcaption><\/figure><\/li><li class=\"blocks-gallery-item\"><figure><a href=\"https:\/\/www.rezeau.org\/wp-garden\/wp-content\/uploads\/Heuchera-x-Cherry-Cola-26-04-2020.jpg\" rel=\"lightbox[14053]\"><img loading=\"lazy\" decoding=\"async\" width=\"533\" height=\"800\" src=\"https:\/\/www.rezeau.org\/wp-garden\/wp-content\/uploads\/Heuchera-x-Cherry-Cola-26-04-2020.jpg\" alt=\"D\u00e9but floraison fin avril 2020\" data-id=\"14040\" class=\"wp-image-14040\" srcset=\"https:\/\/www.rezeau.org\/wp-garden\/wp-content\/uploads\/Heuchera-x-Cherry-Cola-26-04-2020.jpg 533w, https:\/\/www.rezeau.org\/wp-garden\/wp-content\/uploads\/Heuchera-x-Cherry-Cola-26-04-2020-200x300.jpg 200w\" sizes=\"auto, (max-width: 533px) 100vw, 533px\" \/><\/a><figcaption class=\"blocks-gallery-item__caption\"><em>Heuchera x<\/em> &#8216;Cherry Cola&#8217;<\/figcaption><\/figure><\/li><\/ul><\/figure>\n","protected":false},"excerpt":{"rendered":"<p>Nouvelles floraisons au jardin Chaque ann\u00e9e le jardinier guette le d\u00e9but des floraisons dans son jardin. La toute premi\u00e8re fleur de chaque esp\u00e8ce \u00e0 s&#8217;\u00e9panouir est particuli\u00e8rement attendue, et la date soigneusement not\u00e9e sur sa fiche. Ce qui permet de voir, par exemple, que le Geranium Rozanne a fait sa&#8230;<\/p>\n<p class=\"continue-reading-button\"> <a class=\"continue-reading-link\" href=\"https:\/\/www.rezeau.org\/wp-garden\/fr\/le-jardinier-confine-jour-41\/\">Continue reading<i class=\"crycon-right-dir\"><\/i><\/a><\/p>\n","protected":false},"author":2,"featured_media":0,"comment_status":"closed","ping_status":"closed","sticky":false,"template":"","format":"standard","meta":{"_acf_changed":false,"footnotes":""},"categories":[677],"tags":[3185,3208],"class_list":["post-14053","post","type-post","status-publish","format-standard","hentry","category-journal-du-jardin","tag-confinement","tag-floraisons"],"acf":[],"_links":{"self":[{"href":"https:\/\/www.rezeau.org\/wp-garden\/wp-json\/wp\/v2\/posts\/14053","targetHints":{"allow":["GET"]}}],"collection":[{"href":"https:\/\/www.rezeau.org\/wp-garden\/wp-json\/wp\/v2\/posts"}],"about":[{"href":"https:\/\/www.rezeau.org\/wp-garden\/wp-json\/wp\/v2\/types\/post"}],"author":[{"embeddable":true,"href":"https:\/\/www.rezeau.org\/wp-garden\/wp-json\/wp\/v2\/users\/2"}],"replies":[{"embeddable":true,"href":"https:\/\/www.rezeau.org\/wp-garden\/wp-json\/wp\/v2\/comments?post=14053"}],"version-history":[{"count":0,"href":"https:\/\/www.rezeau.org\/wp-garden\/wp-json\/wp\/v2\/posts\/14053\/revisions"}],"wp:attachment":[{"href":"https:\/\/www.rezeau.org\/wp-garden\/wp-json\/wp\/v2\/media?parent=14053"}],"wp:term":[{"taxonomy":"category","embeddable":true,"href":"https:\/\/www.rezeau.org\/wp-garden\/wp-json\/wp\/v2\/categories?post=14053"},{"taxonomy":"post_tag","embeddable":true,"href":"https:\/\/www.rezeau.org\/wp-garden\/wp-json\/wp\/v2\/tags?post=14053"}],"curies":[{"name":"wp","href":"https:\/\/api.w.org\/{rel}","templated":true}]}}