
{"id":14061,"date":"2020-04-27T23:41:02","date_gmt":"2020-04-27T21:41:02","guid":{"rendered":"http:\/\/www.rezeau.org\/wp-garden\/?p=14061"},"modified":"2021-01-20T23:34:42","modified_gmt":"2021-01-20T22:34:42","slug":"le-jardinier-confine-jour-42","status":"publish","type":"post","link":"https:\/\/www.rezeau.org\/wp-garden\/fr\/le-jardinier-confine-jour-42\/","title":{"rendered":"Le jardinier confin\u00e9 :: Jour 42"},"content":{"rendered":"\n<h2 class=\"wp-block-heading\">Les probl\u00e8mes de &#8220;l\u2019homme jardinier&#8221;<\/h2>\n\n\n\n<div class=\"wp-block-image\"><figure class=\"alignleft\"><img loading=\"lazy\" decoding=\"async\" width=\"279\" height=\"300\" src=\"http:\/\/www.rezeau.org\/wp-garden\/wp-content\/uploads\/karel-Ckapek-p-55-279x300.jpg\" alt=\"\" class=\"wp-image-14062\" srcset=\"https:\/\/www.rezeau.org\/wp-garden\/wp-content\/uploads\/karel-Ckapek-p-55-279x300.jpg 279w, https:\/\/www.rezeau.org\/wp-garden\/wp-content\/uploads\/karel-Ckapek-p-55.jpg 734w\" sizes=\"auto, (max-width: 279px) 100vw, 279px\" \/><\/figure><\/div>\n\n\n\n<p>Aujourd&#8217;hui un peu de litt\u00e9rature horticole. J&#8217;ai re\u00e7u en cadeau (merci ZZ) il y a quelques ann\u00e9es un petit livre de Karel \u010capek, intitul\u00e9 dans sa version fran\u00e7aise <em>L&#8217;ann\u00e9e du jardinier<\/em>. Voir plus de d\u00e9tails sur cet auteur tch\u00e9coslovaque sur <a href=\"https:\/\/fr.wikipedia.org\/wiki\/Karel_%C4%8Capek\">Wikipedia<\/a>.<\/p>\n\n\n\n<p>Voici un extrait de ce livre concernant les probl\u00e8mes de posture du jardinier \u00e0 l&#8217;ouvrage.<\/p>\n\n\n\n<div style=\"height:1px\" aria-hidden=\"true\" class=\"wp-block-spacer\"><\/div>\n\n\n\n<blockquote class=\"wp-block-quote is-layout-flow wp-block-quote-is-layout-flow\"><p>L\u2019homme jardinier est indubitablement un produit de la civilisation et pas du tout de l\u2019\u00e9volution naturelle. S\u2019il avait \u00e9t\u00e9 produit par la nature, il serait fait tout diff\u00e9remment; il aurait des jambes de scarab\u00e9e afin de n\u2019\u00eatre point oblig\u00e9 de s\u2019asseoir \u00e0 croupetons et il aurait des ailes, d\u2019abord parce que c\u2019est plus joli et, en second lieu, pour pouvoir s\u2019\u00e9lever au-dessus de ses plates-bandes.<\/p><p>Quiconque n\u2019en a pas fait l\u2019\u00e9preuve ne peut se faire une id\u00e9e de l\u2019embarras que constituent les jambes pour un homme qui ne sait o\u00f9 les poser; il ne peut s\u2019imaginer comme elles sont inutilement longues quand il faut les plier au-dessous de soi pour creuser la terre avec les doigts, et comme elles sont ridiculement courtes lorsqu\u2019on a besoin d\u2019atteindre l\u2019autre c\u00f4t\u00e9 d\u2019une plate-bande sans \u00e9craser un tapis de pyr\u00e8thres. Ou \u00eatre suspendu \u00e0 une sangle et se balancer au-dessus de ses cultures, ou du moins avoir quatre mains avec, au-dessus, une t\u00eate coiff\u00e9e d\u2019une casquette et rien de plus, ou bien avoir des membres extensibles \u00e0 volont\u00e9, comme un pied d\u2019appareil photographique !<\/p><p>Mais, \u00e9tant donn\u00e9 que le jardinier est, ext\u00e9rieurement, conditionn\u00e9 de fa\u00e7on aussi imparfaite que tout le monde, il ne lui reste qu\u2019\u00e0 montrer ce dont il est capable, comme se balancer sur la pointe d\u2019un seul pied, s\u2019\u00e9lever dans les airs \u00e0 l\u2019instar d\u2019une ballerine d\u2019op\u00e9ra imp\u00e9rial, s\u2019\u00e9carter en largeur sur quatre m\u00e8tres, se poser aussi d\u00e9licatement qu\u2019un papillon ou un hochequeue, faire tenir son corps dans un pouce carr\u00e9 de terrain, se maintenir en \u00e9quilibre dans des conditions contraires \u00e0 toutes les lois qui r\u00e9gissent les corps pench\u00e9s, tout atteindre et s\u2019\u00e9carter de tout; et, par-dessus tout cela, conserver, ce faisant, une certaine dignit\u00e9 pour que les gens ne se moquent pas de lui.<\/p><p>Il va de soi qu\u2019au premier coup d\u2019\u0153il vous ne voyez du jardinier autre chose que son derri\u00e8re : tout le reste, t\u00eate, mains et pieds, se trouve au-dessous.<\/p><\/blockquote>\n","protected":false},"excerpt":{"rendered":"<p>Les probl\u00e8mes de &#8220;l\u2019homme jardinier&#8221; Aujourd&#8217;hui un peu de litt\u00e9rature horticole. J&#8217;ai re\u00e7u en cadeau (merci ZZ) il y a quelques ann\u00e9es un petit livre de Karel \u010capek, intitul\u00e9 dans sa version fran\u00e7aise L&#8217;ann\u00e9e du jardinier. Voir plus de d\u00e9tails sur cet auteur tch\u00e9coslovaque sur Wikipedia. Voici un extrait de&#8230;<\/p>\n<p class=\"continue-reading-button\"> <a class=\"continue-reading-link\" href=\"https:\/\/www.rezeau.org\/wp-garden\/fr\/le-jardinier-confine-jour-42\/\">Continue reading<i class=\"crycon-right-dir\"><\/i><\/a><\/p>\n","protected":false},"author":2,"featured_media":0,"comment_status":"closed","ping_status":"closed","sticky":false,"template":"","format":"standard","meta":{"_acf_changed":false,"footnotes":""},"categories":[677],"tags":[3185,3212,3210],"class_list":["post-14061","post","type-post","status-publish","format-standard","hentry","category-journal-du-jardin","tag-confinement","tag-humour","tag-litterature"],"acf":[],"_links":{"self":[{"href":"https:\/\/www.rezeau.org\/wp-garden\/wp-json\/wp\/v2\/posts\/14061","targetHints":{"allow":["GET"]}}],"collection":[{"href":"https:\/\/www.rezeau.org\/wp-garden\/wp-json\/wp\/v2\/posts"}],"about":[{"href":"https:\/\/www.rezeau.org\/wp-garden\/wp-json\/wp\/v2\/types\/post"}],"author":[{"embeddable":true,"href":"https:\/\/www.rezeau.org\/wp-garden\/wp-json\/wp\/v2\/users\/2"}],"replies":[{"embeddable":true,"href":"https:\/\/www.rezeau.org\/wp-garden\/wp-json\/wp\/v2\/comments?post=14061"}],"version-history":[{"count":0,"href":"https:\/\/www.rezeau.org\/wp-garden\/wp-json\/wp\/v2\/posts\/14061\/revisions"}],"wp:attachment":[{"href":"https:\/\/www.rezeau.org\/wp-garden\/wp-json\/wp\/v2\/media?parent=14061"}],"wp:term":[{"taxonomy":"category","embeddable":true,"href":"https:\/\/www.rezeau.org\/wp-garden\/wp-json\/wp\/v2\/categories?post=14061"},{"taxonomy":"post_tag","embeddable":true,"href":"https:\/\/www.rezeau.org\/wp-garden\/wp-json\/wp\/v2\/tags?post=14061"}],"curies":[{"name":"wp","href":"https:\/\/api.w.org\/{rel}","templated":true}]}}