
{"id":14078,"date":"2020-04-28T16:46:06","date_gmt":"2020-04-28T14:46:06","guid":{"rendered":"http:\/\/www.rezeau.org\/wp-garden\/?p=14078"},"modified":"2021-01-20T23:25:41","modified_gmt":"2021-01-20T22:25:41","slug":"le-jardinier-confine-jour-43","status":"publish","type":"post","link":"https:\/\/www.rezeau.org\/wp-garden\/fr\/le-jardinier-confine-jour-43\/","title":{"rendered":"Le jardinier confin\u00e9 :: Jour 43"},"content":{"rendered":"\n<h4 class=\"wp-block-heading\">Faute d&#8217;asperges, on mange du camassia ?<\/h4>\n\n\n\n<div class=\"wp-block-image\"><figure class=\"alignleft\"><a href=\"http:\/\/www.rezeau.org\/wp-garden\/wp-content\/uploads\/20200428_112304.jpg\" rel=\"lightbox[14078]\"><img loading=\"lazy\" decoding=\"async\" width=\"200\" height=\"300\" src=\"http:\/\/www.rezeau.org\/wp-garden\/wp-content\/uploads\/20200428_112304-200x300.jpg\" alt=\"\" class=\"wp-image-14077\" srcset=\"https:\/\/www.rezeau.org\/wp-garden\/wp-content\/uploads\/20200428_112304-200x300.jpg 200w, https:\/\/www.rezeau.org\/wp-garden\/wp-content\/uploads\/20200428_112304.jpg 533w\" sizes=\"auto, (max-width: 200px) 100vw, 200px\" \/><\/a><\/figure><\/div>\n\n\n\n<p>Arriv\u00e9 au jardin de papi Jo sous forme d&#8217;un petit godet au printemps 2016, ce camassia de leichtlin &#8216;Alba&#8217; ou Quamash a bien profit\u00e9 puisqu&#8217;il compte maintenant une demi-douzaine de sp\u00e9cimens. Plante originaire principalement de l&#8217;Ouest de l&#8217;Am\u00e9rique du nord, appel\u00e9 Jacinthe des Indiens, parce que ceux-ci en consommaient le bulbe. Consomm\u00e9s grill\u00e9s ou bouillies, leur go\u00fbt ressemble \u00e0 celui de la patate douce.<\/p>\n\n\n\n<p>D&#8217;un point de vue botanique, le <em>Camassia<\/em> a \u00e9t\u00e9 balad\u00e9 d&#8217;une famille dans une autre : anciennement plac\u00e9 dans les <em>Liliaceae<\/em> ou dans les <em>Hyacinthaceae<\/em>, puis dans les <em>Agavaceae<\/em> et, aux derni\u00e8res nouvelles, dans la famille des <a href=\"http:\/\/www.rezeau.org\/wp-garden\/fr\/category\/plantae\/asparagaceae\/\"><em>Asparagaceae<\/em><\/a>&#8230; d&#8217;o\u00f9 le titre de cet article ! Attention, il n&#8217;y a pas que des asperges (<em>Asparagus officinalis<\/em>) dans cette famille, dans mon jardin il y a, outre ce Camassia, le <a href=\"http:\/\/www.rezeau.org\/wp-garden\/fr\/chionodoxa-forbesii-fr\/\">Chionodoxa<\/a> et l&#8217;<a href=\"http:\/\/www.rezeau.org\/wp-garden\/fr\/ophiopogon-planiscapus-nigrescens\/\">Ophiopogon<\/a>.<\/p>\n\n\n\n<p>Sur cette photo d&#8217;une partie Nord de la mixed border Est, on aper\u00e7oit en arri\u00e8re-plan quelques touffes d&#8217;ancolies bleu-violet. Ces ancolies ne font pas partie du &#8220;plan&#8221; du jardin \u00e0 l&#8217;origine. Elles proviennent du &#8220;jardin&#8221; du voisin, plus ou moins en friche, et je les laisse se resemer \u00e0 leur gr\u00e9.<\/p>\n","protected":false},"excerpt":{"rendered":"<p>Faute d&#8217;asperges, on mange du camassia ? Arriv\u00e9 au jardin de papi Jo sous forme d&#8217;un petit godet au printemps 2016, ce camassia de leichtlin &#8216;Alba&#8217; ou Quamash a bien profit\u00e9 puisqu&#8217;il compte maintenant une demi-douzaine de sp\u00e9cimens. Plante originaire principalement de l&#8217;Ouest de l&#8217;Am\u00e9rique du nord, appel\u00e9 Jacinthe des&#8230;<\/p>\n<p class=\"continue-reading-button\"> <a class=\"continue-reading-link\" href=\"https:\/\/www.rezeau.org\/wp-garden\/fr\/le-jardinier-confine-jour-43\/\">Continue reading<i class=\"crycon-right-dir\"><\/i><\/a><\/p>\n","protected":false},"author":2,"featured_media":0,"comment_status":"closed","ping_status":"closed","sticky":false,"template":"","format":"standard","meta":{"_acf_changed":false,"footnotes":""},"categories":[677],"tags":[3395,3185,3208],"class_list":["post-14078","post","type-post","status-publish","format-standard","hentry","category-journal-du-jardin","tag-botanique","tag-confinement","tag-floraisons"],"acf":[],"_links":{"self":[{"href":"https:\/\/www.rezeau.org\/wp-garden\/wp-json\/wp\/v2\/posts\/14078","targetHints":{"allow":["GET"]}}],"collection":[{"href":"https:\/\/www.rezeau.org\/wp-garden\/wp-json\/wp\/v2\/posts"}],"about":[{"href":"https:\/\/www.rezeau.org\/wp-garden\/wp-json\/wp\/v2\/types\/post"}],"author":[{"embeddable":true,"href":"https:\/\/www.rezeau.org\/wp-garden\/wp-json\/wp\/v2\/users\/2"}],"replies":[{"embeddable":true,"href":"https:\/\/www.rezeau.org\/wp-garden\/wp-json\/wp\/v2\/comments?post=14078"}],"version-history":[{"count":0,"href":"https:\/\/www.rezeau.org\/wp-garden\/wp-json\/wp\/v2\/posts\/14078\/revisions"}],"wp:attachment":[{"href":"https:\/\/www.rezeau.org\/wp-garden\/wp-json\/wp\/v2\/media?parent=14078"}],"wp:term":[{"taxonomy":"category","embeddable":true,"href":"https:\/\/www.rezeau.org\/wp-garden\/wp-json\/wp\/v2\/categories?post=14078"},{"taxonomy":"post_tag","embeddable":true,"href":"https:\/\/www.rezeau.org\/wp-garden\/wp-json\/wp\/v2\/tags?post=14078"}],"curies":[{"name":"wp","href":"https:\/\/api.w.org\/{rel}","templated":true}]}}