
{"id":14100,"date":"2020-04-30T18:42:38","date_gmt":"2020-04-30T16:42:38","guid":{"rendered":"http:\/\/www.rezeau.org\/wp-garden\/?p=14100"},"modified":"2021-01-20T23:21:22","modified_gmt":"2021-01-20T22:21:22","slug":"le-jardinier-confine-jour-4-2","status":"publish","type":"post","link":"https:\/\/www.rezeau.org\/wp-garden\/fr\/le-jardinier-confine-jour-4-2\/","title":{"rendered":"Le jardinier confin\u00e9 :: Jour 45"},"content":{"rendered":"\n<h4 class=\"wp-block-heading\">Un g\u00e9ranium tr\u00e8s cultiv\u00e9&#8230;<\/h4>\n\n\n\n<figure class=\"wp-block-gallery aligncenter columns-2 wp-block-gallery-1 is-layout-flex wp-block-gallery-is-layout-flex\"><ul class=\"blocks-gallery-grid\"><li class=\"blocks-gallery-item\"><figure><a href=\"https:\/\/www.rezeau.org\/wp-garden\/wp-content\/uploads\/Geranium-x-cantabrigiense-Cambridge-30-04-2020-2.jpg\" rel=\"lightbox[14100]\"><img loading=\"lazy\" decoding=\"async\" width=\"800\" height=\"533\" src=\"https:\/\/www.rezeau.org\/wp-garden\/wp-content\/uploads\/Geranium-x-cantabrigiense-Cambridge-30-04-2020-2.jpg\" alt=\"Premi\u00e8res fleurs fin avril 2020\" data-id=\"14102\" class=\"wp-image-14102\" srcset=\"https:\/\/www.rezeau.org\/wp-garden\/wp-content\/uploads\/Geranium-x-cantabrigiense-Cambridge-30-04-2020-2.jpg 800w, https:\/\/www.rezeau.org\/wp-garden\/wp-content\/uploads\/Geranium-x-cantabrigiense-Cambridge-30-04-2020-2-300x200.jpg 300w, https:\/\/www.rezeau.org\/wp-garden\/wp-content\/uploads\/Geranium-x-cantabrigiense-Cambridge-30-04-2020-2-768x512.jpg 768w\" sizes=\"auto, (max-width: 800px) 100vw, 800px\" \/><\/a><\/figure><\/li><li class=\"blocks-gallery-item\"><figure><a href=\"https:\/\/www.rezeau.org\/wp-garden\/wp-content\/uploads\/Geranium-x-cantabrigiense-Cambridge-30-04-2020.jpg\" rel=\"lightbox[14100]\"><img loading=\"lazy\" decoding=\"async\" width=\"800\" height=\"533\" src=\"https:\/\/www.rezeau.org\/wp-garden\/wp-content\/uploads\/Geranium-x-cantabrigiense-Cambridge-30-04-2020.jpg\" alt=\"En boutons fin avril 2020\" data-id=\"14101\" class=\"wp-image-14101\" srcset=\"https:\/\/www.rezeau.org\/wp-garden\/wp-content\/uploads\/Geranium-x-cantabrigiense-Cambridge-30-04-2020.jpg 800w, https:\/\/www.rezeau.org\/wp-garden\/wp-content\/uploads\/Geranium-x-cantabrigiense-Cambridge-30-04-2020-300x200.jpg 300w, https:\/\/www.rezeau.org\/wp-garden\/wp-content\/uploads\/Geranium-x-cantabrigiense-Cambridge-30-04-2020-768x512.jpg 768w\" sizes=\"auto, (max-width: 800px) 100vw, 800px\" \/><\/a><\/figure><\/li><\/ul><figcaption class=\"blocks-gallery-caption\"><em>Geranium x cantabrigiense<\/em> &#8216;Cambridge&#8217; 30\/04\/2020<\/figcaption><\/figure>\n\n\n\n<p>Forc\u00e9ment <em>tr\u00e8s cultiv\u00e9<\/em>, puisqu&#8217;il provient des jardins de la c\u00e9l\u00e8bre universit\u00e9 de Cambridge, UK ! Il s&#8217;agit du <a href=\"http:\/\/www.rezeau.org\/wp-garden\/fr\/geranium-x-cantabrigiense-cambridge\/\"><i>Geranium<\/i> \u00d7 <i>cantabrigiense<\/i> &#8216;Cambridge&#8217;<\/a> (oui, 2 fois Cambridge, pour bien enfoncer le clou).<\/p>\n\n\n\n<p>Cet hybride naturel est issu du croisement entre le <em>Geranium dalmaticum<\/em> des c\u00f4tes balkaniques et le <em>G. macrorrhizum<\/em>, un m\u00e9ridional endurci aux \u00e9t\u00e9s secs. \u00c9lev\u00e9 au jardin botanique de l&#8217;universit\u00e9 de Cambridge en 1974, nom publi\u00e9 pour la premi\u00e8re fois en 1989 par la p\u00e9pini\u00e8re Axletree (aujourd&#8217;hui disparue). Il arbore un port assez compact, s&#8217;\u00e9tale lentement par le biais de stolons et offre une floraison estivale incessante sous forme de petites fleurs plates dans des tons roses chez &#8216;Karmina&#8217; ou Cambridge, mauves ou blancs.<\/p>\n\n\n\n<p>Achet\u00e9 3 sp\u00e9cimens chez Truffaut en 2018. Plant\u00e9s fin avril dans bordure Est en remplacement des g\u00e9raniums vivaces &#8216;Mavis Simpson&#8217; qui ne poussaient plus du tout. Jolie fleur mais touffes pas terribles apr\u00e8s l&#8217;\u00e9t\u00e9. En 2019, petite floraison mais plant pas bien vigoureux. Arrach\u00e9s en mis en pots pour passer l&#8217;hiver. Et mis en place dans l&#8217;extension de la bordure Nord-Est au printemps 2020. A suivre&#8230;<\/p>\n","protected":false},"excerpt":{"rendered":"<p>Un g\u00e9ranium tr\u00e8s cultiv\u00e9&#8230; Forc\u00e9ment tr\u00e8s cultiv\u00e9, puisqu&#8217;il provient des jardins de la c\u00e9l\u00e8bre universit\u00e9 de Cambridge, UK ! Il s&#8217;agit du Geranium \u00d7 cantabrigiense &#8216;Cambridge&#8217; (oui, 2 fois Cambridge, pour bien enfoncer le clou). Cet hybride naturel est issu du croisement entre le Geranium dalmaticum des c\u00f4tes balkaniques et&#8230;<\/p>\n<p class=\"continue-reading-button\"> <a class=\"continue-reading-link\" href=\"https:\/\/www.rezeau.org\/wp-garden\/fr\/le-jardinier-confine-jour-4-2\/\">Continue reading<i class=\"crycon-right-dir\"><\/i><\/a><\/p>\n","protected":false},"author":2,"featured_media":0,"comment_status":"closed","ping_status":"closed","sticky":false,"template":"","format":"standard","meta":{"_acf_changed":false,"footnotes":""},"categories":[677],"tags":[3185,3208],"class_list":["post-14100","post","type-post","status-publish","format-standard","hentry","category-journal-du-jardin","tag-confinement","tag-floraisons"],"acf":[],"_links":{"self":[{"href":"https:\/\/www.rezeau.org\/wp-garden\/wp-json\/wp\/v2\/posts\/14100","targetHints":{"allow":["GET"]}}],"collection":[{"href":"https:\/\/www.rezeau.org\/wp-garden\/wp-json\/wp\/v2\/posts"}],"about":[{"href":"https:\/\/www.rezeau.org\/wp-garden\/wp-json\/wp\/v2\/types\/post"}],"author":[{"embeddable":true,"href":"https:\/\/www.rezeau.org\/wp-garden\/wp-json\/wp\/v2\/users\/2"}],"replies":[{"embeddable":true,"href":"https:\/\/www.rezeau.org\/wp-garden\/wp-json\/wp\/v2\/comments?post=14100"}],"version-history":[{"count":0,"href":"https:\/\/www.rezeau.org\/wp-garden\/wp-json\/wp\/v2\/posts\/14100\/revisions"}],"wp:attachment":[{"href":"https:\/\/www.rezeau.org\/wp-garden\/wp-json\/wp\/v2\/media?parent=14100"}],"wp:term":[{"taxonomy":"category","embeddable":true,"href":"https:\/\/www.rezeau.org\/wp-garden\/wp-json\/wp\/v2\/categories?post=14100"},{"taxonomy":"post_tag","embeddable":true,"href":"https:\/\/www.rezeau.org\/wp-garden\/wp-json\/wp\/v2\/tags?post=14100"}],"curies":[{"name":"wp","href":"https:\/\/api.w.org\/{rel}","templated":true}]}}