
{"id":14117,"date":"2020-05-01T14:48:46","date_gmt":"2020-05-01T12:48:46","guid":{"rendered":"http:\/\/www.rezeau.org\/wp-garden\/?p=14117"},"modified":"2021-01-20T23:19:42","modified_gmt":"2021-01-20T22:19:42","slug":"le-jardinier-confine-jour-46","status":"publish","type":"post","link":"https:\/\/www.rezeau.org\/wp-garden\/fr\/le-jardinier-confine-jour-46\/","title":{"rendered":"Le jardinier confin\u00e9 :: Jour 46"},"content":{"rendered":"\n<h4 class=\"wp-block-heading\">Le salon de coiffure est ouvert chez Papi Jo<\/h4>\n\n\n\n<figure class=\"wp-block-image\"><a href=\"http:\/\/www.rezeau.org\/wp-garden\/wp-content\/uploads\/I-IMGP4785.jpg\" rel=\"lightbox[14117]\"><img loading=\"lazy\" decoding=\"async\" width=\"300\" height=\"200\" src=\"http:\/\/www.rezeau.org\/wp-garden\/wp-content\/uploads\/I-IMGP4785-300x200.jpg\" alt=\"\" class=\"wp-image-14130\" srcset=\"https:\/\/www.rezeau.org\/wp-garden\/wp-content\/uploads\/I-IMGP4785-300x200.jpg 300w, https:\/\/www.rezeau.org\/wp-garden\/wp-content\/uploads\/I-IMGP4785-768x512.jpg 768w, https:\/\/www.rezeau.org\/wp-garden\/wp-content\/uploads\/I-IMGP4785.jpg 800w\" sizes=\"auto, (max-width: 300px) 100vw, 300px\" \/><\/a><\/figure>\n\n\n\n<p>La glycine qui orne le treillis du mur Ouest pensait pouvoir \u00e9chapper au s\u00e9cateur gr\u00e2ce au confinement. Mauvaise nouvelle pour elle, m\u00eame pendant le confinement et m\u00eame un jour f\u00e9ri\u00e9, elle a eu droit \u00e0 un petit rafra\u00eechissement sur le dessus de la t\u00eate. On lit beaucoup de choses \u00e0 propos de la taille de la glycine, mais en raison de sa configuration, cette glycine voit le s\u00e9cateur tr\u00e8s souvent au cours de la saison de pousse. Il faut avant tout emp\u00eacher les nouvelles tiges vigoureuses d&#8217;aller grimper sur le toit de l&#8217;immeuble voisin et de s&#8217;y glisser sous les ardoises.<\/p>\n\n\n\n<p>D\u00e9placez la barre verticale vers la gauche ou la droite pour voir la diff\u00e9rence entre la glycine avant et apr\u00e8s le petit rafra\u00eechissement !<\/p>\n\n\n\n<p><strong>Pour mieux voir cette double image, surtout si vous avez un grand \u00e9cran, allez \u00e0 cette page : <\/strong><\/p>\n\n\n\n<p><strong><a href=\"http:\/\/www.rezeau.org\/wp-garden\/fr\/evolution-de-la-bordure-ouest-2016-2017-2\/\">Premi\u00e8re taille de la glycine 1er mai 2020<\/a><\/strong><br style=\"clear: both;\"><\/p>\n","protected":false},"excerpt":{"rendered":"<p>Le salon de coiffure est ouvert chez Papi Jo La glycine qui orne le treillis du mur Ouest pensait pouvoir \u00e9chapper au s\u00e9cateur gr\u00e2ce au confinement. Mauvaise nouvelle pour elle, m\u00eame pendant le confinement et m\u00eame un jour f\u00e9ri\u00e9, elle a eu droit \u00e0 un petit rafra\u00eechissement sur le dessus&#8230;<\/p>\n<p class=\"continue-reading-button\"> <a class=\"continue-reading-link\" href=\"https:\/\/www.rezeau.org\/wp-garden\/fr\/le-jardinier-confine-jour-46\/\">Continue reading<i class=\"crycon-right-dir\"><\/i><\/a><\/p>\n","protected":false},"author":2,"featured_media":0,"comment_status":"closed","ping_status":"closed","sticky":false,"template":"","format":"standard","meta":{"_acf_changed":false,"footnotes":""},"categories":[677],"tags":[3216,3185,3218],"class_list":["post-14117","post","type-post","status-publish","format-standard","hentry","category-journal-du-jardin","tag-amenagement","tag-confinement","tag-taille"],"acf":[],"_links":{"self":[{"href":"https:\/\/www.rezeau.org\/wp-garden\/wp-json\/wp\/v2\/posts\/14117","targetHints":{"allow":["GET"]}}],"collection":[{"href":"https:\/\/www.rezeau.org\/wp-garden\/wp-json\/wp\/v2\/posts"}],"about":[{"href":"https:\/\/www.rezeau.org\/wp-garden\/wp-json\/wp\/v2\/types\/post"}],"author":[{"embeddable":true,"href":"https:\/\/www.rezeau.org\/wp-garden\/wp-json\/wp\/v2\/users\/2"}],"replies":[{"embeddable":true,"href":"https:\/\/www.rezeau.org\/wp-garden\/wp-json\/wp\/v2\/comments?post=14117"}],"version-history":[{"count":0,"href":"https:\/\/www.rezeau.org\/wp-garden\/wp-json\/wp\/v2\/posts\/14117\/revisions"}],"wp:attachment":[{"href":"https:\/\/www.rezeau.org\/wp-garden\/wp-json\/wp\/v2\/media?parent=14117"}],"wp:term":[{"taxonomy":"category","embeddable":true,"href":"https:\/\/www.rezeau.org\/wp-garden\/wp-json\/wp\/v2\/categories?post=14117"},{"taxonomy":"post_tag","embeddable":true,"href":"https:\/\/www.rezeau.org\/wp-garden\/wp-json\/wp\/v2\/tags?post=14117"}],"curies":[{"name":"wp","href":"https:\/\/api.w.org\/{rel}","templated":true}]}}