
{"id":14123,"date":"2020-05-02T01:00:27","date_gmt":"2020-05-01T23:00:27","guid":{"rendered":"http:\/\/www.rezeau.org\/wp-garden\/?p=14123"},"modified":"2021-01-20T23:16:46","modified_gmt":"2021-01-20T22:16:46","slug":"le-jardinier-confine-jour-47","status":"publish","type":"post","link":"https:\/\/www.rezeau.org\/wp-garden\/fr\/le-jardinier-confine-jour-47\/","title":{"rendered":"Le jardinier confin\u00e9 :: Jour 47"},"content":{"rendered":"\n<h4 class=\"wp-block-heading\">Jardiner avec la lune, une &#8220;th\u00e9orie&#8221; <em>irr\u00e9futable<\/em><\/h4>\n\n\n\n<p>Il est toujours instructif, et parfois amusant, de relever les contradictions dans le discours de nos contemporains, y compris dans notre domaine de pr\u00e9dilection, le jardinage. Dans le dernier num\u00e9ro du magazine de jardinage &#8220;L&#8217;Ami des Jardins (et de la maison)&#8221;, on peut lire un petit article d&#8217;un collaborateur habituel du magazine, Denis P\u00e9pin, jardinier \u00e9cologiste bien connu dans mon d\u00e9partement (voir <a href=\"https:\/\/www.jardindespepins.fr\/\">https:\/\/www.jardindespepins.fr\/<\/a>).<\/p>\n\n\n\n<p>En voici l&#8217;essentiel :<\/p>\n\n\n\n<!--more-->\n\n\n\n<blockquote class=\"wp-block-quote is-layout-flow wp-block-quote-is-layout-flow\"><p>Mettez de c\u00f4t\u00e9 le calendrier lunaire et intervenez quand vous avez le temps, au bon moment (temp\u00e9rature du sol suffisante, terre s\u00e8che qui ne se compacte pas&#8230;) et en tenant compte des pr\u00e9visions m\u00e9t\u00e9o. Ce sera d\u00e9j\u00e0 bien !<br>Certes, la lune exerce une influence sur les fluides (mar\u00e9es), la reproduction de nombreux animaux mais rien ne prouve vraiment son influence sur les cultures, de leur semis \u00e0 leur r\u00e9colte. J&#8217;ai respect\u00e9 le calendrier lunaire biodynamique pendant des ann\u00e9es sans vraiment y croire.<br>C&#8217;\u00e9tait assez contraignant. Et puis, deux ann\u00e9es de suite, j&#8217;ai fait des essais sur des \u00e9pinards et des radis, prompts \u00e0 monter \u00e0 graine. Deux vari\u00e9t\u00e9s de radis, quatre d&#8217;\u00e9pinards, sem\u00e9s c\u00f4te \u00e0 c\u00f4te \u00e0 quatre \u00ab lunes \u00bb diff\u00e9rentes, dont un n\u0153ud lunaire cens\u00e9 \u00eatre la pire des situations. R\u00e9sultat : aucune diff\u00e9rence entre les modalit\u00e9s lunaires, mais beaucoup de diff\u00e9rence entre les vari\u00e9t\u00e9s quelle que soit la lune. Depuis, je n&#8217;en tiens plus compte, sans aucune cons\u00e9quence sur le rendement, la qualit\u00e9 des r\u00e9coltes et la mont\u00e9e \u00e0 graine des laitues, \u00e9pinards, radis, oignon, ail.<\/p><\/blockquote>\n\n\n\n<div class=\"wp-block-image\"><figure class=\"alignleft\"><a href=\"http:\/\/www.rezeau.org\/wp-garden\/wp-content\/uploads\/2020-05-01_15-38-57.jpg\" rel=\"lightbox[14123]\"><img loading=\"lazy\" decoding=\"async\" width=\"300\" height=\"243\" src=\"http:\/\/www.rezeau.org\/wp-garden\/wp-content\/uploads\/2020-05-01_15-38-57-300x243.jpg\" alt=\"\" class=\"wp-image-14125\" srcset=\"https:\/\/www.rezeau.org\/wp-garden\/wp-content\/uploads\/2020-05-01_15-38-57-300x243.jpg 300w, https:\/\/www.rezeau.org\/wp-garden\/wp-content\/uploads\/2020-05-01_15-38-57.jpg 491w\" sizes=\"auto, (max-width: 300px) 100vw, 300px\" \/><\/a><\/figure><\/div>\n\n\n\n<p>Ce qui n&#8217;emp\u00eache pas le m\u00eame magazine de continuer \u00e0 publier mois apr\u00e8s mois et sur une pleine page, son &#8220;Calendrier Lunaire&#8221;&nbsp;!<\/p>\n\n\n\n<p>Le probl\u00e8me de la th\u00e9orie de l&#8217;influence de la lune sur la croissance des plantes c&#8217;est qu&#8217;elle est <em>irr\u00e9futable<\/em>. Cette proposition est <em>irr\u00e9futable<\/em> puisqu&#8217;il est impossible de prouver qu&#8217;elle est fausse, c&#8217;est-\u00e0-dire de prouver que la lune n&#8217;exerce pas d&#8217;influence. Mais pour qu&#8217;une th\u00e9orie soit scientifique, il faut qu&#8217;elle soit non seulement r\u00e9futable, mais aussi non r\u00e9fut\u00e9e. Seules survivent les th\u00e9ories ayant pass\u00e9 avec succ\u00e8s l&#8217;examen de la r\u00e9futation. (Raisonnement repris de <a href=\"https:\/\/www.cerveauetpsycho.fr\/sd\/psychologie-sociale\/l8217altruisme-est-il-de-l8217egoisme-cache-7910.php\">cet article en ligne<\/a>).<\/p>\n\n\n\n<p>Cette th\u00e9orie n&#8217;en est donc pas une au sens scientifique, mais une simple &#8220;croyance&#8221;, comme d&#8217;autres croyances en lien avec notre plan\u00e8te satellite, lire ici : <a href=\"https:\/\/www.futura-sciences.com\/sciences\/actualites\/astronomie-lune-5-mythes-croyances-ont-vie-dure-70002\/\">La Lune en 5 mythes et croyances qui ont la vie dure<\/a>.<\/p>\n\n\n\n<p>Pour conclure, je citerai le jardinier en chef de Versailles &#8212; non, pas <a href=\"http:\/\/www.rezeau.org\/wp-garden\/fr\/tag\/baraton\/\">Alain Baraton<\/a> mais son illustre pr\u00e9d\u00e9cesseur, Jean-Baptiste de La Quintinie :<\/p>\n\n\n\n<blockquote class=\"wp-block-quote is-layout-flow wp-block-quote-is-layout-flow\"><p>Une autre esp\u00e8ce d\u2019ignorants sont ceux qui ne sauraient dire trois paroles de leur m\u00e9tier sans y m\u00ealer la pleine Lune et le d\u00e9cours<sup>1<\/sup>, pr\u00e9tendant, et n\u2019en sachant pourtant aucune raison, que c\u2019est une observation absolument n\u00e9cessaire pour le succ\u00e8s de tout le jardinage.<\/p><\/blockquote>\n\n\n\n<div class=\"wp-block-group has-background\" style=\"background-color:#e9e3d3\"><div class=\"wp-block-group__inner-container is-layout-flow wp-block-group-is-layout-flow\">\n<p><sup>1<\/sup> <i>Lune d\u00e9croissante<\/i><\/p>\n<\/div><\/div>\n","protected":false},"excerpt":{"rendered":"<p>Jardiner avec la lune, une &#8220;th\u00e9orie&#8221; irr\u00e9futable Il est toujours instructif, et parfois amusant, de relever les contradictions dans le discours de nos contemporains, y compris dans notre domaine de pr\u00e9dilection, le jardinage. Dans le dernier num\u00e9ro du magazine de jardinage &#8220;L&#8217;Ami des Jardins (et de la maison)&#8221;, on peut&#8230;<\/p>\n<p class=\"continue-reading-button\"> <a class=\"continue-reading-link\" href=\"https:\/\/www.rezeau.org\/wp-garden\/fr\/le-jardinier-confine-jour-47\/\">Continue reading<i class=\"crycon-right-dir\"><\/i><\/a><\/p>\n","protected":false},"author":2,"featured_media":0,"comment_status":"closed","ping_status":"closed","sticky":false,"template":"","format":"standard","meta":{"_acf_changed":false,"footnotes":""},"categories":[677],"tags":[3185,2187],"class_list":["post-14123","post","type-post","status-publish","format-standard","hentry","category-journal-du-jardin","tag-confinement","tag-coup-de-gueule"],"acf":[],"_links":{"self":[{"href":"https:\/\/www.rezeau.org\/wp-garden\/wp-json\/wp\/v2\/posts\/14123","targetHints":{"allow":["GET"]}}],"collection":[{"href":"https:\/\/www.rezeau.org\/wp-garden\/wp-json\/wp\/v2\/posts"}],"about":[{"href":"https:\/\/www.rezeau.org\/wp-garden\/wp-json\/wp\/v2\/types\/post"}],"author":[{"embeddable":true,"href":"https:\/\/www.rezeau.org\/wp-garden\/wp-json\/wp\/v2\/users\/2"}],"replies":[{"embeddable":true,"href":"https:\/\/www.rezeau.org\/wp-garden\/wp-json\/wp\/v2\/comments?post=14123"}],"version-history":[{"count":0,"href":"https:\/\/www.rezeau.org\/wp-garden\/wp-json\/wp\/v2\/posts\/14123\/revisions"}],"wp:attachment":[{"href":"https:\/\/www.rezeau.org\/wp-garden\/wp-json\/wp\/v2\/media?parent=14123"}],"wp:term":[{"taxonomy":"category","embeddable":true,"href":"https:\/\/www.rezeau.org\/wp-garden\/wp-json\/wp\/v2\/categories?post=14123"},{"taxonomy":"post_tag","embeddable":true,"href":"https:\/\/www.rezeau.org\/wp-garden\/wp-json\/wp\/v2\/tags?post=14123"}],"curies":[{"name":"wp","href":"https:\/\/api.w.org\/{rel}","templated":true}]}}