
{"id":14192,"date":"2020-05-08T18:42:19","date_gmt":"2020-05-08T16:42:19","guid":{"rendered":"http:\/\/www.rezeau.org\/wp-garden\/?p=14192"},"modified":"2021-01-15T23:42:22","modified_gmt":"2021-01-15T22:42:22","slug":"le-jardinier-confine-jour-53","status":"publish","type":"post","link":"https:\/\/www.rezeau.org\/wp-garden\/fr\/le-jardinier-confine-jour-53\/","title":{"rendered":"Le jardinier confin\u00e9 :: Jour 53"},"content":{"rendered":"\n<h4 class=\"wp-block-heading\">La fasciation, qu&#8217;est-ce que c&#8217;est ?<\/h4>\n\n\n\n<p>Wikipedia nous dit &#8220;La fasciation et la cristation d\u00e9signent une forme de t\u00e9ratologie v\u00e9g\u00e9tale qui consiste en la croissance anormale du sommet d&#8217;une tige respectivement <em>en forme de faisceau ou de cr\u00eate<\/em>.&#8221;<\/p>\n\n\n\n<p>Dans mon jardin, j&#8217;ai jusqu&#8217;ici remarqu\u00e9 seulement deux ou trois plantes qui pr\u00e9sentent ce ph\u00e9nom\u00e8ne. L<a href=\"http:\/\/www.rezeau.org\/wp-garden\/fr\/aconitum-septentrionale-ivorine\/\">&#8216;aconit septentrionale &#8216;Ivorine&#8217;<\/a>, <a href=\"http:\/\/www.rezeau.org\/wp-garden\/fr\/camassia-leichtlinii-alba\/\">le camassia leichtlinii &#8216;Alba&#8217;<\/a> et une plante qui n&#8217;est plus au jardin, la cin\u00e9raire maritime (<em>Senecio cineraria<\/em>).<\/p>\n\n\n\n<figure class=\"wp-block-gallery aligncenter columns-2 wp-block-gallery-1 is-layout-flex wp-block-gallery-is-layout-flex\"><ul class=\"blocks-gallery-grid\"><li class=\"blocks-gallery-item\"><figure><a href=\"https:\/\/www.rezeau.org\/wp-garden\/wp-content\/uploads\/Camassia-leichtlinii-Alba-04-05-2020.jpg\" rel=\"lightbox[14192]\"><img loading=\"lazy\" decoding=\"async\" width=\"600\" height=\"800\" src=\"https:\/\/www.rezeau.org\/wp-garden\/wp-content\/uploads\/Camassia-leichtlinii-Alba-04-05-2020.jpg\" alt=\"Fasciation\" data-id=\"14194\" class=\"wp-image-14194\" srcset=\"https:\/\/www.rezeau.org\/wp-garden\/wp-content\/uploads\/Camassia-leichtlinii-Alba-04-05-2020.jpg 600w, https:\/\/www.rezeau.org\/wp-garden\/wp-content\/uploads\/Camassia-leichtlinii-Alba-04-05-2020-225x300.jpg 225w\" sizes=\"auto, (max-width: 600px) 100vw, 600px\" \/><\/a><\/figure><\/li><li class=\"blocks-gallery-item\"><figure><a href=\"https:\/\/www.rezeau.org\/wp-garden\/wp-content\/uploads\/Camassia-leichtlinii-Alba-04-05-2020-2.jpg\" rel=\"lightbox[14192]\"><img loading=\"lazy\" decoding=\"async\" width=\"600\" height=\"800\" src=\"https:\/\/www.rezeau.org\/wp-garden\/wp-content\/uploads\/Camassia-leichtlinii-Alba-04-05-2020-2.jpg\" alt=\"Fasciation\" data-id=\"14195\" class=\"wp-image-14195\" srcset=\"https:\/\/www.rezeau.org\/wp-garden\/wp-content\/uploads\/Camassia-leichtlinii-Alba-04-05-2020-2.jpg 600w, https:\/\/www.rezeau.org\/wp-garden\/wp-content\/uploads\/Camassia-leichtlinii-Alba-04-05-2020-2-225x300.jpg 225w\" sizes=\"auto, (max-width: 600px) 100vw, 600px\" \/><\/a><\/figure><\/li><\/ul><figcaption class=\"blocks-gallery-caption\"><em>Camassia leichtlinii<\/em> &#8216;Alba&#8217; mai 2020<\/figcaption><\/figure>\n\n\n\n<p>Sur la photo de gauche on voit 3 tiges florales &#8220;normales&#8221;, avec l&#8217;extr\u00e9mit\u00e9 &#8220;en pointe&#8221;, et 3 exemples de fasciation. Sur la photo de droite on voit en gros plan la fasciation.<\/p>\n\n\n\n<div class=\"wp-block-image\"><figure class=\"aligncenter size-full\"><a href=\"http:\/\/www.rezeau.org\/wp-garden\/wp-content\/uploads\/H-IMGP2608.jpg\" rel=\"lightbox[14192]\"><img loading=\"lazy\" decoding=\"async\" width=\"800\" height=\"533\" src=\"https:\/\/www.rezeau.org\/wp-garden\/wp-content\/uploads\/H-IMGP2608.jpg\" alt=\"\" class=\"wp-image-14198\" srcset=\"https:\/\/www.rezeau.org\/wp-garden\/wp-content\/uploads\/H-IMGP2608.jpg 800w, https:\/\/www.rezeau.org\/wp-garden\/wp-content\/uploads\/H-IMGP2608-300x200.jpg 300w, https:\/\/www.rezeau.org\/wp-garden\/wp-content\/uploads\/H-IMGP2608-768x512.jpg 768w\" sizes=\"auto, (max-width: 800px) 100vw, 800px\" \/><\/a><figcaption><em>Senecio cineraria<\/em> septembre 2017<\/figcaption><\/figure><\/div>\n\n\n\n<p>Voici quelques exemples de fasciation tr\u00e8s spectaculaires trouv\u00e9s sur internet.<\/p>\n\n\n\n<figure class=\"wp-block-gallery columns-3 wp-block-gallery-2 is-layout-flex wp-block-gallery-is-layout-flex\"><ul class=\"blocks-gallery-grid\"><li class=\"blocks-gallery-item\"><figure><a href=\"https:\/\/www.rezeau.org\/wp-garden\/wp-content\/uploads\/450px-Digitalis_Fasciation_detail_stem.jpg\" rel=\"lightbox[14192]\"><img loading=\"lazy\" decoding=\"async\" width=\"450\" height=\"600\" src=\"https:\/\/www.rezeau.org\/wp-garden\/wp-content\/uploads\/450px-Digitalis_Fasciation_detail_stem.jpg\" alt=\"Fasciation on Digitalis. Note the larger thickened stem compared to the normal-sized flowering spike on the left.\" data-id=\"14202\" class=\"wp-image-14202\" srcset=\"https:\/\/www.rezeau.org\/wp-garden\/wp-content\/uploads\/450px-Digitalis_Fasciation_detail_stem.jpg 450w, https:\/\/www.rezeau.org\/wp-garden\/wp-content\/uploads\/450px-Digitalis_Fasciation_detail_stem-225x300.jpg 225w\" sizes=\"auto, (max-width: 450px) 100vw, 450px\" \/><\/a><figcaption class=\"blocks-gallery-item__caption\"><em>Digitalis<\/em><\/figcaption><\/figure><\/li><li class=\"blocks-gallery-item\"><figure><a href=\"https:\/\/www.rezeau.org\/wp-garden\/wp-content\/uploads\/fasciation.jpg\" rel=\"lightbox[14192]\"><img loading=\"lazy\" decoding=\"async\" width=\"1600\" height=\"1200\" src=\"https:\/\/www.rezeau.org\/wp-garden\/wp-content\/uploads\/fasciation.jpg\" alt=\"http:\/\/ernieandi.blogspot.com\/2011\/01\/fascinationg-fasciation.html\" data-id=\"14201\" class=\"wp-image-14201\" srcset=\"https:\/\/www.rezeau.org\/wp-garden\/wp-content\/uploads\/fasciation.jpg 1600w, https:\/\/www.rezeau.org\/wp-garden\/wp-content\/uploads\/fasciation-300x225.jpg 300w, https:\/\/www.rezeau.org\/wp-garden\/wp-content\/uploads\/fasciation-1025x769.jpg 1025w, https:\/\/www.rezeau.org\/wp-garden\/wp-content\/uploads\/fasciation-768x576.jpg 768w, https:\/\/www.rezeau.org\/wp-garden\/wp-content\/uploads\/fasciation-1536x1152.jpg 1536w\" sizes=\"auto, (max-width: 1600px) 100vw, 1600px\" \/><\/a><figcaption class=\"blocks-gallery-item__caption\"><em>Euphorbia<\/em><\/figcaption><\/figure><\/li><li class=\"blocks-gallery-item\"><figure><a href=\"https:\/\/www.rezeau.org\/wp-garden\/wp-content\/uploads\/MulesEarFasciated_107393.jpg\" rel=\"lightbox[14192]\"><img loading=\"lazy\" decoding=\"async\" width=\"675\" height=\"432\" src=\"https:\/\/www.rezeau.org\/wp-garden\/wp-content\/uploads\/MulesEarFasciated_107393.jpg\" alt=\"https:\/\/commons.wikimedia.org\/wiki\/File:MulesEarFasciated_107393.jpg\" data-id=\"14200\" class=\"wp-image-14200\" srcset=\"https:\/\/www.rezeau.org\/wp-garden\/wp-content\/uploads\/MulesEarFasciated_107393.jpg 675w, https:\/\/www.rezeau.org\/wp-garden\/wp-content\/uploads\/MulesEarFasciated_107393-300x192.jpg 300w\" sizes=\"auto, (max-width: 675px) 100vw, 675px\" \/><\/a><figcaption class=\"blocks-gallery-item__caption\"><em>Wyethia helianthoides<\/em><\/figcaption><\/figure><\/li><\/ul><\/figure>\n","protected":false},"excerpt":{"rendered":"<p>La fasciation, qu&#8217;est-ce que c&#8217;est ? Wikipedia nous dit &#8220;La fasciation et la cristation d\u00e9signent une forme de t\u00e9ratologie v\u00e9g\u00e9tale qui consiste en la croissance anormale du sommet d&#8217;une tige respectivement en forme de faisceau ou de cr\u00eate.&#8221; Dans mon jardin, j&#8217;ai jusqu&#8217;ici remarqu\u00e9 seulement deux ou trois plantes qui&#8230;<\/p>\n<p class=\"continue-reading-button\"> <a class=\"continue-reading-link\" href=\"https:\/\/www.rezeau.org\/wp-garden\/fr\/le-jardinier-confine-jour-53\/\">Continue reading<i class=\"crycon-right-dir\"><\/i><\/a><\/p>\n","protected":false},"author":2,"featured_media":0,"comment_status":"closed","ping_status":"closed","sticky":false,"template":"","format":"standard","meta":{"_acf_changed":false,"footnotes":""},"categories":[677],"tags":[3185,3224],"class_list":["post-14192","post","type-post","status-publish","format-standard","hentry","category-journal-du-jardin","tag-confinement","tag-fasciation"],"acf":[],"_links":{"self":[{"href":"https:\/\/www.rezeau.org\/wp-garden\/wp-json\/wp\/v2\/posts\/14192","targetHints":{"allow":["GET"]}}],"collection":[{"href":"https:\/\/www.rezeau.org\/wp-garden\/wp-json\/wp\/v2\/posts"}],"about":[{"href":"https:\/\/www.rezeau.org\/wp-garden\/wp-json\/wp\/v2\/types\/post"}],"author":[{"embeddable":true,"href":"https:\/\/www.rezeau.org\/wp-garden\/wp-json\/wp\/v2\/users\/2"}],"replies":[{"embeddable":true,"href":"https:\/\/www.rezeau.org\/wp-garden\/wp-json\/wp\/v2\/comments?post=14192"}],"version-history":[{"count":0,"href":"https:\/\/www.rezeau.org\/wp-garden\/wp-json\/wp\/v2\/posts\/14192\/revisions"}],"wp:attachment":[{"href":"https:\/\/www.rezeau.org\/wp-garden\/wp-json\/wp\/v2\/media?parent=14192"}],"wp:term":[{"taxonomy":"category","embeddable":true,"href":"https:\/\/www.rezeau.org\/wp-garden\/wp-json\/wp\/v2\/categories?post=14192"},{"taxonomy":"post_tag","embeddable":true,"href":"https:\/\/www.rezeau.org\/wp-garden\/wp-json\/wp\/v2\/tags?post=14192"}],"curies":[{"name":"wp","href":"https:\/\/api.w.org\/{rel}","templated":true}]}}