
{"id":14480,"date":"2020-05-19T22:51:42","date_gmt":"2020-05-19T20:51:42","guid":{"rendered":"http:\/\/www.rezeau.org\/wp-garden\/?p=14480"},"modified":"2021-01-14T23:22:25","modified_gmt":"2021-01-14T22:22:25","slug":"le-jardin-profite-du-beau-temps","status":"publish","type":"post","link":"https:\/\/www.rezeau.org\/wp-garden\/fr\/le-jardin-profite-du-beau-temps\/","title":{"rendered":"Le jardin profite du beau temps"},"content":{"rendered":"\n<p>Pas facile de prendre des photos du jardin, trop de soleil ! J&#8217;ai vite profit\u00e9 du voile nuageux de ce d\u00e9but de matin\u00e9e pour faire ces quelques photos.<\/p>\n\n\n\n<p>Pour voir le nom de toutes les plantes de la photo de la bordure Ouest vue du Sud, cliquez sur la vignette.<\/p>\n\n\n\n<div class=\"wp-block-image\"><figure class=\"alignleft size-full is-resized\"><a href=\"http:\/\/www.rezeau.org\/wp-garden\/fr\/mixed-border-ouest-vue-du-sud-mai-2020\/\"><img loading=\"lazy\" decoding=\"async\" src=\"https:\/\/www.rezeau.org\/wp-garden\/wp-content\/uploads\/I-IMGP5078.jpg\" alt=\"\" class=\"wp-image-14487\" width=\"400\" height=\"267\" srcset=\"https:\/\/www.rezeau.org\/wp-garden\/wp-content\/uploads\/I-IMGP5078.jpg 800w, https:\/\/www.rezeau.org\/wp-garden\/wp-content\/uploads\/I-IMGP5078-300x200.jpg 300w, https:\/\/www.rezeau.org\/wp-garden\/wp-content\/uploads\/I-IMGP5078-768x512.jpg 768w\" sizes=\"auto, (max-width: 400px) 100vw, 400px\" \/><\/a><figcaption>Bordure Ouest vue du Sud : clic pour les noms !<\/figcaption><\/figure><\/div>\n\n\n\n<figure class=\"wp-block-gallery aligncenter columns-3 wp-block-gallery-1 is-layout-flex wp-block-gallery-is-layout-flex\"><ul class=\"blocks-gallery-grid\"><li class=\"blocks-gallery-item\"><figure><a href=\"https:\/\/www.rezeau.org\/wp-garden\/wp-content\/uploads\/I-IMGP5086.jpg\" rel=\"lightbox[14480]\"><img loading=\"lazy\" decoding=\"async\" width=\"800\" height=\"533\" src=\"https:\/\/www.rezeau.org\/wp-garden\/wp-content\/uploads\/I-IMGP5086.jpg\" alt=\"mi-mai 2020\" data-id=\"14486\" class=\"wp-image-14486\" srcset=\"https:\/\/www.rezeau.org\/wp-garden\/wp-content\/uploads\/I-IMGP5086.jpg 800w, https:\/\/www.rezeau.org\/wp-garden\/wp-content\/uploads\/I-IMGP5086-300x200.jpg 300w, https:\/\/www.rezeau.org\/wp-garden\/wp-content\/uploads\/I-IMGP5086-768x512.jpg 768w\" sizes=\"auto, (max-width: 800px) 100vw, 800px\" \/><\/a><figcaption class=\"blocks-gallery-item__caption\"><em>Heuchera<\/em> &#8216;Black Beauty&#8217; 19\/05\/2020<\/figcaption><\/figure><\/li><li class=\"blocks-gallery-item\"><figure><a href=\"https:\/\/www.rezeau.org\/wp-garden\/wp-content\/uploads\/I-IMGP5091.jpg\" rel=\"lightbox[14480]\"><img loading=\"lazy\" decoding=\"async\" width=\"800\" height=\"530\" src=\"https:\/\/www.rezeau.org\/wp-garden\/wp-content\/uploads\/I-IMGP5091.jpg\" alt=\"Floraison de mai 2020\" data-id=\"14485\" class=\"wp-image-14485\" srcset=\"https:\/\/www.rezeau.org\/wp-garden\/wp-content\/uploads\/I-IMGP5091.jpg 800w, https:\/\/www.rezeau.org\/wp-garden\/wp-content\/uploads\/I-IMGP5091-300x199.jpg 300w, https:\/\/www.rezeau.org\/wp-garden\/wp-content\/uploads\/I-IMGP5091-768x509.jpg 768w\" sizes=\"auto, (max-width: 800px) 100vw, 800px\" \/><\/a><figcaption class=\"blocks-gallery-item__caption\"><em>Tradescantia x andersoniana<\/em> &#8216;Sweet Kate&#8217;<\/figcaption><\/figure><\/li><li class=\"blocks-gallery-item\"><figure><a href=\"https:\/\/www.rezeau.org\/wp-garden\/wp-content\/uploads\/I-IMGP5088.jpg\" rel=\"lightbox[14480]\"><img loading=\"lazy\" decoding=\"async\" width=\"800\" height=\"533\" src=\"https:\/\/www.rezeau.org\/wp-garden\/wp-content\/uploads\/I-IMGP5088.jpg\" alt=\"\" data-id=\"14484\" class=\"wp-image-14484\" srcset=\"https:\/\/www.rezeau.org\/wp-garden\/wp-content\/uploads\/I-IMGP5088.jpg 800w, https:\/\/www.rezeau.org\/wp-garden\/wp-content\/uploads\/I-IMGP5088-300x200.jpg 300w, https:\/\/www.rezeau.org\/wp-garden\/wp-content\/uploads\/I-IMGP5088-768x512.jpg 768w\" sizes=\"auto, (max-width: 800px) 100vw, 800px\" \/><\/a><figcaption class=\"blocks-gallery-item__caption\">Bordure Ouest vue du Nord<\/figcaption><\/figure><\/li><li class=\"blocks-gallery-item\"><figure><a href=\"https:\/\/www.rezeau.org\/wp-garden\/wp-content\/uploads\/I-IMGP5097.jpg\" rel=\"lightbox[14480]\"><img loading=\"lazy\" decoding=\"async\" width=\"800\" height=\"533\" src=\"https:\/\/www.rezeau.org\/wp-garden\/wp-content\/uploads\/I-IMGP5097.jpg\" alt=\"\" data-id=\"14483\" class=\"wp-image-14483\" srcset=\"https:\/\/www.rezeau.org\/wp-garden\/wp-content\/uploads\/I-IMGP5097.jpg 800w, https:\/\/www.rezeau.org\/wp-garden\/wp-content\/uploads\/I-IMGP5097-300x200.jpg 300w, https:\/\/www.rezeau.org\/wp-garden\/wp-content\/uploads\/I-IMGP5097-768x512.jpg 768w\" sizes=\"auto, (max-width: 800px) 100vw, 800px\" \/><\/a><figcaption class=\"blocks-gallery-item__caption\">Association de couleurs<\/figcaption><\/figure><\/li><li class=\"blocks-gallery-item\"><figure><a href=\"https:\/\/www.rezeau.org\/wp-garden\/wp-content\/uploads\/I-IMGP5101.jpg\" rel=\"lightbox[14480]\"><img loading=\"lazy\" decoding=\"async\" width=\"800\" height=\"533\" src=\"https:\/\/www.rezeau.org\/wp-garden\/wp-content\/uploads\/I-IMGP5101.jpg\" alt=\"Floraison \u00e0 contre-jour\" data-id=\"14482\" class=\"wp-image-14482\" srcset=\"https:\/\/www.rezeau.org\/wp-garden\/wp-content\/uploads\/I-IMGP5101.jpg 800w, https:\/\/www.rezeau.org\/wp-garden\/wp-content\/uploads\/I-IMGP5101-300x200.jpg 300w, https:\/\/www.rezeau.org\/wp-garden\/wp-content\/uploads\/I-IMGP5101-768x512.jpg 768w\" sizes=\"auto, (max-width: 800px) 100vw, 800px\" \/><\/a><figcaption class=\"blocks-gallery-item__caption\"><em>Heuchera<\/em> &#8216;Chocolate Ruffles&#8217;<\/figcaption><\/figure><\/li><\/ul><\/figure>\n","protected":false},"excerpt":{"rendered":"<p>Pas facile de prendre des photos du jardin, trop de soleil ! J&#8217;ai vite profit\u00e9 du voile nuageux de ce d\u00e9but de matin\u00e9e pour faire ces quelques photos. Pour voir le nom de toutes les plantes de la photo de la bordure Ouest vue du Sud, cliquez sur la vignette.<\/p>\n<p class=\"continue-reading-button\"> <a class=\"continue-reading-link\" href=\"https:\/\/www.rezeau.org\/wp-garden\/fr\/le-jardin-profite-du-beau-temps\/\">Continue reading<i class=\"crycon-right-dir\"><\/i><\/a><\/p>\n","protected":false},"author":2,"featured_media":0,"comment_status":"closed","ping_status":"closed","sticky":false,"template":"","format":"standard","meta":{"_acf_changed":false,"footnotes":""},"categories":[677],"tags":[],"class_list":["post-14480","post","type-post","status-publish","format-standard","hentry","category-journal-du-jardin"],"acf":[],"_links":{"self":[{"href":"https:\/\/www.rezeau.org\/wp-garden\/wp-json\/wp\/v2\/posts\/14480","targetHints":{"allow":["GET"]}}],"collection":[{"href":"https:\/\/www.rezeau.org\/wp-garden\/wp-json\/wp\/v2\/posts"}],"about":[{"href":"https:\/\/www.rezeau.org\/wp-garden\/wp-json\/wp\/v2\/types\/post"}],"author":[{"embeddable":true,"href":"https:\/\/www.rezeau.org\/wp-garden\/wp-json\/wp\/v2\/users\/2"}],"replies":[{"embeddable":true,"href":"https:\/\/www.rezeau.org\/wp-garden\/wp-json\/wp\/v2\/comments?post=14480"}],"version-history":[{"count":0,"href":"https:\/\/www.rezeau.org\/wp-garden\/wp-json\/wp\/v2\/posts\/14480\/revisions"}],"wp:attachment":[{"href":"https:\/\/www.rezeau.org\/wp-garden\/wp-json\/wp\/v2\/media?parent=14480"}],"wp:term":[{"taxonomy":"category","embeddable":true,"href":"https:\/\/www.rezeau.org\/wp-garden\/wp-json\/wp\/v2\/categories?post=14480"},{"taxonomy":"post_tag","embeddable":true,"href":"https:\/\/www.rezeau.org\/wp-garden\/wp-json\/wp\/v2\/tags?post=14480"}],"curies":[{"name":"wp","href":"https:\/\/api.w.org\/{rel}","templated":true}]}}