
{"id":14787,"date":"2020-07-19T15:24:28","date_gmt":"2020-07-19T13:24:28","guid":{"rendered":"http:\/\/www.rezeau.org\/wp-garden\/?p=14787"},"modified":"2021-01-11T17:36:05","modified_gmt":"2021-01-11T16:36:05","slug":"la-plante-trop-arrosee-qui-meurt-de-soif","status":"publish","type":"post","link":"https:\/\/www.rezeau.org\/wp-garden\/fr\/la-plante-trop-arrosee-qui-meurt-de-soif\/","title":{"rendered":"La plante trop arros\u00e9e qui meurt de soif&#8230;"},"content":{"rendered":"\n<p>Week-end faste pour les amateurs d&#8217;\u00e2neries prof\u00e9r\u00e9es par notre jardinier favori. Entendu ce matin dimanche 19 juillet dans &#8220;La main verte&#8221;.<\/p>\n\n\n\n<figure class=\"wp-block-audio\"><audio controls src=\"http:\/\/www.rezeau.org\/wp-garden\/wp-content\/uploads\/baraton_exc\u00e8s_d_eau.mp3\"><\/audio><\/figure>\n\n\n\n<blockquote class=\"wp-block-quote is-layout-flow wp-block-quote-is-layout-flow\"><p>AB.- Je rappelle que quand une racine est dans une terre mouill\u00e9e, la racine ne peut plus respirer, elle pourrit. <strong>Et parce qu&#8217;elle ne peut plus respirer la plante meurt de soif.<\/strong> Donc on \u00e9vitera l&#8217;exc\u00e8s d&#8217;eau.<\/p><\/blockquote>\n\n\n\n<p>Personnellement en tant que modeste jardinier amateur j&#8217;aurais na\u00efvement pens\u00e9 qu&#8217;une plante qui ne peut plus respirer mourait d\u2019asphyxie, mais non, c&#8217;est le jardinier en chef de Versailles qui l&#8217;affirme, une plante trop arros\u00e9e <em>meurt de soif<\/em>. CQFD.<\/p>\n\n\n\n<div class=\"wp-block-image\"><figure class=\"alignleft\"><img loading=\"lazy\" decoding=\"async\" width=\"240\" height=\"239\" src=\"http:\/\/www.rezeau.org\/wp-garden\/wp-content\/uploads\/2020-07-19_15-09-33.jpg\" alt=\"\" class=\"wp-image-14788\" srcset=\"https:\/\/www.rezeau.org\/wp-garden\/wp-content\/uploads\/2020-07-19_15-09-33.jpg 240w, https:\/\/www.rezeau.org\/wp-garden\/wp-content\/uploads\/2020-07-19_15-09-33-150x150.jpg 150w\" sizes=\"auto, (max-width: 240px) 100vw, 240px\" \/><\/figure><\/div>\n\n\n\n<p>Je vais donc me replonger dans la lecture de ce petit manuel de jardinage pour enfants canadiens o\u00f9 tout est clairement expliqu\u00e9.<br style=\"clear: both;\"><\/p>\n","protected":false},"excerpt":{"rendered":"<p>Week-end faste pour les amateurs d&#8217;\u00e2neries prof\u00e9r\u00e9es par notre jardinier favori. Entendu ce matin dimanche 19 juillet dans &#8220;La main verte&#8221;. AB.- Je rappelle que quand une racine est dans une terre mouill\u00e9e, la racine ne peut plus respirer, elle pourrit. Et parce qu&#8217;elle ne peut plus respirer la plante&#8230;<\/p>\n<p class=\"continue-reading-button\"> <a class=\"continue-reading-link\" href=\"https:\/\/www.rezeau.org\/wp-garden\/fr\/la-plante-trop-arrosee-qui-meurt-de-soif\/\">Continue reading<i class=\"crycon-right-dir\"><\/i><\/a><\/p>\n","protected":false},"author":2,"featured_media":0,"comment_status":"closed","ping_status":"closed","sticky":false,"template":"","format":"standard","meta":{"_acf_changed":false,"footnotes":""},"categories":[677],"tags":[3193],"class_list":["post-14787","post","type-post","status-publish","format-standard","hentry","category-journal-du-jardin","tag-baraton"],"acf":[],"_links":{"self":[{"href":"https:\/\/www.rezeau.org\/wp-garden\/wp-json\/wp\/v2\/posts\/14787","targetHints":{"allow":["GET"]}}],"collection":[{"href":"https:\/\/www.rezeau.org\/wp-garden\/wp-json\/wp\/v2\/posts"}],"about":[{"href":"https:\/\/www.rezeau.org\/wp-garden\/wp-json\/wp\/v2\/types\/post"}],"author":[{"embeddable":true,"href":"https:\/\/www.rezeau.org\/wp-garden\/wp-json\/wp\/v2\/users\/2"}],"replies":[{"embeddable":true,"href":"https:\/\/www.rezeau.org\/wp-garden\/wp-json\/wp\/v2\/comments?post=14787"}],"version-history":[{"count":0,"href":"https:\/\/www.rezeau.org\/wp-garden\/wp-json\/wp\/v2\/posts\/14787\/revisions"}],"wp:attachment":[{"href":"https:\/\/www.rezeau.org\/wp-garden\/wp-json\/wp\/v2\/media?parent=14787"}],"wp:term":[{"taxonomy":"category","embeddable":true,"href":"https:\/\/www.rezeau.org\/wp-garden\/wp-json\/wp\/v2\/categories?post=14787"},{"taxonomy":"post_tag","embeddable":true,"href":"https:\/\/www.rezeau.org\/wp-garden\/wp-json\/wp\/v2\/tags?post=14787"}],"curies":[{"name":"wp","href":"https:\/\/api.w.org\/{rel}","templated":true}]}}