
{"id":14815,"date":"2020-07-25T17:24:48","date_gmt":"2020-07-25T15:24:48","guid":{"rendered":"http:\/\/www.rezeau.org\/wp-garden\/?p=14815"},"modified":"2021-01-11T12:06:31","modified_gmt":"2021-01-11T11:06:31","slug":"le-cerisier-qui-avait-une-conscience","status":"publish","type":"post","link":"https:\/\/www.rezeau.org\/wp-garden\/fr\/le-cerisier-qui-avait-une-conscience\/","title":{"rendered":"Le cerisier qui avait une &#8220;conscience&#8221;&#8230;"},"content":{"rendered":"\n<p>Apr\u00e8s les plantes &#8220;dou\u00e9es de raison&#8221;, AB invente le concept du cerisier qui &#8220;a une conscience que nous autres humains n&#8217;avons peut-\u00eatre pas&#8221;. Non content de dire des \u00e2neries, voila maintenant que notre chroniqueur de la main verte radote, puisqu&#8217;il affirme deux semaines de suite que le paradis des plantes existe.<\/p>\n\n\n\n<p>Entendu ce matin samedi 25 juillet dans \u00ab La main verte \u00bb.<\/p>\n\n\n\n<figure class=\"wp-block-audio\"><audio controls src=\"http:\/\/www.rezeau.org\/wp-garden\/wp-content\/uploads\/main-verte-2020-07-25.mp3\"><\/audio><\/figure>\n\n\n\n<blockquote class=\"wp-block-quote is-layout-flow wp-block-quote-is-layout-flow\"><p><span class=\"mejs-offscreen\">\u00a0Une auditrice nous parle de son cerisier qui a \u00e0 moiti\u00e9 br\u00fbl\u00e9 et qui a donn\u00e9 un &#8220;floril\u00e8ge&#8221; de fruits l&#8217;ann\u00e9e suivante.<br><\/span>AB.- Le cerisier il \u00e9tait l\u00e0, il \u00e9tait heureux et puis il y a eu un drame [&#8230;] L&#8217;arbre a grandement souffert et curieusement alors qu&#8217;il a grandement souffert, il produit abondamment des fruits. Eh bien, <strong>cet arbre, il a une conscience que nous autres humains n&#8217;avons peut-\u00eatre pas.<\/strong> Il est certainement capable de sentir sa mort venir. <strong>Mais avant de partir vers le paradis des arbres, parce que je suis s\u00fbr qu&#8217;il existe<\/strong>, eh bien il a envie d&#8217;assurer sa descendance. [&#8230;]<\/p><\/blockquote>\n","protected":false},"excerpt":{"rendered":"<p>Apr\u00e8s les plantes &#8220;dou\u00e9es de raison&#8221;, AB invente le concept du cerisier qui &#8220;a une conscience que nous autres humains n&#8217;avons peut-\u00eatre pas&#8221;. Non content de dire des \u00e2neries, voila maintenant que notre chroniqueur de la main verte radote, puisqu&#8217;il affirme deux semaines de suite que le paradis des plantes&#8230;<\/p>\n<p class=\"continue-reading-button\"> <a class=\"continue-reading-link\" href=\"https:\/\/www.rezeau.org\/wp-garden\/fr\/le-cerisier-qui-avait-une-conscience\/\">Continue reading<i class=\"crycon-right-dir\"><\/i><\/a><\/p>\n","protected":false},"author":2,"featured_media":17592,"comment_status":"closed","ping_status":"closed","sticky":false,"template":"","format":"standard","meta":{"_acf_changed":false,"footnotes":""},"categories":[677],"tags":[3193],"class_list":["post-14815","post","type-post","status-publish","format-standard","has-post-thumbnail","hentry","category-journal-du-jardin","tag-baraton"],"acf":[],"_links":{"self":[{"href":"https:\/\/www.rezeau.org\/wp-garden\/wp-json\/wp\/v2\/posts\/14815","targetHints":{"allow":["GET"]}}],"collection":[{"href":"https:\/\/www.rezeau.org\/wp-garden\/wp-json\/wp\/v2\/posts"}],"about":[{"href":"https:\/\/www.rezeau.org\/wp-garden\/wp-json\/wp\/v2\/types\/post"}],"author":[{"embeddable":true,"href":"https:\/\/www.rezeau.org\/wp-garden\/wp-json\/wp\/v2\/users\/2"}],"replies":[{"embeddable":true,"href":"https:\/\/www.rezeau.org\/wp-garden\/wp-json\/wp\/v2\/comments?post=14815"}],"version-history":[{"count":0,"href":"https:\/\/www.rezeau.org\/wp-garden\/wp-json\/wp\/v2\/posts\/14815\/revisions"}],"wp:featuredmedia":[{"embeddable":true,"href":"https:\/\/www.rezeau.org\/wp-garden\/wp-json\/wp\/v2\/media\/17592"}],"wp:attachment":[{"href":"https:\/\/www.rezeau.org\/wp-garden\/wp-json\/wp\/v2\/media?parent=14815"}],"wp:term":[{"taxonomy":"category","embeddable":true,"href":"https:\/\/www.rezeau.org\/wp-garden\/wp-json\/wp\/v2\/categories?post=14815"},{"taxonomy":"post_tag","embeddable":true,"href":"https:\/\/www.rezeau.org\/wp-garden\/wp-json\/wp\/v2\/tags?post=14815"}],"curies":[{"name":"wp","href":"https:\/\/api.w.org\/{rel}","templated":true}]}}