
{"id":15697,"date":"2020-09-12T22:54:02","date_gmt":"2020-09-12T20:54:02","guid":{"rendered":"https:\/\/www.rezeau.org\/wp-garden\/?p=15697"},"modified":"2021-01-11T11:25:37","modified_gmt":"2021-01-11T10:25:37","slug":"nouvelles-plantes-au-jardin-3","status":"publish","type":"post","link":"https:\/\/www.rezeau.org\/wp-garden\/fr\/nouvelles-plantes-au-jardin-3\/","title":{"rendered":"Nouvelles plantes au jardin"},"content":{"rendered":"\n<p>Ce samedi 12 septembre, petite escapade dans les C\u00f4tes d&#8217;Armor pour &#8220;visiter&#8221; deux p\u00e9pini\u00e8res. En respectant bien entendu les gestes barri\u00e8re, et le port du masque.<\/p>\n\n\n\n<p>La p\u00e9pini\u00e8re <a href=\"https:\/\/www.pepiniere-bretagne.fr\/index.php\">Lepage Bretagne Bord de mer<\/a> se situe \u00e0 la sortie de Lannion, route de Pleumeur-Bodou. C&#8217;est l\u00e0 que j&#8217;avais trouv\u00e9 mon pommier &#8216;Evereste&#8217; \u00e0 l&#8217;automne 2014. Grand choix de vivaces, arbustes, etc. Nous y avons achet\u00e9 3 vivaces et un petit arbuste.<\/p>\n\n\n\n<div class=\"wp-block-image\"><figure class=\"alignleft\"><a href=\"https:\/\/www.rezeau.org\/wp-garden\/wp-content\/uploads\/20200912_151927-1.jpg\" rel=\"lightbox[15697]\"><img loading=\"lazy\" decoding=\"async\" width=\"169\" height=\"300\" src=\"https:\/\/www.rezeau.org\/wp-garden\/wp-content\/uploads\/20200912_151927-1-169x300.jpg\" alt=\"Jardin de la p\u00e9pini\u00e8re Vert-Tige\" class=\"wp-image-15705\" srcset=\"https:\/\/www.rezeau.org\/wp-garden\/wp-content\/uploads\/20200912_151927-1-169x300.jpg 169w, https:\/\/www.rezeau.org\/wp-garden\/wp-content\/uploads\/20200912_151927-1.jpg 450w\" sizes=\"auto, (max-width: 169px) 100vw, 169px\" \/><\/a><figcaption>12\/09\/2020<\/figcaption><\/figure><\/div>\n\n\n\n<p>Nous sommes ensuite all\u00e9s \u00e0 la <a href=\"https:\/\/pepinierevert-tige.fr\/\">p\u00e9pini\u00e8re Vert-Tige<\/a>, qui faisait &#8220;portes ouvertes&#8221;, avec la participation de plusieurs autres p\u00e9pini\u00e8res sp\u00e9cialis\u00e9es, dont notre fournisseur attitr\u00e9 de foug\u00e8res ! Une aubaine&#8230;<\/p>\n\n\n\n<p>A la p\u00e9pini\u00e8re Vert-Tige nous avons visit\u00e9 le joli jardin de sous-bois, avec de superbes foug\u00e8res et des arbres rares. Tr\u00e8s rafra\u00eechissant. Et achet\u00e9 3 sp\u00e9cimens d&#8217;Epimedium \u2018Kodai Murasaki\u2019, \u00e0 planter au pied du sapin de Nordmann, \u00e0 l&#8217;emplacement du fusain arrach\u00e9 r\u00e9cemment.<\/p>\n\n\n\n<figure class=\"wp-block-gallery aligncenter columns-3 wp-block-gallery-1 is-layout-flex wp-block-gallery-is-layout-flex\"><ul class=\"blocks-gallery-grid\"><li class=\"blocks-gallery-item\"><figure><a href=\"https:\/\/www.rezeau.org\/wp-garden\/wp-content\/uploads\/Ajuga-reptans-Black-Scallop-18-09-2020.jpg\" rel=\"lightbox[15697]\"><img loading=\"lazy\" decoding=\"async\" width=\"800\" height=\"533\" src=\"https:\/\/www.rezeau.org\/wp-garden\/wp-content\/uploads\/Ajuga-reptans-Black-Scallop-18-09-2020.jpg\" alt=\"Juste plant\u00e9e\" data-id=\"15628\" class=\"wp-image-15628\" srcset=\"https:\/\/www.rezeau.org\/wp-garden\/wp-content\/uploads\/Ajuga-reptans-Black-Scallop-18-09-2020.jpg 800w, https:\/\/www.rezeau.org\/wp-garden\/wp-content\/uploads\/Ajuga-reptans-Black-Scallop-18-09-2020-300x200.jpg 300w, https:\/\/www.rezeau.org\/wp-garden\/wp-content\/uploads\/Ajuga-reptans-Black-Scallop-18-09-2020-768x512.jpg 768w\" sizes=\"auto, (max-width: 800px) 100vw, 800px\" \/><\/a><figcaption class=\"blocks-gallery-item__caption\"><em>Ajuga reptans<\/em> &#8216;Black Scallop&#8217;<\/figcaption><\/figure><\/li><li class=\"blocks-gallery-item\"><figure><a href=\"https:\/\/www.rezeau.org\/wp-garden\/wp-content\/uploads\/Myrsine-africana-18-09-2020.jpg\" rel=\"lightbox[15697]\"><img loading=\"lazy\" decoding=\"async\" width=\"800\" height=\"533\" src=\"https:\/\/www.rezeau.org\/wp-garden\/wp-content\/uploads\/Myrsine-africana-18-09-2020.jpg\" alt=\"Juste plant\u00e9e dans son pot\" data-id=\"15629\" class=\"wp-image-15629\" srcset=\"https:\/\/www.rezeau.org\/wp-garden\/wp-content\/uploads\/Myrsine-africana-18-09-2020.jpg 800w, https:\/\/www.rezeau.org\/wp-garden\/wp-content\/uploads\/Myrsine-africana-18-09-2020-300x200.jpg 300w, https:\/\/www.rezeau.org\/wp-garden\/wp-content\/uploads\/Myrsine-africana-18-09-2020-768x512.jpg 768w\" sizes=\"auto, (max-width: 800px) 100vw, 800px\" \/><\/a><figcaption class=\"blocks-gallery-item__caption\"><em>Myrsine africana<\/em><\/figcaption><\/figure><\/li><li class=\"blocks-gallery-item\"><figure><a href=\"https:\/\/www.rezeau.org\/wp-garden\/wp-content\/uploads\/Erica-cinerea-Rosabella-17-09-2020.jpg\" rel=\"lightbox[15697]\"><img loading=\"lazy\" decoding=\"async\" width=\"800\" height=\"533\" src=\"https:\/\/www.rezeau.org\/wp-garden\/wp-content\/uploads\/Erica-cinerea-Rosabella-17-09-2020.jpg\" alt=\"\u00e0 la plantation\" data-id=\"15552\" class=\"wp-image-15552\" srcset=\"https:\/\/www.rezeau.org\/wp-garden\/wp-content\/uploads\/Erica-cinerea-Rosabella-17-09-2020.jpg 800w, https:\/\/www.rezeau.org\/wp-garden\/wp-content\/uploads\/Erica-cinerea-Rosabella-17-09-2020-300x200.jpg 300w, https:\/\/www.rezeau.org\/wp-garden\/wp-content\/uploads\/Erica-cinerea-Rosabella-17-09-2020-768x512.jpg 768w\" sizes=\"auto, (max-width: 800px) 100vw, 800px\" \/><\/a><figcaption class=\"blocks-gallery-item__caption\"><em>Erica cinerea<\/em> &#8216;Rosabella&#8217;<\/figcaption><\/figure><\/li><li class=\"blocks-gallery-item\"><figure><a href=\"https:\/\/www.rezeau.org\/wp-garden\/wp-content\/uploads\/Pulmonaria-x-Majeste-17-09-2020.jpg\" rel=\"lightbox[15697]\"><img loading=\"lazy\" decoding=\"async\" width=\"800\" height=\"533\" src=\"https:\/\/www.rezeau.org\/wp-garden\/wp-content\/uploads\/Pulmonaria-x-Majeste-17-09-2020.jpg\" alt=\"\u00e0 la plantation sous la pergola\" data-id=\"15558\" class=\"wp-image-15558\" srcset=\"https:\/\/www.rezeau.org\/wp-garden\/wp-content\/uploads\/Pulmonaria-x-Majeste-17-09-2020.jpg 800w, https:\/\/www.rezeau.org\/wp-garden\/wp-content\/uploads\/Pulmonaria-x-Majeste-17-09-2020-300x200.jpg 300w, https:\/\/www.rezeau.org\/wp-garden\/wp-content\/uploads\/Pulmonaria-x-Majeste-17-09-2020-768x512.jpg 768w\" sizes=\"auto, (max-width: 800px) 100vw, 800px\" \/><\/a><figcaption class=\"blocks-gallery-item__caption\"><em>Pulmonaria x<\/em> &#8216;Majest\u00e9&#8217;<\/figcaption><\/figure><\/li><li class=\"blocks-gallery-item\"><figure><a href=\"https:\/\/www.rezeau.org\/wp-garden\/wp-content\/uploads\/Salvia-greggii-Blue-Note-17-09-2020.jpg\" rel=\"lightbox[15697]\"><img loading=\"lazy\" decoding=\"async\" width=\"800\" height=\"533\" src=\"https:\/\/www.rezeau.org\/wp-garden\/wp-content\/uploads\/Salvia-greggii-Blue-Note-17-09-2020.jpg\" alt=\"P\u00e9pini\u00e8re 'Fleurs et Senteurs&quot; sp\u00e9cialiste des sauges\" data-id=\"15560\" class=\"wp-image-15560\" srcset=\"https:\/\/www.rezeau.org\/wp-garden\/wp-content\/uploads\/Salvia-greggii-Blue-Note-17-09-2020.jpg 800w, https:\/\/www.rezeau.org\/wp-garden\/wp-content\/uploads\/Salvia-greggii-Blue-Note-17-09-2020-300x200.jpg 300w, https:\/\/www.rezeau.org\/wp-garden\/wp-content\/uploads\/Salvia-greggii-Blue-Note-17-09-2020-768x512.jpg 768w\" sizes=\"auto, (max-width: 800px) 100vw, 800px\" \/><\/a><figcaption class=\"blocks-gallery-item__caption\"><em>Salvia greggii<\/em> &#8216;Blue Note&#8217;<\/figcaption><\/figure><\/li><li class=\"blocks-gallery-item\"><figure><a href=\"https:\/\/www.rezeau.org\/wp-garden\/wp-content\/uploads\/I-IMGP6658.jpg\" rel=\"lightbox[15697]\"><img loading=\"lazy\" decoding=\"async\" width=\"800\" height=\"533\" src=\"https:\/\/www.rezeau.org\/wp-garden\/wp-content\/uploads\/I-IMGP6658.jpg\" alt=\"6 foug\u00e8res du jardin d'\u00e9coute-s'il-pleut\" data-id=\"15702\" class=\"wp-image-15702\" srcset=\"https:\/\/www.rezeau.org\/wp-garden\/wp-content\/uploads\/I-IMGP6658.jpg 800w, https:\/\/www.rezeau.org\/wp-garden\/wp-content\/uploads\/I-IMGP6658-300x200.jpg 300w, https:\/\/www.rezeau.org\/wp-garden\/wp-content\/uploads\/I-IMGP6658-768x512.jpg 768w\" sizes=\"auto, (max-width: 800px) 100vw, 800px\" \/><\/a><figcaption class=\"blocks-gallery-item__caption\">Foug\u00e8res<\/figcaption><\/figure><\/li><li class=\"blocks-gallery-item\"><figure><a href=\"https:\/\/www.rezeau.org\/wp-garden\/wp-content\/uploads\/Epimedium-\u2018Kodai-Murasaki-17-09-2020.jpg\" rel=\"lightbox[15697]\"><img loading=\"lazy\" decoding=\"async\" width=\"800\" height=\"533\" src=\"https:\/\/www.rezeau.org\/wp-garden\/wp-content\/uploads\/Epimedium-\u2018Kodai-Murasaki-17-09-2020.jpg\" alt=\"\u00e0 la plantation sous le sapin de Nordmann\" data-id=\"15557\" class=\"wp-image-15557\" srcset=\"https:\/\/www.rezeau.org\/wp-garden\/wp-content\/uploads\/Epimedium-\u2018Kodai-Murasaki-17-09-2020.jpg 800w, https:\/\/www.rezeau.org\/wp-garden\/wp-content\/uploads\/Epimedium-\u2018Kodai-Murasaki-17-09-2020-300x200.jpg 300w, https:\/\/www.rezeau.org\/wp-garden\/wp-content\/uploads\/Epimedium-\u2018Kodai-Murasaki-17-09-2020-768x512.jpg 768w\" sizes=\"auto, (max-width: 800px) 100vw, 800px\" \/><\/a><figcaption class=\"blocks-gallery-item__caption\"><em>Epimedium<\/em> \u2018Kodai Murasaki\u2019<\/figcaption><\/figure><\/li><\/ul><\/figure>\n","protected":false},"excerpt":{"rendered":"<p>Ce samedi 12 septembre, petite escapade dans les C\u00f4tes d&#8217;Armor pour &#8220;visiter&#8221; deux p\u00e9pini\u00e8res. En respectant bien entendu les gestes barri\u00e8re, et le port du masque. La p\u00e9pini\u00e8re Lepage Bretagne Bord de mer se situe \u00e0 la sortie de Lannion, route de Pleumeur-Bodou. C&#8217;est l\u00e0 que j&#8217;avais trouv\u00e9 mon pommier&#8230;<\/p>\n<p class=\"continue-reading-button\"> <a class=\"continue-reading-link\" href=\"https:\/\/www.rezeau.org\/wp-garden\/fr\/nouvelles-plantes-au-jardin-3\/\">Continue reading<i class=\"crycon-right-dir\"><\/i><\/a><\/p>\n","protected":false},"author":2,"featured_media":15560,"comment_status":"closed","ping_status":"closed","sticky":false,"template":"","format":"standard","meta":{"_acf_changed":false,"footnotes":""},"categories":[677],"tags":[],"class_list":["post-15697","post","type-post","status-publish","format-standard","has-post-thumbnail","hentry","category-journal-du-jardin"],"acf":[],"_links":{"self":[{"href":"https:\/\/www.rezeau.org\/wp-garden\/wp-json\/wp\/v2\/posts\/15697","targetHints":{"allow":["GET"]}}],"collection":[{"href":"https:\/\/www.rezeau.org\/wp-garden\/wp-json\/wp\/v2\/posts"}],"about":[{"href":"https:\/\/www.rezeau.org\/wp-garden\/wp-json\/wp\/v2\/types\/post"}],"author":[{"embeddable":true,"href":"https:\/\/www.rezeau.org\/wp-garden\/wp-json\/wp\/v2\/users\/2"}],"replies":[{"embeddable":true,"href":"https:\/\/www.rezeau.org\/wp-garden\/wp-json\/wp\/v2\/comments?post=15697"}],"version-history":[{"count":0,"href":"https:\/\/www.rezeau.org\/wp-garden\/wp-json\/wp\/v2\/posts\/15697\/revisions"}],"wp:featuredmedia":[{"embeddable":true,"href":"https:\/\/www.rezeau.org\/wp-garden\/wp-json\/wp\/v2\/media\/15560"}],"wp:attachment":[{"href":"https:\/\/www.rezeau.org\/wp-garden\/wp-json\/wp\/v2\/media?parent=15697"}],"wp:term":[{"taxonomy":"category","embeddable":true,"href":"https:\/\/www.rezeau.org\/wp-garden\/wp-json\/wp\/v2\/categories?post=15697"},{"taxonomy":"post_tag","embeddable":true,"href":"https:\/\/www.rezeau.org\/wp-garden\/wp-json\/wp\/v2\/tags?post=15697"}],"curies":[{"name":"wp","href":"https:\/\/api.w.org\/{rel}","templated":true}]}}