
{"id":1693,"date":"2015-09-29T23:40:15","date_gmt":"2015-09-29T21:40:15","guid":{"rendered":"http:\/\/www.rezeau.org\/wp-garden\/?p=1693"},"modified":"2021-02-03T23:32:15","modified_gmt":"2021-02-03T22:32:15","slug":"plantation-de-cyclamens-coum","status":"publish","type":"post","link":"https:\/\/www.rezeau.org\/wp-garden\/fr\/plantation-de-cyclamens-coum\/","title":{"rendered":"Plantation de cyclamens Coum"},"content":{"rendered":"\n<p>Plant\u00e9 8 bulbes de cylamens Coum achet\u00e9s \u00e0 la f\u00eate des plantes de Cesson-S\u00e9vign\u00e9. Sous la pergola, au pied de l&#8217;<a href=\"http:\/\/www.rezeau.org\/wp-garden\/fr\/acer-japonicum-aconitifolium\/\">Acer japonicum \u2018Aconitifolium\u2019<\/a>, entre les Heuch\u00e8res &#8216;Electric lime&#8217;. Ajout\u00e9 une poign\u00e9e de sable dans le trou de plantation et plant\u00e9 comme rep\u00e8re un bout de tige de <em>Thalictrum Ankum<\/em> \u00e0 chaque bulbe. Il ne reste plus qu&#8217;\u00e0 attendre le printemps.<\/p>\n\n\n\n<hr class=\"wp-block-separator is-style-default\"\/>\n","protected":false},"excerpt":{"rendered":"<p>Plant\u00e9 8 bulbes de cylamens Coum achet\u00e9s \u00e0 la f\u00eate des plantes de Cesson-S\u00e9vign\u00e9. Sous la pergola, au pied de l&#8217;Acer japonicum \u2018Aconitifolium\u2019, entre les Heuch\u00e8res &#8216;Electric lime&#8217;. Ajout\u00e9 une poign\u00e9e de sable dans le trou de plantation et plant\u00e9 comme rep\u00e8re un bout de tige de Thalictrum Ankum \u00e0&#8230;<\/p>\n<p class=\"continue-reading-button\"> <a class=\"continue-reading-link\" href=\"https:\/\/www.rezeau.org\/wp-garden\/fr\/plantation-de-cyclamens-coum\/\">Continue reading<i class=\"crycon-right-dir\"><\/i><\/a><\/p>\n","protected":false},"author":1,"featured_media":0,"comment_status":"closed","ping_status":"closed","sticky":false,"template":"","format":"standard","meta":{"_acf_changed":false,"footnotes":""},"categories":[677],"tags":[643,641],"class_list":["post-1693","post","type-post","status-publish","format-standard","hentry","category-journal-du-jardin","tag-bulbes","tag-plantations"],"acf":[],"_links":{"self":[{"href":"https:\/\/www.rezeau.org\/wp-garden\/wp-json\/wp\/v2\/posts\/1693","targetHints":{"allow":["GET"]}}],"collection":[{"href":"https:\/\/www.rezeau.org\/wp-garden\/wp-json\/wp\/v2\/posts"}],"about":[{"href":"https:\/\/www.rezeau.org\/wp-garden\/wp-json\/wp\/v2\/types\/post"}],"author":[{"embeddable":true,"href":"https:\/\/www.rezeau.org\/wp-garden\/wp-json\/wp\/v2\/users\/1"}],"replies":[{"embeddable":true,"href":"https:\/\/www.rezeau.org\/wp-garden\/wp-json\/wp\/v2\/comments?post=1693"}],"version-history":[{"count":0,"href":"https:\/\/www.rezeau.org\/wp-garden\/wp-json\/wp\/v2\/posts\/1693\/revisions"}],"wp:attachment":[{"href":"https:\/\/www.rezeau.org\/wp-garden\/wp-json\/wp\/v2\/media?parent=1693"}],"wp:term":[{"taxonomy":"category","embeddable":true,"href":"https:\/\/www.rezeau.org\/wp-garden\/wp-json\/wp\/v2\/categories?post=1693"},{"taxonomy":"post_tag","embeddable":true,"href":"https:\/\/www.rezeau.org\/wp-garden\/wp-json\/wp\/v2\/tags?post=1693"}],"curies":[{"name":"wp","href":"https:\/\/api.w.org\/{rel}","templated":true}]}}