
{"id":18713,"date":"2021-02-10T11:56:19","date_gmt":"2021-02-10T10:56:19","guid":{"rendered":"https:\/\/www.rezeau.org\/wp-garden\/?p=18713"},"modified":"2021-02-10T12:10:11","modified_gmt":"2021-02-10T11:10:11","slug":"enfin-la-neige","status":"publish","type":"post","link":"https:\/\/www.rezeau.org\/wp-garden\/fr\/enfin-la-neige\/","title":{"rendered":"Enfin la neige&#8230;"},"content":{"rendered":"\n<p>\u00c9v\u00e8nement rare dans le jardin de papi Jo, la neige s&#8217;est invit\u00e9e cette nuit, environ 5cm et elle tient bien.<\/p>\n\n\n\n<figure class=\"wp-block-gallery columns-3 is-cropped wp-block-gallery-1 is-layout-flex wp-block-gallery-is-layout-flex\"><ul class=\"blocks-gallery-grid\"><li class=\"blocks-gallery-item\"><figure><a href=\"https:\/\/www.rezeau.org\/wp-garden\/wp-content\/uploads\/J-IMGP2278_79_80_81_82.jpg\" rel=\"lightbox[18713]\"><img loading=\"lazy\" decoding=\"async\" width=\"800\" height=\"533\" src=\"https:\/\/www.rezeau.org\/wp-garden\/wp-content\/uploads\/J-IMGP2278_79_80_81_82.jpg\" alt=\"\" data-id=\"18715\" data-full-url=\"https:\/\/www.rezeau.org\/wp-garden\/wp-content\/uploads\/J-IMGP2278_79_80_81_82.jpg\" data-link=\"https:\/\/www.rezeau.org\/wp-garden\/fr\/j-imgp2278_79_80_81_82\/\" class=\"wp-image-18715\" srcset=\"https:\/\/www.rezeau.org\/wp-garden\/wp-content\/uploads\/J-IMGP2278_79_80_81_82.jpg 800w, https:\/\/www.rezeau.org\/wp-garden\/wp-content\/uploads\/J-IMGP2278_79_80_81_82-300x200.jpg 300w, https:\/\/www.rezeau.org\/wp-garden\/wp-content\/uploads\/J-IMGP2278_79_80_81_82-768x512.jpg 768w, https:\/\/www.rezeau.org\/wp-garden\/wp-content\/uploads\/J-IMGP2278_79_80_81_82-400x267.jpg 400w, https:\/\/www.rezeau.org\/wp-garden\/wp-content\/uploads\/J-IMGP2278_79_80_81_82-150x100.jpg 150w\" sizes=\"auto, (max-width: 800px) 100vw, 800px\" \/><\/a><\/figure><\/li><li class=\"blocks-gallery-item\"><figure><a href=\"https:\/\/www.rezeau.org\/wp-garden\/wp-content\/uploads\/J-IMGP2274_5_6_7.jpg\" rel=\"lightbox[18713]\"><img loading=\"lazy\" decoding=\"async\" width=\"800\" height=\"533\" src=\"https:\/\/www.rezeau.org\/wp-garden\/wp-content\/uploads\/J-IMGP2274_5_6_7.jpg\" alt=\"\" data-id=\"18719\" data-full-url=\"https:\/\/www.rezeau.org\/wp-garden\/wp-content\/uploads\/J-IMGP2274_5_6_7.jpg\" data-link=\"https:\/\/www.rezeau.org\/wp-garden\/fr\/j-imgp2274_5_6_7\/\" class=\"wp-image-18719\" srcset=\"https:\/\/www.rezeau.org\/wp-garden\/wp-content\/uploads\/J-IMGP2274_5_6_7.jpg 800w, https:\/\/www.rezeau.org\/wp-garden\/wp-content\/uploads\/J-IMGP2274_5_6_7-300x200.jpg 300w, https:\/\/www.rezeau.org\/wp-garden\/wp-content\/uploads\/J-IMGP2274_5_6_7-768x512.jpg 768w, https:\/\/www.rezeau.org\/wp-garden\/wp-content\/uploads\/J-IMGP2274_5_6_7-400x267.jpg 400w, https:\/\/www.rezeau.org\/wp-garden\/wp-content\/uploads\/J-IMGP2274_5_6_7-150x100.jpg 150w\" sizes=\"auto, (max-width: 800px) 100vw, 800px\" \/><\/a><\/figure><\/li><li class=\"blocks-gallery-item\"><figure><a href=\"https:\/\/www.rezeau.org\/wp-garden\/wp-content\/uploads\/J-IMGP2340_1_2_3_4.jpg\" rel=\"lightbox[18713]\"><img loading=\"lazy\" decoding=\"async\" width=\"800\" height=\"800\" src=\"https:\/\/www.rezeau.org\/wp-garden\/wp-content\/uploads\/J-IMGP2340_1_2_3_4.jpg\" alt=\"\" data-id=\"18718\" data-full-url=\"https:\/\/www.rezeau.org\/wp-garden\/wp-content\/uploads\/J-IMGP2340_1_2_3_4.jpg\" data-link=\"https:\/\/www.rezeau.org\/wp-garden\/fr\/j-imgp2340_1_2_3_4\/\" class=\"wp-image-18718\" srcset=\"https:\/\/www.rezeau.org\/wp-garden\/wp-content\/uploads\/J-IMGP2340_1_2_3_4.jpg 800w, https:\/\/www.rezeau.org\/wp-garden\/wp-content\/uploads\/J-IMGP2340_1_2_3_4-300x300.jpg 300w, https:\/\/www.rezeau.org\/wp-garden\/wp-content\/uploads\/J-IMGP2340_1_2_3_4-150x150.jpg 150w, https:\/\/www.rezeau.org\/wp-garden\/wp-content\/uploads\/J-IMGP2340_1_2_3_4-768x768.jpg 768w, https:\/\/www.rezeau.org\/wp-garden\/wp-content\/uploads\/J-IMGP2340_1_2_3_4-400x400.jpg 400w\" sizes=\"auto, (max-width: 800px) 100vw, 800px\" \/><\/a><\/figure><\/li><li class=\"blocks-gallery-item\"><figure><a href=\"https:\/\/www.rezeau.org\/wp-garden\/wp-content\/uploads\/J-IMGP2293_4_5_6_7.jpg\" rel=\"lightbox[18713]\"><img loading=\"lazy\" decoding=\"async\" width=\"800\" height=\"533\" src=\"https:\/\/www.rezeau.org\/wp-garden\/wp-content\/uploads\/J-IMGP2293_4_5_6_7.jpg\" alt=\"\" data-id=\"18717\" data-full-url=\"https:\/\/www.rezeau.org\/wp-garden\/wp-content\/uploads\/J-IMGP2293_4_5_6_7.jpg\" data-link=\"https:\/\/www.rezeau.org\/wp-garden\/fr\/j-imgp2293_4_5_6_7\/\" class=\"wp-image-18717\" srcset=\"https:\/\/www.rezeau.org\/wp-garden\/wp-content\/uploads\/J-IMGP2293_4_5_6_7.jpg 800w, https:\/\/www.rezeau.org\/wp-garden\/wp-content\/uploads\/J-IMGP2293_4_5_6_7-300x200.jpg 300w, https:\/\/www.rezeau.org\/wp-garden\/wp-content\/uploads\/J-IMGP2293_4_5_6_7-768x512.jpg 768w, https:\/\/www.rezeau.org\/wp-garden\/wp-content\/uploads\/J-IMGP2293_4_5_6_7-400x267.jpg 400w, https:\/\/www.rezeau.org\/wp-garden\/wp-content\/uploads\/J-IMGP2293_4_5_6_7-150x100.jpg 150w\" sizes=\"auto, (max-width: 800px) 100vw, 800px\" \/><\/a><\/figure><\/li><\/ul><figcaption class=\"blocks-gallery-caption\">Le jardin de papi Jo sous la neige<\/figcaption><\/figure>\n","protected":false},"excerpt":{"rendered":"<p>\u00c9v\u00e8nement rare dans le jardin de papi Jo, la neige s&#8217;est invit\u00e9e cette nuit, environ 5cm et elle tient bien.<\/p>\n<p class=\"continue-reading-button\"> <a class=\"continue-reading-link\" href=\"https:\/\/www.rezeau.org\/wp-garden\/fr\/enfin-la-neige\/\">Continue reading<i class=\"crycon-right-dir\"><\/i><\/a><\/p>\n","protected":false},"author":2,"featured_media":18719,"comment_status":"closed","ping_status":"closed","sticky":false,"template":"","format":"standard","meta":{"_acf_changed":false,"footnotes":""},"categories":[677],"tags":[3571],"class_list":["post-18713","post","type-post","status-publish","format-standard","has-post-thumbnail","hentry","category-journal-du-jardin","tag-meteo"],"acf":[],"_links":{"self":[{"href":"https:\/\/www.rezeau.org\/wp-garden\/wp-json\/wp\/v2\/posts\/18713","targetHints":{"allow":["GET"]}}],"collection":[{"href":"https:\/\/www.rezeau.org\/wp-garden\/wp-json\/wp\/v2\/posts"}],"about":[{"href":"https:\/\/www.rezeau.org\/wp-garden\/wp-json\/wp\/v2\/types\/post"}],"author":[{"embeddable":true,"href":"https:\/\/www.rezeau.org\/wp-garden\/wp-json\/wp\/v2\/users\/2"}],"replies":[{"embeddable":true,"href":"https:\/\/www.rezeau.org\/wp-garden\/wp-json\/wp\/v2\/comments?post=18713"}],"version-history":[{"count":0,"href":"https:\/\/www.rezeau.org\/wp-garden\/wp-json\/wp\/v2\/posts\/18713\/revisions"}],"wp:featuredmedia":[{"embeddable":true,"href":"https:\/\/www.rezeau.org\/wp-garden\/wp-json\/wp\/v2\/media\/18719"}],"wp:attachment":[{"href":"https:\/\/www.rezeau.org\/wp-garden\/wp-json\/wp\/v2\/media?parent=18713"}],"wp:term":[{"taxonomy":"category","embeddable":true,"href":"https:\/\/www.rezeau.org\/wp-garden\/wp-json\/wp\/v2\/categories?post=18713"},{"taxonomy":"post_tag","embeddable":true,"href":"https:\/\/www.rezeau.org\/wp-garden\/wp-json\/wp\/v2\/tags?post=18713"}],"curies":[{"name":"wp","href":"https:\/\/api.w.org\/{rel}","templated":true}]}}