
{"id":18740,"date":"2021-02-13T16:08:29","date_gmt":"2021-02-13T15:08:29","guid":{"rendered":"https:\/\/www.rezeau.org\/wp-garden\/?p=18740"},"modified":"2021-02-13T16:16:21","modified_gmt":"2021-02-13T15:16:21","slug":"sous-la-neige-et-apres","status":"publish","type":"post","link":"https:\/\/www.rezeau.org\/wp-garden\/fr\/sous-la-neige-et-apres\/","title":{"rendered":"Sous la neige&#8230; et apr\u00e8s"},"content":{"rendered":"\n<p>Dans le jardin de papi Jo, chaque plante r\u00e9siste sous la neige selon sa nature. La neige ne fait pas peur aux &#8220;bruy\u00e8res des neiges&#8221; ni \u00e0 l&#8217;azal\u00e9e japonaise &#8216;Amoena&#8217;. Neige plus gel aplatissent les hell\u00e9bores au sol (mais elles se redresseront) et grillent les jolies fleurs roses des cam\u00e9lias.<\/p>\n\n\n\n<figure class=\"wp-block-gallery columns-3 is-cropped wp-block-gallery-1 is-layout-flex wp-block-gallery-is-layout-flex\"><ul class=\"blocks-gallery-grid\"><li class=\"blocks-gallery-item\"><figure><a href=\"https:\/\/www.rezeau.org\/wp-garden\/wp-content\/uploads\/J-IMGP2387.jpg\" rel=\"lightbox[18740]\"><img loading=\"lazy\" decoding=\"async\" width=\"800\" height=\"600\" src=\"https:\/\/www.rezeau.org\/wp-garden\/wp-content\/uploads\/J-IMGP2387.jpg\" alt=\"Erica tente courageusement une perc\u00e9e !\" data-id=\"18731\" data-full-url=\"https:\/\/www.rezeau.org\/wp-garden\/wp-content\/uploads\/J-IMGP2387.jpg\" data-link=\"https:\/\/www.rezeau.org\/wp-garden\/fr\/erica-carnea\/\" class=\"wp-image-18731\" srcset=\"https:\/\/www.rezeau.org\/wp-garden\/wp-content\/uploads\/J-IMGP2387.jpg 800w, https:\/\/www.rezeau.org\/wp-garden\/wp-content\/uploads\/J-IMGP2387-300x225.jpg 300w, https:\/\/www.rezeau.org\/wp-garden\/wp-content\/uploads\/J-IMGP2387-768x576.jpg 768w, https:\/\/www.rezeau.org\/wp-garden\/wp-content\/uploads\/J-IMGP2387-400x300.jpg 400w, https:\/\/www.rezeau.org\/wp-garden\/wp-content\/uploads\/J-IMGP2387-150x113.jpg 150w\" sizes=\"auto, (max-width: 800px) 100vw, 800px\" \/><\/a><figcaption class=\"blocks-gallery-item__caption\"><em>Erica carnea<\/em> 13\/02\/2021<\/figcaption><\/figure><\/li><li class=\"blocks-gallery-item\"><figure><a href=\"https:\/\/www.rezeau.org\/wp-garden\/wp-content\/uploads\/J-IMGP2358.jpg\" rel=\"lightbox[18740]\"><img loading=\"lazy\" decoding=\"async\" width=\"800\" height=\"533\" src=\"https:\/\/www.rezeau.org\/wp-garden\/wp-content\/uploads\/J-IMGP2358.jpg\" alt=\"Bruy\u00e8re des neiges sous la neige !\" data-id=\"18733\" data-full-url=\"https:\/\/www.rezeau.org\/wp-garden\/wp-content\/uploads\/J-IMGP2358.jpg\" data-link=\"https:\/\/www.rezeau.org\/wp-garden\/fr\/erica-x-darleyensis-3\/\" class=\"wp-image-18733\" srcset=\"https:\/\/www.rezeau.org\/wp-garden\/wp-content\/uploads\/J-IMGP2358.jpg 800w, https:\/\/www.rezeau.org\/wp-garden\/wp-content\/uploads\/J-IMGP2358-300x200.jpg 300w, https:\/\/www.rezeau.org\/wp-garden\/wp-content\/uploads\/J-IMGP2358-768x512.jpg 768w, https:\/\/www.rezeau.org\/wp-garden\/wp-content\/uploads\/J-IMGP2358-400x267.jpg 400w, https:\/\/www.rezeau.org\/wp-garden\/wp-content\/uploads\/J-IMGP2358-150x100.jpg 150w\" sizes=\"auto, (max-width: 800px) 100vw, 800px\" \/><\/a><figcaption class=\"blocks-gallery-item__caption\"><em>Erica x darleyensis<\/em> &#8216;Silberschmelze&#8217;<\/figcaption><\/figure><\/li><li class=\"blocks-gallery-item\"><figure><a href=\"https:\/\/www.rezeau.org\/wp-garden\/wp-content\/uploads\/J-IMGP2398.jpg\" rel=\"lightbox[18740]\"><img loading=\"lazy\" decoding=\"async\" width=\"800\" height=\"533\" src=\"https:\/\/www.rezeau.org\/wp-garden\/wp-content\/uploads\/J-IMGP2398.jpg\" alt=\"Sous la neige\" data-id=\"18732\" data-full-url=\"https:\/\/www.rezeau.org\/wp-garden\/wp-content\/uploads\/J-IMGP2398.jpg\" data-link=\"https:\/\/www.rezeau.org\/wp-garden\/fr\/rhododendron-japonica-6\/\" class=\"wp-image-18732\" srcset=\"https:\/\/www.rezeau.org\/wp-garden\/wp-content\/uploads\/J-IMGP2398.jpg 800w, https:\/\/www.rezeau.org\/wp-garden\/wp-content\/uploads\/J-IMGP2398-300x200.jpg 300w, https:\/\/www.rezeau.org\/wp-garden\/wp-content\/uploads\/J-IMGP2398-768x512.jpg 768w, https:\/\/www.rezeau.org\/wp-garden\/wp-content\/uploads\/J-IMGP2398-400x267.jpg 400w, https:\/\/www.rezeau.org\/wp-garden\/wp-content\/uploads\/J-IMGP2398-150x100.jpg 150w\" sizes=\"auto, (max-width: 800px) 100vw, 800px\" \/><\/a><figcaption class=\"blocks-gallery-item__caption\"><em>R. japonica<\/em> &#8216;Amoena Coccinea&#8217;<\/figcaption><\/figure><\/li><li class=\"blocks-gallery-item\"><figure><a href=\"https:\/\/www.rezeau.org\/wp-garden\/wp-content\/uploads\/Helleborus-x-Frostkiss\u00ae-Glendas-Gloss\u00ae-13-02-2021.jpg\" rel=\"lightbox[18740]\"><img loading=\"lazy\" decoding=\"async\" width=\"800\" height=\"533\" src=\"https:\/\/www.rezeau.org\/wp-garden\/wp-content\/uploads\/Helleborus-x-Frostkiss\u00ae-Glendas-Gloss\u00ae-13-02-2021.jpg\" alt=\"'Frostkiss' enmbrass\u00e9e par le gel et la neige !\" data-id=\"18739\" data-full-url=\"https:\/\/www.rezeau.org\/wp-garden\/wp-content\/uploads\/Helleborus-x-Frostkiss\u00ae-Glendas-Gloss\u00ae-13-02-2021.jpg\" data-link=\"https:\/\/www.rezeau.org\/wp-garden\/fr\/helleborus-x-5\/\" class=\"wp-image-18739\" srcset=\"https:\/\/www.rezeau.org\/wp-garden\/wp-content\/uploads\/Helleborus-x-Frostkiss\u00ae-Glendas-Gloss\u00ae-13-02-2021.jpg 800w, https:\/\/www.rezeau.org\/wp-garden\/wp-content\/uploads\/Helleborus-x-Frostkiss\u00ae-Glendas-Gloss\u00ae-13-02-2021-300x200.jpg 300w, https:\/\/www.rezeau.org\/wp-garden\/wp-content\/uploads\/Helleborus-x-Frostkiss\u00ae-Glendas-Gloss\u00ae-13-02-2021-768x512.jpg 768w, https:\/\/www.rezeau.org\/wp-garden\/wp-content\/uploads\/Helleborus-x-Frostkiss\u00ae-Glendas-Gloss\u00ae-13-02-2021-400x267.jpg 400w, https:\/\/www.rezeau.org\/wp-garden\/wp-content\/uploads\/Helleborus-x-Frostkiss\u00ae-Glendas-Gloss\u00ae-13-02-2021-150x100.jpg 150w\" sizes=\"auto, (max-width: 800px) 100vw, 800px\" \/><\/a><figcaption class=\"blocks-gallery-item__caption\"><em>Helleborus x<\/em> Frostkiss\u00ae Glenda&#8217;s Gloss\u00ae<\/figcaption><\/figure><\/li><li class=\"blocks-gallery-item\"><figure><a href=\"https:\/\/www.rezeau.org\/wp-garden\/wp-content\/uploads\/Camellia-Japonica-x-williamsii-Buttons-Bows-13-02-2021.jpg\" rel=\"lightbox[18740]\"><img loading=\"lazy\" decoding=\"async\" width=\"800\" height=\"533\" src=\"https:\/\/www.rezeau.org\/wp-garden\/wp-content\/uploads\/Camellia-Japonica-x-williamsii-Buttons-Bows-13-02-2021.jpg\" alt=\"Les gel\u00e9es ont eu raison de ses jolies fleurs roses.\" data-id=\"18736\" data-full-url=\"https:\/\/www.rezeau.org\/wp-garden\/wp-content\/uploads\/Camellia-Japonica-x-williamsii-Buttons-Bows-13-02-2021.jpg\" data-link=\"https:\/\/www.rezeau.org\/wp-garden\/fr\/camellia-japonica-x-williamsii-7\/\" class=\"wp-image-18736\" srcset=\"https:\/\/www.rezeau.org\/wp-garden\/wp-content\/uploads\/Camellia-Japonica-x-williamsii-Buttons-Bows-13-02-2021.jpg 800w, https:\/\/www.rezeau.org\/wp-garden\/wp-content\/uploads\/Camellia-Japonica-x-williamsii-Buttons-Bows-13-02-2021-300x200.jpg 300w, https:\/\/www.rezeau.org\/wp-garden\/wp-content\/uploads\/Camellia-Japonica-x-williamsii-Buttons-Bows-13-02-2021-768x512.jpg 768w, https:\/\/www.rezeau.org\/wp-garden\/wp-content\/uploads\/Camellia-Japonica-x-williamsii-Buttons-Bows-13-02-2021-400x267.jpg 400w, https:\/\/www.rezeau.org\/wp-garden\/wp-content\/uploads\/Camellia-Japonica-x-williamsii-Buttons-Bows-13-02-2021-150x100.jpg 150w\" sizes=\"auto, (max-width: 800px) 100vw, 800px\" \/><\/a><figcaption class=\"blocks-gallery-item__caption\"><em>Camellia Japonica x williamsii<\/em> &#8216;Buttons &amp; Bows&#8217;<\/figcaption><\/figure><\/li><\/ul><\/figure>\n","protected":false},"excerpt":{"rendered":"<p>Dans le jardin de papi Jo, chaque plante r\u00e9siste sous la neige selon sa nature. La neige ne fait pas peur aux &#8220;bruy\u00e8res des neiges&#8221; ni \u00e0 l&#8217;azal\u00e9e japonaise &#8216;Amoena&#8217;. Neige plus gel aplatissent les hell\u00e9bores au sol (mais elles se redresseront) et grillent les jolies fleurs roses des cam\u00e9lias.<\/p>\n<p class=\"continue-reading-button\"> <a class=\"continue-reading-link\" href=\"https:\/\/www.rezeau.org\/wp-garden\/fr\/sous-la-neige-et-apres\/\">Continue reading<i class=\"crycon-right-dir\"><\/i><\/a><\/p>\n","protected":false},"author":2,"featured_media":18735,"comment_status":"closed","ping_status":"closed","sticky":false,"template":"","format":"standard","meta":{"_acf_changed":false,"footnotes":""},"categories":[677],"tags":[3571],"class_list":["post-18740","post","type-post","status-publish","format-standard","has-post-thumbnail","hentry","category-journal-du-jardin","tag-meteo"],"acf":[],"_links":{"self":[{"href":"https:\/\/www.rezeau.org\/wp-garden\/wp-json\/wp\/v2\/posts\/18740","targetHints":{"allow":["GET"]}}],"collection":[{"href":"https:\/\/www.rezeau.org\/wp-garden\/wp-json\/wp\/v2\/posts"}],"about":[{"href":"https:\/\/www.rezeau.org\/wp-garden\/wp-json\/wp\/v2\/types\/post"}],"author":[{"embeddable":true,"href":"https:\/\/www.rezeau.org\/wp-garden\/wp-json\/wp\/v2\/users\/2"}],"replies":[{"embeddable":true,"href":"https:\/\/www.rezeau.org\/wp-garden\/wp-json\/wp\/v2\/comments?post=18740"}],"version-history":[{"count":0,"href":"https:\/\/www.rezeau.org\/wp-garden\/wp-json\/wp\/v2\/posts\/18740\/revisions"}],"wp:featuredmedia":[{"embeddable":true,"href":"https:\/\/www.rezeau.org\/wp-garden\/wp-json\/wp\/v2\/media\/18735"}],"wp:attachment":[{"href":"https:\/\/www.rezeau.org\/wp-garden\/wp-json\/wp\/v2\/media?parent=18740"}],"wp:term":[{"taxonomy":"category","embeddable":true,"href":"https:\/\/www.rezeau.org\/wp-garden\/wp-json\/wp\/v2\/categories?post=18740"},{"taxonomy":"post_tag","embeddable":true,"href":"https:\/\/www.rezeau.org\/wp-garden\/wp-json\/wp\/v2\/tags?post=18740"}],"curies":[{"name":"wp","href":"https:\/\/api.w.org\/{rel}","templated":true}]}}