
{"id":19384,"date":"2021-04-04T11:58:23","date_gmt":"2021-04-04T09:58:23","guid":{"rendered":"https:\/\/www.rezeau.org\/wp-garden\/?p=19384"},"modified":"2021-04-04T12:00:26","modified_gmt":"2021-04-04T10:00:26","slug":"emmaillotage-de-rigueur","status":"publish","type":"post","link":"https:\/\/www.rezeau.org\/wp-garden\/fr\/emmaillotage-de-rigueur\/","title":{"rendered":"Emmaillotage de rigueur"},"content":{"rendered":"\n<p>Pour figurer au patrimoine mondial de l&#8217;UNESCO le jardin de Papi Jo a encore des progr\u00e8s \u00e0 faire. En attendant, ces jours-ci en pr\u00e9vision du retour des temp\u00e9ratures hivernales, quelques plantes frileuses sont emmaillot\u00e9es pour passer la nuit.<\/p>\n\n\n\n\t\t\t\n\t<style type=\"text\/css\">\n\t\t.slider-info-19390.bafg-slider-info .bafg-slider-title {\n\t\t\t\t\t\t\tfont-size:\n\t\t\t\t\t22px\t\t\t\t;\n\t\t\t\n\t\t\t\n\t\t\t\t\t}\n\n\t\t.slider-info-19390.bafg-slider-info .bafg-slider-description {\n\t\t\t\n\t\t\t\n\t\t\t\t\t}\n\t\t\n\t\t\n\t\t.slider-info-19390.bafg-slider-info .bafg_slider_readmore_button {\n\t\t\t\n\t\t\t\n\t\t\t\n\t\t\t\n\t\t\t\n\t\t\ttext-align: center;\n\n\t\t\t\n\t\t\t\n\t\t\t\n\t\t\t\n\t\t\t\t\t}\n\n\t\t.slider-info-19390.bafg-slider-info .bafg_slider_readmore_button:hover {\n\n\t\t\t\n\t\t\t\n\t\t\t\t\t}\n\t<\/style>\n\t\n\t\t\t<div class=\"bafg-twentytwenty-container slider-19390  \"\n\t\t\t\tbafg-orientation=\"horizontal\" bafg-default-offset=\"0.5\"\n\t\t\t\tbafg-before-label=\"Avant\"\n\t\t\t\tbafg-after-label=\"Apr\u00e8s\" bafg-overlay=\"1\"\n\t\t\t\tbafg-move-slider-on-hover=\"\"\n\t\t\t\tbafg-click-to-move=\"1\">\n\n\t\t\t\t\t\t\t\t<img class=\"\" \t\t\t\t\tsrc=\"https:\/\/www.rezeau.org\/wp-garden\/wp-content\/uploads\/J-IMGP2602.jpg\" alt=\"\">\n\t\t\t\t<img class=\"\" \t\t\t\t\tsrc=\"https:\/\/www.rezeau.org\/wp-garden\/wp-content\/uploads\/J-IMGP2601.jpg\" alt=\"\">\n\n\t\t\t<\/div>\n\n\t\t\t\t<div class=\"bafg-slider-info-wraper\">\n\t\t<div style=\"\" class=\"slider-info-19390 bafg-slider-info\">\n\t\t\t\t\t<\/div>\n\t<\/div>\n\t\n\t\t\t<style type=\"text\/css\">\n\t\t\t\t\t\t\t\t\t\t\t<\/style>\n\t\t\t\n\n\n\n<p class=\"footnote\">Saisir la ligne verticale avec la souris et la tirer vers la gauche ou vers la droite pour voir les deux \u00e9tats de l&#8217;emmaillotage.<\/p>\n\n\n\n<p>A gauche en avant : <em>Daphne x transatlantica<\/em> &#8216;Eternal Fragrance&#8217; (tout nouveau sp\u00e9cimen)\u00a0; en arri\u00e8re\u00a0: <em>Diosma hirsuta<\/em> (d\u00e9j\u00e0 un peu grill\u00e9e en f\u00e9vrier mais toute en fleur)\u00a0; au milieu tout au fond\u00a0: <em>Fuchsia<\/em> &#8216;Riccartonii&#8217; juste plant\u00e9\u00a0: \u00e0 droite\u00a0: <em>Persicaria runcinata<\/em> &#8216;Purple Fantasy&#8217; qui commence \u00e0 sortir de terre toujours trop t\u00f4t.<\/p>\n","protected":false},"excerpt":{"rendered":"<p>Pour figurer au patrimoine mondial de l&#8217;UNESCO le jardin de Papi Jo a encore des progr\u00e8s \u00e0 faire. En attendant, ces jours-ci en pr\u00e9vision du retour des temp\u00e9ratures hivernales, quelques plantes frileuses sont emmaillot\u00e9es pour passer la nuit. Saisir la ligne verticale avec la souris et la tirer vers la&#8230;<\/p>\n<p class=\"continue-reading-button\"> <a class=\"continue-reading-link\" href=\"https:\/\/www.rezeau.org\/wp-garden\/fr\/emmaillotage-de-rigueur\/\">Continue reading<i class=\"crycon-right-dir\"><\/i><\/a><\/p>\n","protected":false},"author":2,"featured_media":19388,"comment_status":"closed","ping_status":"closed","sticky":false,"template":"","format":"standard","meta":{"_acf_changed":false,"footnotes":""},"categories":[677],"tags":[3571],"class_list":["post-19384","post","type-post","status-publish","format-standard","has-post-thumbnail","hentry","category-journal-du-jardin","tag-meteo"],"acf":[],"_links":{"self":[{"href":"https:\/\/www.rezeau.org\/wp-garden\/wp-json\/wp\/v2\/posts\/19384","targetHints":{"allow":["GET"]}}],"collection":[{"href":"https:\/\/www.rezeau.org\/wp-garden\/wp-json\/wp\/v2\/posts"}],"about":[{"href":"https:\/\/www.rezeau.org\/wp-garden\/wp-json\/wp\/v2\/types\/post"}],"author":[{"embeddable":true,"href":"https:\/\/www.rezeau.org\/wp-garden\/wp-json\/wp\/v2\/users\/2"}],"replies":[{"embeddable":true,"href":"https:\/\/www.rezeau.org\/wp-garden\/wp-json\/wp\/v2\/comments?post=19384"}],"version-history":[{"count":0,"href":"https:\/\/www.rezeau.org\/wp-garden\/wp-json\/wp\/v2\/posts\/19384\/revisions"}],"wp:featuredmedia":[{"embeddable":true,"href":"https:\/\/www.rezeau.org\/wp-garden\/wp-json\/wp\/v2\/media\/19388"}],"wp:attachment":[{"href":"https:\/\/www.rezeau.org\/wp-garden\/wp-json\/wp\/v2\/media?parent=19384"}],"wp:term":[{"taxonomy":"category","embeddable":true,"href":"https:\/\/www.rezeau.org\/wp-garden\/wp-json\/wp\/v2\/categories?post=19384"},{"taxonomy":"post_tag","embeddable":true,"href":"https:\/\/www.rezeau.org\/wp-garden\/wp-json\/wp\/v2\/tags?post=19384"}],"curies":[{"name":"wp","href":"https:\/\/api.w.org\/{rel}","templated":true}]}}