
{"id":20506,"date":"2021-06-19T19:35:21","date_gmt":"2021-06-19T17:35:21","guid":{"rendered":"https:\/\/www.rezeau.org\/wp-garden\/?p=20506"},"modified":"2021-06-19T19:40:59","modified_gmt":"2021-06-19T17:40:59","slug":"astrantia-major-une-plante-qui-promet","status":"publish","type":"post","link":"https:\/\/www.rezeau.org\/wp-garden\/fr\/astrantia-major-une-plante-qui-promet\/","title":{"rendered":"Astrantia major, une plante qui promet"},"content":{"rendered":"\n<figure class=\"wp-block-image size-large\"><img loading=\"lazy\" decoding=\"async\" width=\"578\" height=\"278\" src=\"https:\/\/www.rezeau.org\/wp-garden\/wp-content\/uploads\/astrance.jpg\" alt=\"\" class=\"wp-image-20508\" srcset=\"https:\/\/www.rezeau.org\/wp-garden\/wp-content\/uploads\/astrance.jpg 578w, https:\/\/www.rezeau.org\/wp-garden\/wp-content\/uploads\/astrance-300x144.jpg 300w, https:\/\/www.rezeau.org\/wp-garden\/wp-content\/uploads\/astrance-400x192.jpg 400w, https:\/\/www.rezeau.org\/wp-garden\/wp-content\/uploads\/astrance-150x72.jpg 150w\" sizes=\"auto, (max-width: 578px) 100vw, 578px\" \/><\/figure>\n\n\n\n<p>Encore un coup de c\u0153ur pour une vivace qui vient d&#8217;arriver dans le jardin de papi Jo. R\u00e9cemment, sur les forums de jardinage, dans l&#8217;excellent magazine &#8220;<a rel=\"noreferrer noopener\" href=\"https:\/\/www.gardensillustrated.com\/\" target=\"_blank\">Gardens Illustrated<\/a>&#8220;, etc. une jolie floraison faisait de l\u2019\u0153il \u00e0 papi Jo. Il s&#8217;agissait de l&#8217;astrance, pour laquelle il fallait absolument faire une place dans une des bordures du jardin. La question, elle a \u00e9t\u00e9 vite r\u00e9pondue*, l&#8217;aide-jardini\u00e8re faisait justement remarquer que les heuch\u00e8res &#8216;Chocolate purple&#8217; s&#8217;\u00e9taient exag\u00e9r\u00e9ment \u00e9tendues et qu&#8217;on pouvait bien en supprimer une partie. Sit\u00f4t dit sit\u00f4t fait, ou presque. Recherche sur internet des sites proposant des astrances disponibles \u00e0 la vente, choix un peu limit\u00e9 en cette saison, mais finalement d\u00e9nich\u00e9 une <em>Astrantia major<\/em> subsp. <em>involucrata<\/em>\u00a0\u2018Shaggy\u2019 sur le site de <a href=\"https:\/\/www.promessedefleurs.com\/vivaces\/vivaces-par-variete\/astrances\/astrance-astrantia-major-shaggy.html\" target=\"_blank\" rel=\"noreferrer noopener\">Promesse de fleurs<\/a>.<\/p>\n\n\n\n<p>\u00c7a n&#8217;a pas tra\u00een\u00e9 : 3 sp\u00e9cimens command\u00e9s le jeudi, exp\u00e9di\u00e9s le vendredi, livr\u00e9s aujourd&#8217;hui samedi matin, et plant\u00e9s cet apr\u00e8s-midi (sous une petite pluie bienfaisante). Pour l&#8217;exp\u00e9dition, papi Jo avait \u00e9cout\u00e9 sa conscience &#8220;\u00e9colo&#8221; et coch\u00e9 la case &#8220;sans plastique&#8221; sur sa commande. Pour un suppl\u00e9ment de 1.50&nbsp;\u20ac, les plantes \u00e9taient emball\u00e9es sans le moindre plastique, que du carton, y compris le calage en carton broy\u00e9. Les photos ci-dessous montrent le r\u00e9sultat.<\/p>\n\n\n\n<figure class=\"wp-block-gallery columns-4 is-cropped wp-block-gallery-1 is-layout-flex wp-block-gallery-is-layout-flex\"><ul class=\"blocks-gallery-grid\"><li class=\"blocks-gallery-item\"><figure><a href=\"https:\/\/www.rezeau.org\/wp-garden\/wp-content\/uploads\/20210619_114004.jpg\" rel=\"lightbox[20506]\"><img loading=\"lazy\" decoding=\"async\" width=\"800\" height=\"533\" src=\"https:\/\/www.rezeau.org\/wp-garden\/wp-content\/uploads\/20210619_114004.jpg\" alt=\"\" data-id=\"20514\" data-full-url=\"https:\/\/www.rezeau.org\/wp-garden\/wp-content\/uploads\/20210619_114004.jpg\" data-link=\"https:\/\/www.rezeau.org\/wp-garden\/fr\/20210619_114004\/\" class=\"wp-image-20514\" srcset=\"https:\/\/www.rezeau.org\/wp-garden\/wp-content\/uploads\/20210619_114004.jpg 800w, https:\/\/www.rezeau.org\/wp-garden\/wp-content\/uploads\/20210619_114004-300x200.jpg 300w, https:\/\/www.rezeau.org\/wp-garden\/wp-content\/uploads\/20210619_114004-768x512.jpg 768w, https:\/\/www.rezeau.org\/wp-garden\/wp-content\/uploads\/20210619_114004-400x267.jpg 400w, https:\/\/www.rezeau.org\/wp-garden\/wp-content\/uploads\/20210619_114004-150x100.jpg 150w\" sizes=\"auto, (max-width: 800px) 100vw, 800px\" \/><\/a><figcaption class=\"blocks-gallery-item__caption\">le colis<\/figcaption><\/figure><\/li><li class=\"blocks-gallery-item\"><figure><a href=\"https:\/\/www.rezeau.org\/wp-garden\/wp-content\/uploads\/20210619_115032.jpg\" rel=\"lightbox[20506]\"><img loading=\"lazy\" decoding=\"async\" width=\"800\" height=\"533\" src=\"https:\/\/www.rezeau.org\/wp-garden\/wp-content\/uploads\/20210619_115032.jpg\" alt=\"\" data-id=\"20509\" data-full-url=\"https:\/\/www.rezeau.org\/wp-garden\/wp-content\/uploads\/20210619_115032.jpg\" data-link=\"https:\/\/www.rezeau.org\/wp-garden\/fr\/20210619_115032\/\" class=\"wp-image-20509\" srcset=\"https:\/\/www.rezeau.org\/wp-garden\/wp-content\/uploads\/20210619_115032.jpg 800w, https:\/\/www.rezeau.org\/wp-garden\/wp-content\/uploads\/20210619_115032-300x200.jpg 300w, https:\/\/www.rezeau.org\/wp-garden\/wp-content\/uploads\/20210619_115032-768x512.jpg 768w, https:\/\/www.rezeau.org\/wp-garden\/wp-content\/uploads\/20210619_115032-400x267.jpg 400w, https:\/\/www.rezeau.org\/wp-garden\/wp-content\/uploads\/20210619_115032-150x100.jpg 150w\" sizes=\"auto, (max-width: 800px) 100vw, 800px\" \/><\/a><figcaption class=\"blocks-gallery-item__caption\">le calage en carton broy\u00e9<\/figcaption><\/figure><\/li><li class=\"blocks-gallery-item\"><figure><a href=\"https:\/\/www.rezeau.org\/wp-garden\/wp-content\/uploads\/20210619_115252.jpg\" rel=\"lightbox[20506]\"><img loading=\"lazy\" decoding=\"async\" width=\"800\" height=\"533\" src=\"https:\/\/www.rezeau.org\/wp-garden\/wp-content\/uploads\/20210619_115252.jpg\" alt=\"\" data-id=\"20512\" data-full-url=\"https:\/\/www.rezeau.org\/wp-garden\/wp-content\/uploads\/20210619_115252.jpg\" data-link=\"https:\/\/www.rezeau.org\/wp-garden\/fr\/20210619_115252\/\" class=\"wp-image-20512\" srcset=\"https:\/\/www.rezeau.org\/wp-garden\/wp-content\/uploads\/20210619_115252.jpg 800w, https:\/\/www.rezeau.org\/wp-garden\/wp-content\/uploads\/20210619_115252-300x200.jpg 300w, https:\/\/www.rezeau.org\/wp-garden\/wp-content\/uploads\/20210619_115252-768x512.jpg 768w, https:\/\/www.rezeau.org\/wp-garden\/wp-content\/uploads\/20210619_115252-400x267.jpg 400w, https:\/\/www.rezeau.org\/wp-garden\/wp-content\/uploads\/20210619_115252-150x100.jpg 150w\" sizes=\"auto, (max-width: 800px) 100vw, 800px\" \/><\/a><figcaption class=\"blocks-gallery-item__caption\">les plantes dans leur godet en carton<\/figcaption><\/figure><\/li><li class=\"blocks-gallery-item\"><figure><a href=\"https:\/\/www.rezeau.org\/wp-garden\/wp-content\/uploads\/20210619_170739.jpg\" rel=\"lightbox[20506]\"><img loading=\"lazy\" decoding=\"async\" width=\"800\" height=\"533\" src=\"https:\/\/www.rezeau.org\/wp-garden\/wp-content\/uploads\/20210619_170739.jpg\" alt=\"\" data-id=\"20513\" data-full-url=\"https:\/\/www.rezeau.org\/wp-garden\/wp-content\/uploads\/20210619_170739.jpg\" data-link=\"https:\/\/www.rezeau.org\/wp-garden\/fr\/20210619_170739\/\" class=\"wp-image-20513\" srcset=\"https:\/\/www.rezeau.org\/wp-garden\/wp-content\/uploads\/20210619_170739.jpg 800w, https:\/\/www.rezeau.org\/wp-garden\/wp-content\/uploads\/20210619_170739-300x200.jpg 300w, https:\/\/www.rezeau.org\/wp-garden\/wp-content\/uploads\/20210619_170739-768x512.jpg 768w, https:\/\/www.rezeau.org\/wp-garden\/wp-content\/uploads\/20210619_170739-400x267.jpg 400w, https:\/\/www.rezeau.org\/wp-garden\/wp-content\/uploads\/20210619_170739-150x100.jpg 150w\" sizes=\"auto, (max-width: 800px) 100vw, 800px\" \/><\/a><figcaption class=\"blocks-gallery-item__caption\">les plantes mises en place<\/figcaption><\/figure><\/li><\/ul><figcaption class=\"blocks-gallery-caption\">Astrantia major, du colis \u00e0 la plantation<\/figcaption><\/figure>\n\n\n\n<p class=\"footnote\">(*) &#8220;La question, elle est vite r\u00e9pondue&#8221;, <a href=\"https:\/\/www.20minutes.fr\/high-tech\/2809411-20200628-question-vite-repondue-petite-phrase-influenceur-jp-fanguin-devient-slogan-publicitaire\" target=\"_blank\" rel=\"noreferrer noopener\">phrase-culte<\/a><\/p>\n","protected":false},"excerpt":{"rendered":"<p>Encore un coup de c\u0153ur pour une vivace qui vient d&#8217;arriver dans le jardin de papi Jo. R\u00e9cemment, sur les forums de jardinage, dans l&#8217;excellent magazine &#8220;Gardens Illustrated&#8220;, etc. une jolie floraison faisait de l\u2019\u0153il \u00e0 papi Jo. Il s&#8217;agissait de l&#8217;astrance, pour laquelle il fallait absolument faire une place&#8230;<\/p>\n<p class=\"continue-reading-button\"> <a class=\"continue-reading-link\" href=\"https:\/\/www.rezeau.org\/wp-garden\/fr\/astrantia-major-une-plante-qui-promet\/\">Continue reading<i class=\"crycon-right-dir\"><\/i><\/a><\/p>\n","protected":false},"author":2,"featured_media":20512,"comment_status":"closed","ping_status":"closed","sticky":false,"template":"","format":"standard","meta":{"_acf_changed":false,"footnotes":""},"categories":[677],"tags":[641],"class_list":["post-20506","post","type-post","status-publish","format-standard","has-post-thumbnail","hentry","category-journal-du-jardin","tag-plantations"],"acf":[],"_links":{"self":[{"href":"https:\/\/www.rezeau.org\/wp-garden\/wp-json\/wp\/v2\/posts\/20506","targetHints":{"allow":["GET"]}}],"collection":[{"href":"https:\/\/www.rezeau.org\/wp-garden\/wp-json\/wp\/v2\/posts"}],"about":[{"href":"https:\/\/www.rezeau.org\/wp-garden\/wp-json\/wp\/v2\/types\/post"}],"author":[{"embeddable":true,"href":"https:\/\/www.rezeau.org\/wp-garden\/wp-json\/wp\/v2\/users\/2"}],"replies":[{"embeddable":true,"href":"https:\/\/www.rezeau.org\/wp-garden\/wp-json\/wp\/v2\/comments?post=20506"}],"version-history":[{"count":0,"href":"https:\/\/www.rezeau.org\/wp-garden\/wp-json\/wp\/v2\/posts\/20506\/revisions"}],"wp:featuredmedia":[{"embeddable":true,"href":"https:\/\/www.rezeau.org\/wp-garden\/wp-json\/wp\/v2\/media\/20512"}],"wp:attachment":[{"href":"https:\/\/www.rezeau.org\/wp-garden\/wp-json\/wp\/v2\/media?parent=20506"}],"wp:term":[{"taxonomy":"category","embeddable":true,"href":"https:\/\/www.rezeau.org\/wp-garden\/wp-json\/wp\/v2\/categories?post=20506"},{"taxonomy":"post_tag","embeddable":true,"href":"https:\/\/www.rezeau.org\/wp-garden\/wp-json\/wp\/v2\/tags?post=20506"}],"curies":[{"name":"wp","href":"https:\/\/api.w.org\/{rel}","templated":true}]}}