
{"id":21594,"date":"2022-04-03T17:01:21","date_gmt":"2022-04-03T15:01:21","guid":{"rendered":"https:\/\/www.rezeau.org\/wp-garden\/?p=21594"},"modified":"2022-04-03T17:02:13","modified_gmt":"2022-04-03T15:02:13","slug":"lennemi-venu-de-froid","status":"publish","type":"post","link":"https:\/\/www.rezeau.org\/wp-garden\/fr\/lennemi-venu-de-froid\/","title":{"rendered":"L&#8217;ennemi venu du froid"},"content":{"rendered":"\n<p>La semaine derni\u00e8re, le jardin de papi Jo avait \u00e9t\u00e9 attaqu\u00e9 par de la gr\u00eale, puis par une tornade (du 1er avril), mais rien de bien m\u00e9chant. Mais ce matin au r\u00e9veil il a bien fallu constater que la petite gel\u00e9e de la nuit avait sournoisement s\u00e9vi. En attendant un bilan complet, qu&#8217;on esp\u00e8re pas trop lourd, voici la petite liste des plantes plus ou moins amoch\u00e9es.<\/p>\n\n\n\n<p>Et on surveille de tr\u00e8s pr\u00e8s le <em>Cornus hongkongensis<\/em> qui avait d\u00e9j\u00e0 perdu tous ses boutons floraux en 2021.<\/p>\n\n\n\n<ul class=\"wp-block-list\"><li><em>Malus Perpetu<\/em>\u00a0\u2018Evereste\u2019<\/li><li><em>Persicaria runcinata<\/em>\u00a0\u2018Purple Fantasy\u2019 (une habitu\u00e9e des gel\u00e9es, voir <a href=\"https:\/\/www.rezeau.org\/wp-garden\/fr\/rien-de-ne-sert-de-courir-il-faut-un-bon-maillot\/\">Rien de ne sert de courir, il faut un bon maillot<\/a>)<\/li><li><em>Fatsia japonica<\/em>\u00a0Spider\u2019s Web<\/li><li><em>Wisteria sinensis<\/em><\/li><\/ul>\n\n\n\n<figure class=\"wp-block-gallery has-nested-images columns-4 is-cropped wp-block-gallery-1 is-layout-flex wp-block-gallery-is-layout-flex\">\n<figure class=\"wp-block-image size-large\"><a href=\"https:\/\/www.rezeau.org\/wp-garden\/wp-content\/uploads\/J-IMGP5926.jpg\" rel=\"lightbox[21594]\"><img loading=\"lazy\" decoding=\"async\" width=\"533\" height=\"800\" data-id=\"21600\" src=\"https:\/\/www.rezeau.org\/wp-garden\/wp-content\/uploads\/J-IMGP5926.jpg\" alt=\"\" class=\"wp-image-21600\" srcset=\"https:\/\/www.rezeau.org\/wp-garden\/wp-content\/uploads\/J-IMGP5926.jpg 533w, https:\/\/www.rezeau.org\/wp-garden\/wp-content\/uploads\/J-IMGP5926-200x300.jpg 200w, https:\/\/www.rezeau.org\/wp-garden\/wp-content\/uploads\/J-IMGP5926-400x600.jpg 400w, https:\/\/www.rezeau.org\/wp-garden\/wp-content\/uploads\/J-IMGP5926-100x150.jpg 100w\" sizes=\"auto, (max-width: 533px) 100vw, 533px\" \/><\/a><figcaption><em>Malus Perpetu<\/em>\u00a0\u2018Evereste\u2019<\/figcaption><\/figure>\n\n\n\n<figure class=\"wp-block-image size-large\"><a href=\"https:\/\/www.rezeau.org\/wp-garden\/wp-content\/uploads\/J-IMGP5935.jpg\" rel=\"lightbox[21594]\"><img loading=\"lazy\" decoding=\"async\" width=\"800\" height=\"533\" data-id=\"21598\" src=\"https:\/\/www.rezeau.org\/wp-garden\/wp-content\/uploads\/J-IMGP5935.jpg\" alt=\"\" class=\"wp-image-21598\" srcset=\"https:\/\/www.rezeau.org\/wp-garden\/wp-content\/uploads\/J-IMGP5935.jpg 800w, https:\/\/www.rezeau.org\/wp-garden\/wp-content\/uploads\/J-IMGP5935-300x200.jpg 300w, https:\/\/www.rezeau.org\/wp-garden\/wp-content\/uploads\/J-IMGP5935-768x512.jpg 768w, https:\/\/www.rezeau.org\/wp-garden\/wp-content\/uploads\/J-IMGP5935-400x267.jpg 400w, https:\/\/www.rezeau.org\/wp-garden\/wp-content\/uploads\/J-IMGP5935-150x100.jpg 150w\" sizes=\"auto, (max-width: 800px) 100vw, 800px\" \/><\/a><figcaption><em>Malus Perpetu<\/em>\u00a0\u2018Evereste\u2019<\/figcaption><\/figure>\n\n\n\n<figure class=\"wp-block-image size-large\"><a href=\"https:\/\/www.rezeau.org\/wp-garden\/wp-content\/uploads\/J-IMGP5938.jpg\" rel=\"lightbox[21594]\"><img loading=\"lazy\" decoding=\"async\" width=\"800\" height=\"533\" data-id=\"21599\" src=\"https:\/\/www.rezeau.org\/wp-garden\/wp-content\/uploads\/J-IMGP5938.jpg\" alt=\"\" class=\"wp-image-21599\" srcset=\"https:\/\/www.rezeau.org\/wp-garden\/wp-content\/uploads\/J-IMGP5938.jpg 800w, https:\/\/www.rezeau.org\/wp-garden\/wp-content\/uploads\/J-IMGP5938-300x200.jpg 300w, https:\/\/www.rezeau.org\/wp-garden\/wp-content\/uploads\/J-IMGP5938-768x512.jpg 768w, https:\/\/www.rezeau.org\/wp-garden\/wp-content\/uploads\/J-IMGP5938-400x267.jpg 400w, https:\/\/www.rezeau.org\/wp-garden\/wp-content\/uploads\/J-IMGP5938-150x100.jpg 150w\" sizes=\"auto, (max-width: 800px) 100vw, 800px\" \/><\/a><figcaption><em>Persicaria runcinata<\/em>\u00a0\u2018Purple Fantasy\u2019<\/figcaption><\/figure>\n\n\n\n<figure class=\"wp-block-image size-large\"><a href=\"https:\/\/www.rezeau.org\/wp-garden\/wp-content\/uploads\/J-IMGP5932.jpg\" rel=\"lightbox[21594]\"><img loading=\"lazy\" decoding=\"async\" width=\"800\" height=\"533\" data-id=\"21597\" src=\"https:\/\/www.rezeau.org\/wp-garden\/wp-content\/uploads\/J-IMGP5932.jpg\" alt=\"\" class=\"wp-image-21597\" srcset=\"https:\/\/www.rezeau.org\/wp-garden\/wp-content\/uploads\/J-IMGP5932.jpg 800w, https:\/\/www.rezeau.org\/wp-garden\/wp-content\/uploads\/J-IMGP5932-300x200.jpg 300w, https:\/\/www.rezeau.org\/wp-garden\/wp-content\/uploads\/J-IMGP5932-768x512.jpg 768w, https:\/\/www.rezeau.org\/wp-garden\/wp-content\/uploads\/J-IMGP5932-400x267.jpg 400w, https:\/\/www.rezeau.org\/wp-garden\/wp-content\/uploads\/J-IMGP5932-150x100.jpg 150w\" sizes=\"auto, (max-width: 800px) 100vw, 800px\" \/><\/a><figcaption><em>Fatsia japonica<\/em>\u00a0Spider\u2019s Web<\/figcaption><\/figure>\n\n\n\n<figure class=\"wp-block-image size-large\"><a href=\"https:\/\/www.rezeau.org\/wp-garden\/wp-content\/uploads\/J-IMGP5925-1.jpg\" rel=\"lightbox[21594]\"><img loading=\"lazy\" decoding=\"async\" width=\"800\" height=\"533\" data-id=\"21601\" src=\"https:\/\/www.rezeau.org\/wp-garden\/wp-content\/uploads\/J-IMGP5925-1.jpg\" alt=\"\" class=\"wp-image-21601\" srcset=\"https:\/\/www.rezeau.org\/wp-garden\/wp-content\/uploads\/J-IMGP5925-1.jpg 800w, https:\/\/www.rezeau.org\/wp-garden\/wp-content\/uploads\/J-IMGP5925-1-300x200.jpg 300w, https:\/\/www.rezeau.org\/wp-garden\/wp-content\/uploads\/J-IMGP5925-1-768x512.jpg 768w, https:\/\/www.rezeau.org\/wp-garden\/wp-content\/uploads\/J-IMGP5925-1-400x267.jpg 400w, https:\/\/www.rezeau.org\/wp-garden\/wp-content\/uploads\/J-IMGP5925-1-150x100.jpg 150w\" sizes=\"auto, (max-width: 800px) 100vw, 800px\" \/><\/a><figcaption><em>Malus Perpetu<\/em>\u00a0\u2018Evereste\u2019 <strong>AVANT <\/strong>(01\/04\/2022)<\/figcaption><\/figure>\n\n\n\n<figure class=\"wp-block-image size-large\"><a href=\"https:\/\/www.rezeau.org\/wp-garden\/wp-content\/uploads\/J-IMGP5940.jpg\" rel=\"lightbox[21594]\"><img loading=\"lazy\" decoding=\"async\" width=\"800\" height=\"533\" data-id=\"21596\" src=\"https:\/\/www.rezeau.org\/wp-garden\/wp-content\/uploads\/J-IMGP5940.jpg\" alt=\"\" class=\"wp-image-21596\" srcset=\"https:\/\/www.rezeau.org\/wp-garden\/wp-content\/uploads\/J-IMGP5940.jpg 800w, https:\/\/www.rezeau.org\/wp-garden\/wp-content\/uploads\/J-IMGP5940-300x200.jpg 300w, https:\/\/www.rezeau.org\/wp-garden\/wp-content\/uploads\/J-IMGP5940-768x512.jpg 768w, https:\/\/www.rezeau.org\/wp-garden\/wp-content\/uploads\/J-IMGP5940-400x267.jpg 400w, https:\/\/www.rezeau.org\/wp-garden\/wp-content\/uploads\/J-IMGP5940-150x100.jpg 150w\" sizes=\"auto, (max-width: 800px) 100vw, 800px\" \/><\/a><figcaption><em>Malus Perpetu<\/em>\u00a0\u2018Evereste\u2019 <strong>APRES <\/strong>(03\/04\/2022)<\/figcaption><\/figure>\n<\/figure>\n","protected":false},"excerpt":{"rendered":"<p>La semaine derni\u00e8re, le jardin de papi Jo avait \u00e9t\u00e9 attaqu\u00e9 par de la gr\u00eale, puis par une tornade (du 1er avril), mais rien de bien m\u00e9chant. Mais ce matin au r\u00e9veil il a bien fallu constater que la petite gel\u00e9e de la nuit avait sournoisement s\u00e9vi.<\/p>\n<p class=\"continue-reading-button\"> <a class=\"continue-reading-link\" href=\"https:\/\/www.rezeau.org\/wp-garden\/fr\/lennemi-venu-de-froid\/\">Continue reading<i class=\"crycon-right-dir\"><\/i><\/a><\/p>\n","protected":false},"author":2,"featured_media":21598,"comment_status":"closed","ping_status":"closed","sticky":false,"template":"","format":"standard","meta":{"_acf_changed":false,"footnotes":""},"categories":[677],"tags":[3571],"class_list":["post-21594","post","type-post","status-publish","format-standard","has-post-thumbnail","hentry","category-journal-du-jardin","tag-meteo"],"acf":[],"_links":{"self":[{"href":"https:\/\/www.rezeau.org\/wp-garden\/wp-json\/wp\/v2\/posts\/21594","targetHints":{"allow":["GET"]}}],"collection":[{"href":"https:\/\/www.rezeau.org\/wp-garden\/wp-json\/wp\/v2\/posts"}],"about":[{"href":"https:\/\/www.rezeau.org\/wp-garden\/wp-json\/wp\/v2\/types\/post"}],"author":[{"embeddable":true,"href":"https:\/\/www.rezeau.org\/wp-garden\/wp-json\/wp\/v2\/users\/2"}],"replies":[{"embeddable":true,"href":"https:\/\/www.rezeau.org\/wp-garden\/wp-json\/wp\/v2\/comments?post=21594"}],"version-history":[{"count":0,"href":"https:\/\/www.rezeau.org\/wp-garden\/wp-json\/wp\/v2\/posts\/21594\/revisions"}],"wp:featuredmedia":[{"embeddable":true,"href":"https:\/\/www.rezeau.org\/wp-garden\/wp-json\/wp\/v2\/media\/21598"}],"wp:attachment":[{"href":"https:\/\/www.rezeau.org\/wp-garden\/wp-json\/wp\/v2\/media?parent=21594"}],"wp:term":[{"taxonomy":"category","embeddable":true,"href":"https:\/\/www.rezeau.org\/wp-garden\/wp-json\/wp\/v2\/categories?post=21594"},{"taxonomy":"post_tag","embeddable":true,"href":"https:\/\/www.rezeau.org\/wp-garden\/wp-json\/wp\/v2\/tags?post=21594"}],"curies":[{"name":"wp","href":"https:\/\/api.w.org\/{rel}","templated":true}]}}