
{"id":21619,"date":"2022-04-05T18:46:59","date_gmt":"2022-04-05T16:46:59","guid":{"rendered":"https:\/\/www.rezeau.org\/wp-garden\/?p=21619"},"modified":"2022-04-05T18:53:35","modified_gmt":"2022-04-05T16:53:35","slug":"le-printemps-de-retour","status":"publish","type":"post","link":"https:\/\/www.rezeau.org\/wp-garden\/fr\/le-printemps-de-retour\/","title":{"rendered":"Le printemps de retour&#8230;"},"content":{"rendered":"\n<p>Ce matin le printemps est de retour. Papi Jo a remis\u00e9 chapka et parka, foulards et madras jusqu&#8217;\u00e0 l&#8217;hiver prochain. Et surtout il a re\u00e7u sa commande de nouvelles plantes, donc tout va bien.<\/p>\n\n\n\n<p>Command\u00e9 chez <a rel=\"noreferrer noopener\" href=\"https:\/\/www.promessedefleurs.com\/\" data-type=\"URL\" data-id=\"https:\/\/www.promessedefleurs.com\/\" target=\"_blank\">Promesse de fleurs<\/a> dimanche apr\u00e8s-midi ; commande exp\u00e9di\u00e9e hier lundi et re\u00e7ue ce mardi \u00e0 midi. \u00c7a n&#8217;a pas tra\u00een\u00e9 ! Tout \u00e9tait impeccablement emball\u00e9 et bien frais.<\/p>\n\n\n\n<ul class=\"wp-block-list\"><li><em>Clematis<\/em> &#8216;Maria Sk\u0142odowska Curie&#8217; <\/li><li>C. &#8216;Forever Friends&#8217;<\/li><li>3 sp\u00e9cimens d&#8217;aconit cr\u00e8me &#8211; <em>Aconitum septentrionale Ivorine <\/em>pour remplacer les sp\u00e9cimens disparus au bout de 7 ann\u00e9es<\/li><li>3 sp\u00e9cimens d&#8217;astrance <em>Astrantia major<\/em> &#8216;Roma&#8217; pour un emplacement &#8230; \u00e0 trouver.<\/li><\/ul>\n\n\n\n<p>Les racines des deux cl\u00e9matites \u00e9taient bien &#8220;chignonn\u00e9es&#8221;<sup>(1)<\/sup>, je les ai donc soigneusement d\u00e9sentourioun\u00e9es<sup>(2)<\/sup> dans le trou de plantation. Car, comme tout bon jardinier le sait, <a href=\"https:\/\/magazine.hortus-focus.fr\/blog\/2019\/11\/07\/les-chignons-cest-pas-bon\/\" data-type=\"URL\" data-id=\"https:\/\/magazine.hortus-focus.fr\/blog\/2019\/11\/07\/les-chignons-cest-pas-bon\/\" target=\"_blank\" rel=\"noreferrer noopener\">Le chignon racinaire, c\u2019est pas bon !<\/a><\/p>\n\n\n\n<figure class=\"wp-block-gallery has-nested-images columns-default is-cropped wp-block-gallery-1 is-layout-flex wp-block-gallery-is-layout-flex\">\n<figure class=\"wp-block-image size-large\"><img loading=\"lazy\" decoding=\"async\" width=\"600\" height=\"800\" data-id=\"21616\" src=\"https:\/\/www.rezeau.org\/wp-garden\/wp-content\/uploads\/20220405_114707.jpg\" alt=\"\" class=\"wp-image-21616\" srcset=\"https:\/\/www.rezeau.org\/wp-garden\/wp-content\/uploads\/20220405_114707.jpg 600w, https:\/\/www.rezeau.org\/wp-garden\/wp-content\/uploads\/20220405_114707-225x300.jpg 225w, https:\/\/www.rezeau.org\/wp-garden\/wp-content\/uploads\/20220405_114707-400x533.jpg 400w, https:\/\/www.rezeau.org\/wp-garden\/wp-content\/uploads\/20220405_114707-113x150.jpg 113w\" sizes=\"auto, (max-width: 600px) 100vw, 600px\" \/><figcaption>le colis<\/figcaption><\/figure>\n\n\n\n<figure class=\"wp-block-image size-large\"><img loading=\"lazy\" decoding=\"async\" width=\"533\" height=\"800\" data-id=\"21617\" src=\"https:\/\/www.rezeau.org\/wp-garden\/wp-content\/uploads\/20220405_115008.jpg\" alt=\"\" class=\"wp-image-21617\" srcset=\"https:\/\/www.rezeau.org\/wp-garden\/wp-content\/uploads\/20220405_115008.jpg 533w, https:\/\/www.rezeau.org\/wp-garden\/wp-content\/uploads\/20220405_115008-200x300.jpg 200w, https:\/\/www.rezeau.org\/wp-garden\/wp-content\/uploads\/20220405_115008-400x600.jpg 400w, https:\/\/www.rezeau.org\/wp-garden\/wp-content\/uploads\/20220405_115008-100x150.jpg 100w\" sizes=\"auto, (max-width: 533px) 100vw, 533px\" \/><figcaption>le rembourrage de papier<\/figcaption><\/figure>\n\n\n\n<figure class=\"wp-block-image size-large\"><img loading=\"lazy\" decoding=\"async\" width=\"533\" height=\"800\" data-id=\"21618\" src=\"https:\/\/www.rezeau.org\/wp-garden\/wp-content\/uploads\/20220405_115023.jpg\" alt=\"\" class=\"wp-image-21618\" srcset=\"https:\/\/www.rezeau.org\/wp-garden\/wp-content\/uploads\/20220405_115023.jpg 533w, https:\/\/www.rezeau.org\/wp-garden\/wp-content\/uploads\/20220405_115023-200x300.jpg 200w, https:\/\/www.rezeau.org\/wp-garden\/wp-content\/uploads\/20220405_115023-400x600.jpg 400w, https:\/\/www.rezeau.org\/wp-garden\/wp-content\/uploads\/20220405_115023-100x150.jpg 100w\" sizes=\"auto, (max-width: 533px) 100vw, 533px\" \/><figcaption>quoi est-ce ?<\/figcaption><\/figure>\n\n\n\n<figure class=\"wp-block-image size-large\"><img loading=\"lazy\" decoding=\"async\" width=\"533\" height=\"800\" data-id=\"21613\" src=\"https:\/\/www.rezeau.org\/wp-garden\/wp-content\/uploads\/20220405_115130.jpg\" alt=\"\" class=\"wp-image-21613\" srcset=\"https:\/\/www.rezeau.org\/wp-garden\/wp-content\/uploads\/20220405_115130.jpg 533w, https:\/\/www.rezeau.org\/wp-garden\/wp-content\/uploads\/20220405_115130-200x300.jpg 200w, https:\/\/www.rezeau.org\/wp-garden\/wp-content\/uploads\/20220405_115130-400x600.jpg 400w, https:\/\/www.rezeau.org\/wp-garden\/wp-content\/uploads\/20220405_115130-100x150.jpg 100w\" sizes=\"auto, (max-width: 533px) 100vw, 533px\" \/><figcaption>les 2 cl\u00e9matites dans leur carton ondul\u00e9<\/figcaption><\/figure>\n\n\n\n<figure class=\"wp-block-image size-large\"><img loading=\"lazy\" decoding=\"async\" width=\"533\" height=\"800\" data-id=\"21614\" src=\"https:\/\/www.rezeau.org\/wp-garden\/wp-content\/uploads\/20220405_115218.jpg\" alt=\"\" class=\"wp-image-21614\" srcset=\"https:\/\/www.rezeau.org\/wp-garden\/wp-content\/uploads\/20220405_115218.jpg 533w, https:\/\/www.rezeau.org\/wp-garden\/wp-content\/uploads\/20220405_115218-200x300.jpg 200w, https:\/\/www.rezeau.org\/wp-garden\/wp-content\/uploads\/20220405_115218-400x600.jpg 400w, https:\/\/www.rezeau.org\/wp-garden\/wp-content\/uploads\/20220405_115218-100x150.jpg 100w\" sizes=\"auto, (max-width: 533px) 100vw, 533px\" \/><figcaption>les cl\u00e9matites avec leur motte en papillote<\/figcaption><\/figure>\n\n\n\n<figure class=\"wp-block-image size-large\"><img loading=\"lazy\" decoding=\"async\" width=\"533\" height=\"800\" data-id=\"21612\" src=\"https:\/\/www.rezeau.org\/wp-garden\/wp-content\/uploads\/20220405_152326.jpg\" alt=\"\" class=\"wp-image-21612\" srcset=\"https:\/\/www.rezeau.org\/wp-garden\/wp-content\/uploads\/20220405_152326.jpg 533w, https:\/\/www.rezeau.org\/wp-garden\/wp-content\/uploads\/20220405_152326-200x300.jpg 200w, https:\/\/www.rezeau.org\/wp-garden\/wp-content\/uploads\/20220405_152326-400x600.jpg 400w, https:\/\/www.rezeau.org\/wp-garden\/wp-content\/uploads\/20220405_152326-100x150.jpg 100w\" sizes=\"auto, (max-width: 533px) 100vw, 533px\" \/><figcaption>un chignon bien \u00e9tal\u00e9<\/figcaption><\/figure>\n\n\n\n<figure class=\"wp-block-image size-large\"><img loading=\"lazy\" decoding=\"async\" width=\"533\" height=\"800\" data-id=\"21611\" src=\"https:\/\/www.rezeau.org\/wp-garden\/wp-content\/uploads\/20220405_115512.jpg\" alt=\"\" class=\"wp-image-21611\" srcset=\"https:\/\/www.rezeau.org\/wp-garden\/wp-content\/uploads\/20220405_115512.jpg 533w, https:\/\/www.rezeau.org\/wp-garden\/wp-content\/uploads\/20220405_115512-200x300.jpg 200w, https:\/\/www.rezeau.org\/wp-garden\/wp-content\/uploads\/20220405_115512-400x600.jpg 400w, https:\/\/www.rezeau.org\/wp-garden\/wp-content\/uploads\/20220405_115512-100x150.jpg 100w\" sizes=\"auto, (max-width: 533px) 100vw, 533px\" \/><figcaption>les petites vivaces dans leur emballage en papier<\/figcaption><\/figure>\n\n\n\n<figure class=\"wp-block-image size-large\"><img loading=\"lazy\" decoding=\"async\" width=\"800\" height=\"800\" data-id=\"21615\" src=\"https:\/\/www.rezeau.org\/wp-garden\/wp-content\/uploads\/20220405_120043.jpg\" alt=\"\" class=\"wp-image-21615\" srcset=\"https:\/\/www.rezeau.org\/wp-garden\/wp-content\/uploads\/20220405_120043.jpg 800w, https:\/\/www.rezeau.org\/wp-garden\/wp-content\/uploads\/20220405_120043-300x300.jpg 300w, https:\/\/www.rezeau.org\/wp-garden\/wp-content\/uploads\/20220405_120043-150x150.jpg 150w, https:\/\/www.rezeau.org\/wp-garden\/wp-content\/uploads\/20220405_120043-768x768.jpg 768w, https:\/\/www.rezeau.org\/wp-garden\/wp-content\/uploads\/20220405_120043-400x400.jpg 400w\" sizes=\"auto, (max-width: 800px) 100vw, 800px\" \/><figcaption>un aconit qui se d\u00e9voile<\/figcaption><\/figure>\n<\/figure>\n\n\n\n<p class=\"footnote\"><sup>(1)<\/sup> Traduction en Russe (au cas o\u00f9&#8230;) \u0444\u043e\u0440\u043c\u0438\u0440\u043e\u0432\u0430\u043d\u0438\u0435 \u0438\u0437\u043b\u0438\u0448\u043d\u0435 \u043f\u043b\u043e\u0442\u043d\u043e\u0439 \u043a\u043e\u0440\u043d\u0435\u0432\u043e\u0439 \u043c\u0430\u0441\u0441\u044b (\u044d\u0444\u0444\u0435\u043a\u0442 \u0437\u0430\u043a\u0440\u0443\u0447\u0438\u0432\u0430\u043d\u0438\u044f \u043a\u043e\u0440\u043d\u0435\u0439)<br><sup>(2)<\/sup> Patois vend\u00e9en<\/p>\n","protected":false},"excerpt":{"rendered":"<p>Une surprise pour le jardin de papi Jo ?<\/p>\n<p class=\"continue-reading-button\"> <a class=\"continue-reading-link\" href=\"https:\/\/www.rezeau.org\/wp-garden\/fr\/le-printemps-de-retour\/\">Continue reading<i class=\"crycon-right-dir\"><\/i><\/a><\/p>\n","protected":false},"author":2,"featured_media":21621,"comment_status":"closed","ping_status":"closed","sticky":false,"template":"","format":"standard","meta":{"_acf_changed":false,"footnotes":""},"categories":[677],"tags":[641],"class_list":["post-21619","post","type-post","status-publish","format-standard","has-post-thumbnail","hentry","category-journal-du-jardin","tag-plantations"],"acf":[],"_links":{"self":[{"href":"https:\/\/www.rezeau.org\/wp-garden\/wp-json\/wp\/v2\/posts\/21619","targetHints":{"allow":["GET"]}}],"collection":[{"href":"https:\/\/www.rezeau.org\/wp-garden\/wp-json\/wp\/v2\/posts"}],"about":[{"href":"https:\/\/www.rezeau.org\/wp-garden\/wp-json\/wp\/v2\/types\/post"}],"author":[{"embeddable":true,"href":"https:\/\/www.rezeau.org\/wp-garden\/wp-json\/wp\/v2\/users\/2"}],"replies":[{"embeddable":true,"href":"https:\/\/www.rezeau.org\/wp-garden\/wp-json\/wp\/v2\/comments?post=21619"}],"version-history":[{"count":0,"href":"https:\/\/www.rezeau.org\/wp-garden\/wp-json\/wp\/v2\/posts\/21619\/revisions"}],"wp:featuredmedia":[{"embeddable":true,"href":"https:\/\/www.rezeau.org\/wp-garden\/wp-json\/wp\/v2\/media\/21621"}],"wp:attachment":[{"href":"https:\/\/www.rezeau.org\/wp-garden\/wp-json\/wp\/v2\/media?parent=21619"}],"wp:term":[{"taxonomy":"category","embeddable":true,"href":"https:\/\/www.rezeau.org\/wp-garden\/wp-json\/wp\/v2\/categories?post=21619"},{"taxonomy":"post_tag","embeddable":true,"href":"https:\/\/www.rezeau.org\/wp-garden\/wp-json\/wp\/v2\/tags?post=21619"}],"curies":[{"name":"wp","href":"https:\/\/api.w.org\/{rel}","templated":true}]}}