
{"id":22309,"date":"2022-07-01T16:13:57","date_gmt":"2022-07-01T14:13:57","guid":{"rendered":"https:\/\/www.rezeau.org\/wp-garden\/?p=22309"},"modified":"2022-07-03T23:27:00","modified_gmt":"2022-07-03T21:27:00","slug":"la-lavatere-barnsley-un-nouvel-espoir","status":"publish","type":"post","link":"https:\/\/www.rezeau.org\/wp-garden\/fr\/la-lavatere-barnsley-un-nouvel-espoir\/","title":{"rendered":"La lavat\u00e8re \u2018Barnsley\u2019, un nouvel espoir\u00a0?"},"content":{"rendered":"\n<p>La lavat\u00e8re &#8216;Barnsley&#8217; est une plante intrigante dans le jardin de papi Jo. On vous en a d\u00e9j\u00e0 parl\u00e9 ici&nbsp;: <\/p>\n\n\n\n<div class=\"wp-block-buttons is-layout-flex wp-block-buttons-is-layout-flex\">\n<div class=\"wp-block-button\"><a class=\"wp-block-button__link\" href=\"https:\/\/www.rezeau.org\/wp-garden\/fr\/une-lavatere-de-plus-en-plus-chimerique\/\" target=\"_blank\" rel=\"noreferrer noopener\">La lavat\u00e8re chim\u00e9rique<\/a><\/div>\n\n\n\n<div class=\"wp-block-button style=&quot;margin:5px;&quot;\"><a class=\"wp-block-button__link\" href=\"https:\/\/www.rezeau.org\/wp-garden\/fr\/la-lavatere-barnsley-une-bien-jolie-chimere\/\" target=\"_blank\" rel=\"noreferrer noopener\">La lavat\u00e8re \u2018Barnsley\u2019, une bien jolie chim\u00e8re !<\/a><\/div>\n\n\n\n<div class=\"wp-block-button\"><a class=\"wp-block-button__link\" href=\"https:\/\/www.rezeau.org\/wp-garden\/fr\/la-lavatere-barnsley-une-plante-un-peu-fragile\/\" target=\"_blank\" rel=\"noreferrer noopener\">La lavat\u00e8re \u2018Barnsley\u2019, une plante fragile&nbsp;!<\/a><\/div>\n<\/div>\n\n\n\n<div style=\"height:13px\" aria-hidden=\"true\" class=\"wp-block-spacer\"><\/div>\n\n\n\n<div class=\"wp-block-buttons is-vertical is-content-justification-space-between is-layout-flex wp-container-core-buttons-is-layout-fda042bb wp-block-buttons-is-layout-flex\"><\/div>\n\n\n\n<p>Sur ces photos on constate l&#8217;\u00e9volution du cultivar &#8216;Barnsley&#8217; vers le type &#8216;Rosea&#8217;. Cette ann\u00e9e il ne reste vraiment qu&#8217;une toute petite quantit\u00e9 de fleurs &#8216;Barnsley&#8217;.<\/p>\n\n\n\n<figure class=\"wp-block-gallery has-nested-images columns-2 is-cropped wp-block-gallery-1 is-layout-flex wp-block-gallery-is-layout-flex\">\n<figure class=\"wp-block-image size-large\"><a href=\"https:\/\/www.rezeau.org\/wp-garden\/wp-content\/uploads\/Lavatera-x-clementii-Barnsley-17-07-2018.jpg\" rel=\"lightbox[22309]\"><img loading=\"lazy\" decoding=\"async\" width=\"800\" height=\"533\" data-id=\"10894\" src=\"https:\/\/www.rezeau.org\/wp-garden\/wp-content\/uploads\/Lavatera-x-clementii-Barnsley-17-07-2018.jpg\" alt=\"Cette petite bouture a bien profit\u00e9 d\u00e8s la premi\u00e8re ann\u00e9e !\" class=\"wp-image-10894\" srcset=\"https:\/\/www.rezeau.org\/wp-garden\/wp-content\/uploads\/Lavatera-x-clementii-Barnsley-17-07-2018.jpg 800w, https:\/\/www.rezeau.org\/wp-garden\/wp-content\/uploads\/Lavatera-x-clementii-Barnsley-17-07-2018-300x200.jpg 300w, https:\/\/www.rezeau.org\/wp-garden\/wp-content\/uploads\/Lavatera-x-clementii-Barnsley-17-07-2018-768x512.jpg 768w\" sizes=\"auto, (max-width: 800px) 100vw, 800px\" \/><\/a><figcaption><em>Lavatera x clementii<\/em> &#8216;Barnsley&#8217; 17\/07\/2018<\/figcaption><\/figure>\n\n\n\n<figure class=\"wp-block-image size-large\"><a href=\"https:\/\/www.rezeau.org\/wp-garden\/wp-content\/uploads\/Lavatera-x-clementii-Barnsley-20-06-2020.jpg\" rel=\"lightbox[22309]\"><img loading=\"lazy\" decoding=\"async\" width=\"800\" height=\"533\" data-id=\"14698\" src=\"https:\/\/www.rezeau.org\/wp-garden\/wp-content\/uploads\/Lavatera-x-clementii-Barnsley-20-06-2020.jpg\" alt=\"R\u00e9version au type sur la moiti\u00e9 gauche du plant\" class=\"wp-image-14698\" srcset=\"https:\/\/www.rezeau.org\/wp-garden\/wp-content\/uploads\/Lavatera-x-clementii-Barnsley-20-06-2020.jpg 800w, https:\/\/www.rezeau.org\/wp-garden\/wp-content\/uploads\/Lavatera-x-clementii-Barnsley-20-06-2020-300x200.jpg 300w, https:\/\/www.rezeau.org\/wp-garden\/wp-content\/uploads\/Lavatera-x-clementii-Barnsley-20-06-2020-768x512.jpg 768w\" sizes=\"auto, (max-width: 800px) 100vw, 800px\" \/><\/a><figcaption><em>Lavatera x clementii<\/em> &#8216;Barnsley&#8217; 20\/06\/2020<\/figcaption><\/figure>\n\n\n\n<figure class=\"wp-block-image size-large\"><a href=\"https:\/\/www.rezeau.org\/wp-garden\/wp-content\/uploads\/Lavatera-x-clementii-Barnsley-23-06-2021.jpg\" rel=\"lightbox[22309]\"><img loading=\"lazy\" decoding=\"async\" width=\"800\" height=\"533\" data-id=\"20565\" src=\"https:\/\/www.rezeau.org\/wp-garden\/wp-content\/uploads\/Lavatera-x-clementii-Barnsley-23-06-2021.jpg\" alt=\"R\u00e9version au type sur les 3\/4 \u00e0 gauche du plant - juin 2021\" class=\"wp-image-20565\" srcset=\"https:\/\/www.rezeau.org\/wp-garden\/wp-content\/uploads\/Lavatera-x-clementii-Barnsley-23-06-2021.jpg 800w, https:\/\/www.rezeau.org\/wp-garden\/wp-content\/uploads\/Lavatera-x-clementii-Barnsley-23-06-2021-300x200.jpg 300w, https:\/\/www.rezeau.org\/wp-garden\/wp-content\/uploads\/Lavatera-x-clementii-Barnsley-23-06-2021-768x512.jpg 768w, https:\/\/www.rezeau.org\/wp-garden\/wp-content\/uploads\/Lavatera-x-clementii-Barnsley-23-06-2021-400x267.jpg 400w, https:\/\/www.rezeau.org\/wp-garden\/wp-content\/uploads\/Lavatera-x-clementii-Barnsley-23-06-2021-150x100.jpg 150w\" sizes=\"auto, (max-width: 800px) 100vw, 800px\" \/><\/a><figcaption><em>Lavatera x clementii<\/em> &#8216;Barnsley&#8217; 23\/06\/2021<\/figcaption><\/figure>\n\n\n\n<figure class=\"wp-block-image size-large\"><a href=\"https:\/\/www.rezeau.org\/wp-garden\/wp-content\/uploads\/Lavatera-x-clementii-Barnsley-01-07-2022.jpg\" rel=\"lightbox[22309]\"><img loading=\"lazy\" decoding=\"async\" width=\"800\" height=\"533\" data-id=\"22308\" src=\"https:\/\/www.rezeau.org\/wp-garden\/wp-content\/uploads\/Lavatera-x-clementii-Barnsley-01-07-2022.jpg\" alt=\"Juin 2022 - Tr\u00e8s peu de fleurs 'Barnsley'\" class=\"wp-image-22308\" srcset=\"https:\/\/www.rezeau.org\/wp-garden\/wp-content\/uploads\/Lavatera-x-clementii-Barnsley-01-07-2022.jpg 800w, https:\/\/www.rezeau.org\/wp-garden\/wp-content\/uploads\/Lavatera-x-clementii-Barnsley-01-07-2022-300x200.jpg 300w, https:\/\/www.rezeau.org\/wp-garden\/wp-content\/uploads\/Lavatera-x-clementii-Barnsley-01-07-2022-768x512.jpg 768w, https:\/\/www.rezeau.org\/wp-garden\/wp-content\/uploads\/Lavatera-x-clementii-Barnsley-01-07-2022-400x267.jpg 400w, https:\/\/www.rezeau.org\/wp-garden\/wp-content\/uploads\/Lavatera-x-clementii-Barnsley-01-07-2022-150x100.jpg 150w\" sizes=\"auto, (max-width: 800px) 100vw, 800px\" \/><\/a><figcaption><em>Lavatera x clementii<\/em> &#8216;Barnsley&#8217; 01\/07\/2022<\/figcaption><\/figure>\n<figcaption class=\"blocks-gallery-caption\"><em>R\u00e9version au type 2018-2022<\/em><\/figcaption><\/figure>\n\n\n<div class=\"wp-block-image\">\n<figure class=\"alignleft size-medium\"><img loading=\"lazy\" decoding=\"async\" width=\"199\" height=\"300\" src=\"https:\/\/www.rezeau.org\/wp-garden\/wp-content\/uploads\/J-IMGP6555-199x300.jpg\" alt=\"\" class=\"wp-image-22301\" srcset=\"https:\/\/www.rezeau.org\/wp-garden\/wp-content\/uploads\/J-IMGP6555-199x300.jpg 199w, https:\/\/www.rezeau.org\/wp-garden\/wp-content\/uploads\/J-IMGP6555-400x604.jpg 400w, https:\/\/www.rezeau.org\/wp-garden\/wp-content\/uploads\/J-IMGP6555-99x150.jpg 99w, https:\/\/www.rezeau.org\/wp-garden\/wp-content\/uploads\/J-IMGP6555.jpg 530w\" sizes=\"auto, (max-width: 199px) 100vw, 199px\" \/><\/figure>\n<\/div>\n\n\n<p>Pour tenter de conserver les caract\u00e9ristiques du cultivar &#8216;Barnsley&#8217; \u00e0 cette lavat\u00e8re qui revient d&#8217;ann\u00e9e en ann\u00e9e au type &#8216;Rosea&#8217;, j&#8217;avais tent\u00e9 une exp\u00e9rimentation de bouturage l&#8217;\u00e9t\u00e9 2020. J&#8217;avais pr\u00e9lev\u00e9 3 morceaux de tige du type &#8216;Rosea&#8217; et 3 morceaux du type &#8216;Barnsley&#8217;, mis en pot et \u00e9tiquet\u00e9s. En 2021 seulement 1 sp\u00e9cimen de chaque type avait surv\u00e9cu. Enfin, cette fin du mois de juin 2022, les 2 boutures survivantes ont fleuri, et la floraison correspond bien \u00e0 l&#8217;\u00e9tiquetage.?<\/p>\n\n\n\n<div class=\"wp-block-buttons is-layout-flex wp-block-buttons-is-layout-flex\"><\/div>\n\n\n\n<p>Les boutures de 2020&#8230; en fleur juin 2022 : &#8216;Rosea&#8217; \u00e0 gauche, &#8216;Barnsley&#8217; \u00e0 droite&nbsp;!<\/p>\n","protected":false},"excerpt":{"rendered":"<p>La lavat\u00e8re &#8216;Barnsley&#8217; est une plante intrigante dans le jardin de papi Jo.<\/p>\n<p class=\"continue-reading-button\"> <a class=\"continue-reading-link\" href=\"https:\/\/www.rezeau.org\/wp-garden\/fr\/la-lavatere-barnsley-un-nouvel-espoir\/\">Continue reading<i class=\"crycon-right-dir\"><\/i><\/a><\/p>\n","protected":false},"author":2,"featured_media":22300,"comment_status":"closed","ping_status":"closed","sticky":false,"template":"","format":"standard","meta":{"_acf_changed":false,"footnotes":""},"categories":[677],"tags":[],"class_list":["post-22309","post","type-post","status-publish","format-standard","has-post-thumbnail","hentry","category-journal-du-jardin"],"acf":[],"_links":{"self":[{"href":"https:\/\/www.rezeau.org\/wp-garden\/wp-json\/wp\/v2\/posts\/22309","targetHints":{"allow":["GET"]}}],"collection":[{"href":"https:\/\/www.rezeau.org\/wp-garden\/wp-json\/wp\/v2\/posts"}],"about":[{"href":"https:\/\/www.rezeau.org\/wp-garden\/wp-json\/wp\/v2\/types\/post"}],"author":[{"embeddable":true,"href":"https:\/\/www.rezeau.org\/wp-garden\/wp-json\/wp\/v2\/users\/2"}],"replies":[{"embeddable":true,"href":"https:\/\/www.rezeau.org\/wp-garden\/wp-json\/wp\/v2\/comments?post=22309"}],"version-history":[{"count":0,"href":"https:\/\/www.rezeau.org\/wp-garden\/wp-json\/wp\/v2\/posts\/22309\/revisions"}],"wp:featuredmedia":[{"embeddable":true,"href":"https:\/\/www.rezeau.org\/wp-garden\/wp-json\/wp\/v2\/media\/22300"}],"wp:attachment":[{"href":"https:\/\/www.rezeau.org\/wp-garden\/wp-json\/wp\/v2\/media?parent=22309"}],"wp:term":[{"taxonomy":"category","embeddable":true,"href":"https:\/\/www.rezeau.org\/wp-garden\/wp-json\/wp\/v2\/categories?post=22309"},{"taxonomy":"post_tag","embeddable":true,"href":"https:\/\/www.rezeau.org\/wp-garden\/wp-json\/wp\/v2\/tags?post=22309"}],"curies":[{"name":"wp","href":"https:\/\/api.w.org\/{rel}","templated":true}]}}