
{"id":22382,"date":"2022-07-28T18:51:24","date_gmt":"2022-07-28T16:51:24","guid":{"rendered":"https:\/\/www.rezeau.org\/wp-garden\/?p=22382"},"modified":"2022-07-28T18:57:56","modified_gmt":"2022-07-28T16:57:56","slug":"le-jardinier-et-la-bestiole","status":"publish","type":"post","link":"https:\/\/www.rezeau.org\/wp-garden\/fr\/le-jardinier-et-la-bestiole\/","title":{"rendered":"Le jardinier et la bestiole"},"content":{"rendered":"\n<figure class=\"wp-block-image size-medium\"><a href=\"https:\/\/www.rezeau.org\/wp-garden\/wp-content\/uploads\/27-07-2022.jpg\" rel=\"lightbox[22382]\"><img loading=\"lazy\" decoding=\"async\" width=\"300\" height=\"200\" src=\"https:\/\/www.rezeau.org\/wp-garden\/wp-content\/uploads\/27-07-2022-300x200.jpg\" alt=\"\" class=\"wp-image-22395\" srcset=\"https:\/\/www.rezeau.org\/wp-garden\/wp-content\/uploads\/27-07-2022-300x200.jpg 300w, https:\/\/www.rezeau.org\/wp-garden\/wp-content\/uploads\/27-07-2022-768x512.jpg 768w, https:\/\/www.rezeau.org\/wp-garden\/wp-content\/uploads\/27-07-2022-400x267.jpg 400w, https:\/\/www.rezeau.org\/wp-garden\/wp-content\/uploads\/27-07-2022-150x100.jpg 150w, https:\/\/www.rezeau.org\/wp-garden\/wp-content\/uploads\/27-07-2022.jpg 1024w\" sizes=\"auto, (max-width: 300px) 100vw, 300px\" \/><\/a><\/figure>\n\n\n\n<p>Un certain jardinier au ch\u00e2teau de Versailles<br>Et qui, sur la radio, tous les week-ends d\u00e9raille,<br>A subi samedi bien belle remontrance.<br>Avait-il donc encore montr\u00e9 son ignorance ?<\/p>\n\n\n\n<p>Un auditeur critique, tout comme papi Jo<br>Fit grief et reproche \u00e0 notre chroniqueur<br>D&#8217;user et d&#8217;abuser tous les jours \u00e0 toute heure<br>Du mot de <em>bestiole<\/em> qu&#8217;il nous sert \u00e0 gogo.<\/p>\n\n\n\n<p>Le jardinier en chef cita pour sa d\u00e9fense<br>Un fameux fabuliste, ami de notre enfance,<br>Ce Jean de La Fontaine, qui aurait, homme affable,<br>Us\u00e9 du mot <em>bestiole <\/em>dans l&#8217;une de ses fables.<\/p>\n\n\n\n<p>Ayant bien v\u00e9rifi\u00e9 les fables du grand homme,<br>Papi Jo certifie donc que toute la somme<br>Des <em>bestioles<\/em> dans les Fables se r\u00e9sume \u00e0 une seule<br>Encore est-ce un <em>bestion<\/em><sup>(1)<\/sup>, cette unique <em>bestiole <\/em>!<\/p>\n\n\n\n<figure class=\"wp-block-audio\"><audio controls src=\"https:\/\/www.rezeau.org\/wp-garden\/wp-content\/uploads\/baraton_bestiole.mp3\"><\/audio><\/figure>\n\n\n\n<blockquote class=\"wp-block-quote is-layout-flow wp-block-quote-is-layout-flow\"><p>La journaliste.- J&#8217;termine quand m\u00eame avec cette petite remarque de Michel, qui adore votre chronique visiblement, mais ya quand m\u00eame un d\u00e9tail qui le choque. Il faut que vous arr\u00eatiez de dire &#8220;bestiole&#8221;. Pourquoi vous dites pas &#8220;insecte&#8221; ou &#8220;petits animaux&#8221; \u00e0 la place de &#8220;bestiole&#8221;?<br>A.B.- \u2026 ou la p&#8217;tit&#8217; b\u00e9b\u00eate qui monte ? Alors j&#8217;aime bien le terme de &#8220;bestiole&#8221; et m\u00eame Jean de La Fontaine, le grand fabuliste, dans une fable, parle de la bestiole.<\/p><\/blockquote>\n\n\n\n<div style=\"height:22px\" aria-hidden=\"true\" class=\"wp-block-spacer\"><\/div>\n\n\n\n<div class=\"wp-block-buttons is-layout-flex wp-block-buttons-is-layout-flex\">\n<div class=\"wp-block-button\"><a class=\"wp-block-button__link\" href=\"https:\/\/www.radiofrance.fr\/franceinter\/podcasts\/la-main-verte\/la-main-verte-du-dimanche-24-juillet-2022-7702165\" target=\"_blank\" rel=\"noreferrer noopener\">La Main Verte du dimanche 24 juillet 2022<\/a><\/div>\n<\/div>\n\n\n\n<div style=\"height:22px\" aria-hidden=\"true\" class=\"wp-block-spacer\"><\/div>\n\n\n\n<p class=\"footnote\">(1) &#8220;La Goutte et l\u2019Araign\u00e9e&#8221; Jean de La Fontaine<br>&#8220;Le pauvre <em>bestion <\/em>tous les jours d\u00e9m\u00e9nage&#8221;, La Fontaine, Fab. III, 8.<br>\u00ab bestion \u00bb, d\u00e9finition dans le dictionnaire Littr\u00e9 : Petite b\u00eate.<\/p>\n","protected":false},"excerpt":{"rendered":"<p>Un certain jardinier au ch\u00e2teau de Versailles&#8230;<\/p>\n<p class=\"continue-reading-button\"> <a class=\"continue-reading-link\" href=\"https:\/\/www.rezeau.org\/wp-garden\/fr\/le-jardinier-et-la-bestiole\/\">Continue reading<i class=\"crycon-right-dir\"><\/i><\/a><\/p>\n","protected":false},"author":2,"featured_media":22395,"comment_status":"closed","ping_status":"closed","sticky":false,"template":"","format":"standard","meta":{"_acf_changed":false,"footnotes":""},"categories":[677],"tags":[3193],"class_list":["post-22382","post","type-post","status-publish","format-standard","has-post-thumbnail","hentry","category-journal-du-jardin","tag-baraton"],"acf":[],"_links":{"self":[{"href":"https:\/\/www.rezeau.org\/wp-garden\/wp-json\/wp\/v2\/posts\/22382","targetHints":{"allow":["GET"]}}],"collection":[{"href":"https:\/\/www.rezeau.org\/wp-garden\/wp-json\/wp\/v2\/posts"}],"about":[{"href":"https:\/\/www.rezeau.org\/wp-garden\/wp-json\/wp\/v2\/types\/post"}],"author":[{"embeddable":true,"href":"https:\/\/www.rezeau.org\/wp-garden\/wp-json\/wp\/v2\/users\/2"}],"replies":[{"embeddable":true,"href":"https:\/\/www.rezeau.org\/wp-garden\/wp-json\/wp\/v2\/comments?post=22382"}],"version-history":[{"count":0,"href":"https:\/\/www.rezeau.org\/wp-garden\/wp-json\/wp\/v2\/posts\/22382\/revisions"}],"wp:featuredmedia":[{"embeddable":true,"href":"https:\/\/www.rezeau.org\/wp-garden\/wp-json\/wp\/v2\/media\/22395"}],"wp:attachment":[{"href":"https:\/\/www.rezeau.org\/wp-garden\/wp-json\/wp\/v2\/media?parent=22382"}],"wp:term":[{"taxonomy":"category","embeddable":true,"href":"https:\/\/www.rezeau.org\/wp-garden\/wp-json\/wp\/v2\/categories?post=22382"},{"taxonomy":"post_tag","embeddable":true,"href":"https:\/\/www.rezeau.org\/wp-garden\/wp-json\/wp\/v2\/tags?post=22382"}],"curies":[{"name":"wp","href":"https:\/\/api.w.org\/{rel}","templated":true}]}}