
{"id":22433,"date":"2022-08-03T19:02:32","date_gmt":"2022-08-03T17:02:32","guid":{"rendered":"https:\/\/www.rezeau.org\/wp-garden\/?p=22433"},"modified":"2022-08-03T22:35:20","modified_gmt":"2022-08-03T20:35:20","slug":"crise-secheresse","status":"publish","type":"post","link":"https:\/\/www.rezeau.org\/wp-garden\/fr\/crise-secheresse\/","title":{"rendered":"Crise s\u00e9cheresse"},"content":{"rendered":"\n<p>Jusqu&#8217;ici le jardin de papi Jo se trouvait dans un secteur s\u00e9cheresse &#8220;alerte renforc\u00e9e&#8221;, les arrosages des massifs \u00e9tant autoris\u00e9s de 20 heures \u00e0 8 heures du matin. J&#8217;avais stopp\u00e9 l&#8217;arrosage du gazon (inutile) depuis plusieurs semaines, mais continu\u00e9 \u00e0 arroser, avec parcimonie, les plantes les plus assoiff\u00e9es des mixed borders. Depuis l&#8217;arr\u00eat\u00e9 pr\u00e9fectoral pla\u00e7ant mon secteur en situation de crise, plus aucun arrosage n&#8217;est autoris\u00e9. Dont acte !<\/p>\n\n\n\n<div class=\"wp-block-buttons is-layout-flex wp-block-buttons-is-layout-flex\">\n<div class=\"wp-block-button\"><a class=\"wp-block-button__link\" href=\"https:\/\/www.ouest-france.fr\/bretagne\/ille-et-vilaine\/secheresse-en-ille-et-vilaine-arrosage-prelevements-d-eau-la-prefecture-durcit-les-restrictions-4f82d8fe-1269-11ed-abe5-6c780d7fdca1\">S\u00e9cheresse en Ille-et-Vilaine. La pr\u00e9fecture durcit les restrictions<\/a><\/div>\n<\/div>\n\n\n\n<p>Du coup, en attendant un hypoth\u00e9tique retour de la pluie et la fin des restrictions, papi Jo va patienter en observant les effets de la s\u00e9cheresse (et de la canicule) sur les plantes du jardin. Voici l&#8217;\u00e9tat des lieux aujourd&#8217;hui, 3 juillet 2022. A suivre&#8230;<\/p>\n\n\n\n<figure class=\"wp-block-gallery has-nested-images columns-default is-cropped wp-block-gallery-1 is-layout-flex wp-block-gallery-is-layout-flex\">\n<figure class=\"wp-block-image size-large\"><a href=\"https:\/\/www.rezeau.org\/wp-garden\/wp-content\/uploads\/Le-3-aoout-2022-03-08-2022-4.jpg\" rel=\"lightbox[22433]\"><img loading=\"lazy\" decoding=\"async\" width=\"1024\" height=\"683\" data-id=\"22432\" src=\"https:\/\/www.rezeau.org\/wp-garden\/wp-content\/uploads\/Le-3-aoout-2022-03-08-2022-4.jpg\" alt=\"Le jardin au moment de l'arr\u00eat des arrosages.\" class=\"wp-image-22432\" srcset=\"https:\/\/www.rezeau.org\/wp-garden\/wp-content\/uploads\/Le-3-aoout-2022-03-08-2022-4.jpg 1024w, https:\/\/www.rezeau.org\/wp-garden\/wp-content\/uploads\/Le-3-aoout-2022-03-08-2022-4-300x200.jpg 300w, https:\/\/www.rezeau.org\/wp-garden\/wp-content\/uploads\/Le-3-aoout-2022-03-08-2022-4-768x512.jpg 768w, https:\/\/www.rezeau.org\/wp-garden\/wp-content\/uploads\/Le-3-aoout-2022-03-08-2022-4-400x267.jpg 400w, https:\/\/www.rezeau.org\/wp-garden\/wp-content\/uploads\/Le-3-aoout-2022-03-08-2022-4-150x100.jpg 150w\" sizes=\"auto, (max-width: 1024px) 100vw, 1024px\" \/><\/a><figcaption><em>Le 3 ao\u00fbt 2022<\/em> &#8211; bordure Nord, centre<\/figcaption><\/figure>\n\n\n\n<figure class=\"wp-block-image size-large\"><a href=\"https:\/\/www.rezeau.org\/wp-garden\/wp-content\/uploads\/Le-3-aoout-2022-03-08-2022-3.jpg\" rel=\"lightbox[22433]\"><img loading=\"lazy\" decoding=\"async\" width=\"1024\" height=\"683\" data-id=\"22431\" src=\"https:\/\/www.rezeau.org\/wp-garden\/wp-content\/uploads\/Le-3-aoout-2022-03-08-2022-3.jpg\" alt=\"Le jardin au moment de l'arr\u00eat des arrosages.\" class=\"wp-image-22431\" srcset=\"https:\/\/www.rezeau.org\/wp-garden\/wp-content\/uploads\/Le-3-aoout-2022-03-08-2022-3.jpg 1024w, https:\/\/www.rezeau.org\/wp-garden\/wp-content\/uploads\/Le-3-aoout-2022-03-08-2022-3-300x200.jpg 300w, https:\/\/www.rezeau.org\/wp-garden\/wp-content\/uploads\/Le-3-aoout-2022-03-08-2022-3-768x512.jpg 768w, https:\/\/www.rezeau.org\/wp-garden\/wp-content\/uploads\/Le-3-aoout-2022-03-08-2022-3-400x267.jpg 400w, https:\/\/www.rezeau.org\/wp-garden\/wp-content\/uploads\/Le-3-aoout-2022-03-08-2022-3-150x100.jpg 150w\" sizes=\"auto, (max-width: 1024px) 100vw, 1024px\" \/><\/a><figcaption><em>Le 3 ao\u00fbt 2022<\/em> &#8211; bordure Nord, styrax<\/figcaption><\/figure>\n\n\n\n<figure class=\"wp-block-image size-large\"><a href=\"https:\/\/www.rezeau.org\/wp-garden\/wp-content\/uploads\/Le-3-aoout-2022-03-08-2022-2.jpg\" rel=\"lightbox[22433]\"><img loading=\"lazy\" decoding=\"async\" width=\"1024\" height=\"683\" data-id=\"22430\" src=\"https:\/\/www.rezeau.org\/wp-garden\/wp-content\/uploads\/Le-3-aoout-2022-03-08-2022-2.jpg\" alt=\"Le jardin au moment de l'arr\u00eat des arrosages.\" class=\"wp-image-22430\" srcset=\"https:\/\/www.rezeau.org\/wp-garden\/wp-content\/uploads\/Le-3-aoout-2022-03-08-2022-2.jpg 1024w, https:\/\/www.rezeau.org\/wp-garden\/wp-content\/uploads\/Le-3-aoout-2022-03-08-2022-2-300x200.jpg 300w, https:\/\/www.rezeau.org\/wp-garden\/wp-content\/uploads\/Le-3-aoout-2022-03-08-2022-2-768x512.jpg 768w, https:\/\/www.rezeau.org\/wp-garden\/wp-content\/uploads\/Le-3-aoout-2022-03-08-2022-2-400x267.jpg 400w, https:\/\/www.rezeau.org\/wp-garden\/wp-content\/uploads\/Le-3-aoout-2022-03-08-2022-2-150x100.jpg 150w\" sizes=\"auto, (max-width: 1024px) 100vw, 1024px\" \/><\/a><figcaption><em>Le 3 ao\u00fbt 2022<\/em> &#8211; bordure Nord, Ouest<\/figcaption><\/figure>\n\n\n\n<figure class=\"wp-block-image size-large\"><a href=\"https:\/\/www.rezeau.org\/wp-garden\/wp-content\/uploads\/Le-3-aoout-2022-03-08-2022.jpg\" rel=\"lightbox[22433]\"><img loading=\"lazy\" decoding=\"async\" width=\"1024\" height=\"683\" data-id=\"22429\" src=\"https:\/\/www.rezeau.org\/wp-garden\/wp-content\/uploads\/Le-3-aoout-2022-03-08-2022.jpg\" alt=\"Le jardin au moment de l'arr\u00eat des arrosages.\" class=\"wp-image-22429\" srcset=\"https:\/\/www.rezeau.org\/wp-garden\/wp-content\/uploads\/Le-3-aoout-2022-03-08-2022.jpg 1024w, https:\/\/www.rezeau.org\/wp-garden\/wp-content\/uploads\/Le-3-aoout-2022-03-08-2022-300x200.jpg 300w, https:\/\/www.rezeau.org\/wp-garden\/wp-content\/uploads\/Le-3-aoout-2022-03-08-2022-768x512.jpg 768w, https:\/\/www.rezeau.org\/wp-garden\/wp-content\/uploads\/Le-3-aoout-2022-03-08-2022-400x267.jpg 400w, https:\/\/www.rezeau.org\/wp-garden\/wp-content\/uploads\/Le-3-aoout-2022-03-08-2022-150x100.jpg 150w\" sizes=\"auto, (max-width: 1024px) 100vw, 1024px\" \/><\/a><figcaption><em>Le 3 ao\u00fbt 2022<\/em> &#8211; bordure Ouest, rosier Ronsard<\/figcaption><\/figure>\n\n\n\n<figure class=\"wp-block-image size-large\"><a href=\"https:\/\/www.rezeau.org\/wp-garden\/wp-content\/uploads\/Le-3-aoout-2022-03-08-2022-7.jpg\" rel=\"lightbox[22433]\"><img loading=\"lazy\" decoding=\"async\" width=\"1024\" height=\"683\" data-id=\"22428\" src=\"https:\/\/www.rezeau.org\/wp-garden\/wp-content\/uploads\/Le-3-aoout-2022-03-08-2022-7.jpg\" alt=\"Le jardin au moment de l'arr\u00eat des arrosages.\" class=\"wp-image-22428\" srcset=\"https:\/\/www.rezeau.org\/wp-garden\/wp-content\/uploads\/Le-3-aoout-2022-03-08-2022-7.jpg 1024w, https:\/\/www.rezeau.org\/wp-garden\/wp-content\/uploads\/Le-3-aoout-2022-03-08-2022-7-300x200.jpg 300w, https:\/\/www.rezeau.org\/wp-garden\/wp-content\/uploads\/Le-3-aoout-2022-03-08-2022-7-768x512.jpg 768w, https:\/\/www.rezeau.org\/wp-garden\/wp-content\/uploads\/Le-3-aoout-2022-03-08-2022-7-400x267.jpg 400w, https:\/\/www.rezeau.org\/wp-garden\/wp-content\/uploads\/Le-3-aoout-2022-03-08-2022-7-150x100.jpg 150w\" sizes=\"auto, (max-width: 1024px) 100vw, 1024px\" \/><\/a><figcaption><em>Le 3 ao\u00fbt 2022<\/em> &#8211; bordure Ouest<\/figcaption><\/figure>\n\n\n\n<figure class=\"wp-block-image size-large\"><a href=\"https:\/\/www.rezeau.org\/wp-garden\/wp-content\/uploads\/Le-3-aoout-2022-03-08-2022-5.jpg\" rel=\"lightbox[22433]\"><img loading=\"lazy\" decoding=\"async\" width=\"1024\" height=\"683\" data-id=\"22426\" src=\"https:\/\/www.rezeau.org\/wp-garden\/wp-content\/uploads\/Le-3-aoout-2022-03-08-2022-5.jpg\" alt=\"Le jardin au moment de l'arr\u00eat des arrosages.\" class=\"wp-image-22426\" srcset=\"https:\/\/www.rezeau.org\/wp-garden\/wp-content\/uploads\/Le-3-aoout-2022-03-08-2022-5.jpg 1024w, https:\/\/www.rezeau.org\/wp-garden\/wp-content\/uploads\/Le-3-aoout-2022-03-08-2022-5-300x200.jpg 300w, https:\/\/www.rezeau.org\/wp-garden\/wp-content\/uploads\/Le-3-aoout-2022-03-08-2022-5-768x512.jpg 768w, https:\/\/www.rezeau.org\/wp-garden\/wp-content\/uploads\/Le-3-aoout-2022-03-08-2022-5-400x267.jpg 400w, https:\/\/www.rezeau.org\/wp-garden\/wp-content\/uploads\/Le-3-aoout-2022-03-08-2022-5-150x100.jpg 150w\" sizes=\"auto, (max-width: 1024px) 100vw, 1024px\" \/><\/a><figcaption><em>Le 3 ao\u00fbt 2022<\/em> &#8211; bordure Est, Hoheria<\/figcaption><\/figure>\n\n\n\n<figure class=\"wp-block-image size-large\"><a href=\"https:\/\/www.rezeau.org\/wp-garden\/wp-content\/uploads\/Le-3-aoout-2022-03-08-2022-6.jpg\" rel=\"lightbox[22433]\"><img loading=\"lazy\" decoding=\"async\" width=\"1024\" height=\"683\" data-id=\"22427\" src=\"https:\/\/www.rezeau.org\/wp-garden\/wp-content\/uploads\/Le-3-aoout-2022-03-08-2022-6.jpg\" alt=\"Le jardin au moment de l'arr\u00eat des arrosages.\" class=\"wp-image-22427\" srcset=\"https:\/\/www.rezeau.org\/wp-garden\/wp-content\/uploads\/Le-3-aoout-2022-03-08-2022-6.jpg 1024w, https:\/\/www.rezeau.org\/wp-garden\/wp-content\/uploads\/Le-3-aoout-2022-03-08-2022-6-300x200.jpg 300w, https:\/\/www.rezeau.org\/wp-garden\/wp-content\/uploads\/Le-3-aoout-2022-03-08-2022-6-768x512.jpg 768w, https:\/\/www.rezeau.org\/wp-garden\/wp-content\/uploads\/Le-3-aoout-2022-03-08-2022-6-400x267.jpg 400w, https:\/\/www.rezeau.org\/wp-garden\/wp-content\/uploads\/Le-3-aoout-2022-03-08-2022-6-150x100.jpg 150w\" sizes=\"auto, (max-width: 1024px) 100vw, 1024px\" \/><\/a><figcaption><em>Le 3 ao\u00fbt 2022<\/em> &#8211; entr\u00e9e de la pergola<\/figcaption><\/figure>\n<\/figure>\n","protected":false},"excerpt":{"rendered":"<p>En attendant un hypoth\u00e9tique retour de la pluie et la fin des restrictions, papi Jo va patienter en observant les effets de la s\u00e9cheresse (et de la canicule) sur les plantes du jardin.<\/p>\n<p class=\"continue-reading-button\"> <a class=\"continue-reading-link\" href=\"https:\/\/www.rezeau.org\/wp-garden\/fr\/crise-secheresse\/\">Continue reading<i class=\"crycon-right-dir\"><\/i><\/a><\/p>\n","protected":false},"author":2,"featured_media":22429,"comment_status":"closed","ping_status":"closed","sticky":false,"template":"","format":"standard","meta":{"_acf_changed":false,"footnotes":""},"categories":[677],"tags":[3571],"class_list":["post-22433","post","type-post","status-publish","format-standard","has-post-thumbnail","hentry","category-journal-du-jardin","tag-meteo"],"acf":[],"_links":{"self":[{"href":"https:\/\/www.rezeau.org\/wp-garden\/wp-json\/wp\/v2\/posts\/22433","targetHints":{"allow":["GET"]}}],"collection":[{"href":"https:\/\/www.rezeau.org\/wp-garden\/wp-json\/wp\/v2\/posts"}],"about":[{"href":"https:\/\/www.rezeau.org\/wp-garden\/wp-json\/wp\/v2\/types\/post"}],"author":[{"embeddable":true,"href":"https:\/\/www.rezeau.org\/wp-garden\/wp-json\/wp\/v2\/users\/2"}],"replies":[{"embeddable":true,"href":"https:\/\/www.rezeau.org\/wp-garden\/wp-json\/wp\/v2\/comments?post=22433"}],"version-history":[{"count":0,"href":"https:\/\/www.rezeau.org\/wp-garden\/wp-json\/wp\/v2\/posts\/22433\/revisions"}],"wp:featuredmedia":[{"embeddable":true,"href":"https:\/\/www.rezeau.org\/wp-garden\/wp-json\/wp\/v2\/media\/22429"}],"wp:attachment":[{"href":"https:\/\/www.rezeau.org\/wp-garden\/wp-json\/wp\/v2\/media?parent=22433"}],"wp:term":[{"taxonomy":"category","embeddable":true,"href":"https:\/\/www.rezeau.org\/wp-garden\/wp-json\/wp\/v2\/categories?post=22433"},{"taxonomy":"post_tag","embeddable":true,"href":"https:\/\/www.rezeau.org\/wp-garden\/wp-json\/wp\/v2\/tags?post=22433"}],"curies":[{"name":"wp","href":"https:\/\/api.w.org\/{rel}","templated":true}]}}