
{"id":22487,"date":"2022-09-09T19:36:07","date_gmt":"2022-09-09T17:36:07","guid":{"rendered":"https:\/\/www.rezeau.org\/wp-garden\/?p=22487"},"modified":"2022-09-09T19:40:21","modified_gmt":"2022-09-09T17:40:21","slug":"un-voile-pour-la-mariee","status":"publish","type":"post","link":"https:\/\/www.rezeau.org\/wp-garden\/fr\/un-voile-pour-la-mariee\/","title":{"rendered":"Un voile pour la mari\u00e9e&#8230;"},"content":{"rendered":"\n<p>Sur la recommandation de Fanny, lors de la (re-)cr\u00e9ation du jardin en 2014, nous avons plant\u00e9 un <em>Exochorda \u00d7 macrantha<\/em>&nbsp;\u2018The Bride\u2019. Ce petit arbuste a pris de l&#8217;extension, et d\u00e9core maintenant le jardin au printemps de ses innombrables fleurs blanches.<\/p>\n\n\n\n<p>De temps en temps quelques drageons sortent de terre \u00e0 son pied. L&#8217;une de ces auto-boutures a r\u00e9cemment quitt\u00e9 le jardin de papi Jo pour celui de B\u00e9n\u00e9dicte. Une autre, mise en attente dans son pot, va partir demain pour une destination et un  \u00e9v\u00e9nement <em>ad hoc<\/em>, un mariage. Bien que ce &#8220;voile de mari\u00e9e&#8221; ne soit pas fleuri en cette saison, esp\u00e9rons que ce petit cadeau v\u00e9g\u00e9tal trouvera sa place dans le jardin des nouveaux mari\u00e9s, et qu&#8217;il se couvrira de blanc pendant de nombreuses ann\u00e9es.<\/p>\n\n\n\n<figure class=\"wp-block-gallery has-nested-images columns-2 is-cropped wp-block-gallery-1 is-layout-flex wp-block-gallery-is-layout-flex\">\n<figure class=\"wp-block-image size-large\"><a href=\"https:\/\/www.rezeau.org\/wp-garden\/wp-content\/uploads\/Exochorda-\u00d7-macrantha-The-Bride-24-04-2015.jpg\" rel=\"lightbox[22487]\"><img loading=\"lazy\" decoding=\"async\" width=\"800\" height=\"533\" data-id=\"1522\" src=\"https:\/\/www.rezeau.org\/wp-garden\/wp-content\/uploads\/Exochorda-\u00d7-macrantha-The-Bride-24-04-2015.jpg\" alt=\"<em&gt;Exochorda x macrantha<\/em&gt; 'The Bride' 24\/04\/2015\" class=\"wp-image-1522\" srcset=\"https:\/\/www.rezeau.org\/wp-garden\/wp-content\/uploads\/Exochorda-\u00d7-macrantha-The-Bride-24-04-2015.jpg 800w, https:\/\/www.rezeau.org\/wp-garden\/wp-content\/uploads\/Exochorda-\u00d7-macrantha-The-Bride-24-04-2015-300x200.jpg 300w\" sizes=\"auto, (max-width: 800px) 100vw, 800px\" \/><\/a><figcaption><em>Exochorda x macrantha<\/em> &#8216;The Bride&#8217; 24\/04\/2015<\/figcaption><\/figure>\n\n\n\n<figure class=\"wp-block-image size-large\"><a href=\"https:\/\/www.rezeau.org\/wp-garden\/wp-content\/uploads\/Exochorda-x-macrantha-The-Bride-11-04-2019-2.jpg\" rel=\"lightbox[22487]\"><img loading=\"lazy\" decoding=\"async\" width=\"800\" height=\"533\" data-id=\"11742\" src=\"https:\/\/www.rezeau.org\/wp-garden\/wp-content\/uploads\/Exochorda-x-macrantha-The-Bride-11-04-2019-2.jpg\" alt=\"la mari\u00e9e et ses demoiselles d'honneur !\" class=\"wp-image-11742\" srcset=\"https:\/\/www.rezeau.org\/wp-garden\/wp-content\/uploads\/Exochorda-x-macrantha-The-Bride-11-04-2019-2.jpg 800w, https:\/\/www.rezeau.org\/wp-garden\/wp-content\/uploads\/Exochorda-x-macrantha-The-Bride-11-04-2019-2-300x200.jpg 300w, https:\/\/www.rezeau.org\/wp-garden\/wp-content\/uploads\/Exochorda-x-macrantha-The-Bride-11-04-2019-2-768x512.jpg 768w\" sizes=\"auto, (max-width: 800px) 100vw, 800px\" \/><\/a><figcaption><em>Exochorda x macrantha<\/em> &#8216;The Bride&#8217; 11\/04\/2019<\/figcaption><\/figure>\n\n\n\n<figure class=\"wp-block-image size-large\"><a href=\"https:\/\/www.rezeau.org\/wp-garden\/wp-content\/uploads\/Exochorda-x-macrantha-The-Bride-08-04-2021.jpg\" rel=\"lightbox[22487]\"><img loading=\"lazy\" decoding=\"async\" width=\"800\" height=\"533\" data-id=\"19462\" src=\"https:\/\/www.rezeau.org\/wp-garden\/wp-content\/uploads\/Exochorda-x-macrantha-The-Bride-08-04-2021.jpg\" alt=\"Floraison de printemps\" class=\"wp-image-19462\" srcset=\"https:\/\/www.rezeau.org\/wp-garden\/wp-content\/uploads\/Exochorda-x-macrantha-The-Bride-08-04-2021.jpg 800w, https:\/\/www.rezeau.org\/wp-garden\/wp-content\/uploads\/Exochorda-x-macrantha-The-Bride-08-04-2021-300x200.jpg 300w, https:\/\/www.rezeau.org\/wp-garden\/wp-content\/uploads\/Exochorda-x-macrantha-The-Bride-08-04-2021-768x512.jpg 768w, https:\/\/www.rezeau.org\/wp-garden\/wp-content\/uploads\/Exochorda-x-macrantha-The-Bride-08-04-2021-400x267.jpg 400w, https:\/\/www.rezeau.org\/wp-garden\/wp-content\/uploads\/Exochorda-x-macrantha-The-Bride-08-04-2021-150x100.jpg 150w\" sizes=\"auto, (max-width: 800px) 100vw, 800px\" \/><\/a><figcaption><em>Exochorda x macrantha<\/em> &#8216;The Bride&#8217; 08\/04\/2021<\/figcaption><\/figure>\n\n\n\n<figure class=\"wp-block-image size-large\"><a href=\"https:\/\/www.rezeau.org\/wp-garden\/wp-content\/uploads\/Exochorda-x-macrantha-The-Bride-09-09-2022.jpg\" rel=\"lightbox[22487]\"><img loading=\"lazy\" decoding=\"async\" width=\"800\" height=\"533\" data-id=\"22490\" src=\"https:\/\/www.rezeau.org\/wp-garden\/wp-content\/uploads\/Exochorda-x-macrantha-The-Bride-09-09-2022.jpg\" alt=\"Bouture pour un mariage !\" class=\"wp-image-22490\" srcset=\"https:\/\/www.rezeau.org\/wp-garden\/wp-content\/uploads\/Exochorda-x-macrantha-The-Bride-09-09-2022.jpg 800w, https:\/\/www.rezeau.org\/wp-garden\/wp-content\/uploads\/Exochorda-x-macrantha-The-Bride-09-09-2022-300x200.jpg 300w, https:\/\/www.rezeau.org\/wp-garden\/wp-content\/uploads\/Exochorda-x-macrantha-The-Bride-09-09-2022-768x512.jpg 768w, https:\/\/www.rezeau.org\/wp-garden\/wp-content\/uploads\/Exochorda-x-macrantha-The-Bride-09-09-2022-400x267.jpg 400w, https:\/\/www.rezeau.org\/wp-garden\/wp-content\/uploads\/Exochorda-x-macrantha-The-Bride-09-09-2022-150x100.jpg 150w\" sizes=\"auto, (max-width: 800px) 100vw, 800px\" \/><\/a><figcaption><em>E. m. <\/em>&#8216;The Bride&#8217; 09\/09\/2022 &#8211; Pr\u00eat pour le d\u00e9part !<\/figcaption><\/figure>\n<\/figure>\n","protected":false},"excerpt":{"rendered":"<p>Sur la recommandation de Fanny, lors de la (re-)cr\u00e9ation du jardin en 2014, nous avons plant\u00e9 un Exochorda \u00d7 macrantha\u00a0\u2018The Bride\u2019. <\/p>\n<p class=\"continue-reading-button\"> <a class=\"continue-reading-link\" href=\"https:\/\/www.rezeau.org\/wp-garden\/fr\/un-voile-pour-la-mariee\/\">Continue reading<i class=\"crycon-right-dir\"><\/i><\/a><\/p>\n","protected":false},"author":2,"featured_media":22490,"comment_status":"closed","ping_status":"closed","sticky":false,"template":"","format":"standard","meta":{"_acf_changed":false,"footnotes":""},"categories":[677],"tags":[],"class_list":["post-22487","post","type-post","status-publish","format-standard","has-post-thumbnail","hentry","category-journal-du-jardin"],"acf":[],"_links":{"self":[{"href":"https:\/\/www.rezeau.org\/wp-garden\/wp-json\/wp\/v2\/posts\/22487","targetHints":{"allow":["GET"]}}],"collection":[{"href":"https:\/\/www.rezeau.org\/wp-garden\/wp-json\/wp\/v2\/posts"}],"about":[{"href":"https:\/\/www.rezeau.org\/wp-garden\/wp-json\/wp\/v2\/types\/post"}],"author":[{"embeddable":true,"href":"https:\/\/www.rezeau.org\/wp-garden\/wp-json\/wp\/v2\/users\/2"}],"replies":[{"embeddable":true,"href":"https:\/\/www.rezeau.org\/wp-garden\/wp-json\/wp\/v2\/comments?post=22487"}],"version-history":[{"count":0,"href":"https:\/\/www.rezeau.org\/wp-garden\/wp-json\/wp\/v2\/posts\/22487\/revisions"}],"wp:featuredmedia":[{"embeddable":true,"href":"https:\/\/www.rezeau.org\/wp-garden\/wp-json\/wp\/v2\/media\/22490"}],"wp:attachment":[{"href":"https:\/\/www.rezeau.org\/wp-garden\/wp-json\/wp\/v2\/media?parent=22487"}],"wp:term":[{"taxonomy":"category","embeddable":true,"href":"https:\/\/www.rezeau.org\/wp-garden\/wp-json\/wp\/v2\/categories?post=22487"},{"taxonomy":"post_tag","embeddable":true,"href":"https:\/\/www.rezeau.org\/wp-garden\/wp-json\/wp\/v2\/tags?post=22487"}],"curies":[{"name":"wp","href":"https:\/\/api.w.org\/{rel}","templated":true}]}}