
{"id":22518,"date":"2022-09-16T18:38:40","date_gmt":"2022-09-16T16:38:40","guid":{"rendered":"https:\/\/www.rezeau.org\/wp-garden\/?p=22518"},"modified":"2022-09-16T18:42:26","modified_gmt":"2022-09-16T16:42:26","slug":"camassias-recolte-2022","status":"publish","type":"post","link":"https:\/\/www.rezeau.org\/wp-garden\/fr\/camassias-recolte-2022\/","title":{"rendered":"Camassias&#8230; r\u00e9colte 2022"},"content":{"rendered":"\n<p>Belle r\u00e9colte de bulbes de camassias cette ann\u00e9e&#8230; Pas moins de 3 kilos. Vont-ils passer \u00e0 la casserole\u00a0?<\/p>\n\n\n\n<figure class=\"wp-block-gallery has-nested-images columns-default is-cropped wp-block-gallery-1 is-layout-flex wp-block-gallery-is-layout-flex\">\n<figure class=\"wp-block-image size-large\"><a href=\"https:\/\/www.rezeau.org\/wp-garden\/wp-content\/uploads\/Camassia-leichtlinii-Alba-16-09-2022.jpg\" rel=\"lightbox[22518]\"><img loading=\"lazy\" decoding=\"async\" width=\"800\" height=\"600\" data-id=\"22516\" src=\"https:\/\/www.rezeau.org\/wp-garden\/wp-content\/uploads\/Camassia-leichtlinii-Alba-16-09-2022.jpg\" alt=\"&quot;R\u00e9colte&quot; septembre 2022\" class=\"wp-image-22516\" srcset=\"https:\/\/www.rezeau.org\/wp-garden\/wp-content\/uploads\/Camassia-leichtlinii-Alba-16-09-2022.jpg 800w, https:\/\/www.rezeau.org\/wp-garden\/wp-content\/uploads\/Camassia-leichtlinii-Alba-16-09-2022-300x225.jpg 300w, https:\/\/www.rezeau.org\/wp-garden\/wp-content\/uploads\/Camassia-leichtlinii-Alba-16-09-2022-768x576.jpg 768w, https:\/\/www.rezeau.org\/wp-garden\/wp-content\/uploads\/Camassia-leichtlinii-Alba-16-09-2022-400x300.jpg 400w, https:\/\/www.rezeau.org\/wp-garden\/wp-content\/uploads\/Camassia-leichtlinii-Alba-16-09-2022-150x113.jpg 150w\" sizes=\"auto, (max-width: 800px) 100vw, 800px\" \/><\/a><\/figure>\n\n\n\n<figure class=\"wp-block-image size-large\"><a href=\"https:\/\/www.rezeau.org\/wp-garden\/wp-content\/uploads\/Camassia-leichtlinii-Alba-16-09-2022-2.jpg\" rel=\"lightbox[22518]\"><img loading=\"lazy\" decoding=\"async\" width=\"800\" height=\"800\" data-id=\"22515\" src=\"https:\/\/www.rezeau.org\/wp-garden\/wp-content\/uploads\/Camassia-leichtlinii-Alba-16-09-2022-2.jpg\" alt=\"\" class=\"wp-image-22515\" srcset=\"https:\/\/www.rezeau.org\/wp-garden\/wp-content\/uploads\/Camassia-leichtlinii-Alba-16-09-2022-2.jpg 800w, https:\/\/www.rezeau.org\/wp-garden\/wp-content\/uploads\/Camassia-leichtlinii-Alba-16-09-2022-2-300x300.jpg 300w, https:\/\/www.rezeau.org\/wp-garden\/wp-content\/uploads\/Camassia-leichtlinii-Alba-16-09-2022-2-150x150.jpg 150w, https:\/\/www.rezeau.org\/wp-garden\/wp-content\/uploads\/Camassia-leichtlinii-Alba-16-09-2022-2-768x768.jpg 768w, https:\/\/www.rezeau.org\/wp-garden\/wp-content\/uploads\/Camassia-leichtlinii-Alba-16-09-2022-2-400x400.jpg 400w\" sizes=\"auto, (max-width: 800px) 100vw, 800px\" \/><\/a><\/figure>\n\n\n\n<figure class=\"wp-block-image size-large\"><a href=\"https:\/\/www.rezeau.org\/wp-garden\/wp-content\/uploads\/Camassia-leichtlinii-Alba-16-09-2022-3.jpg\" rel=\"lightbox[22518]\"><img loading=\"lazy\" decoding=\"async\" width=\"800\" height=\"800\" data-id=\"22517\" src=\"https:\/\/www.rezeau.org\/wp-garden\/wp-content\/uploads\/Camassia-leichtlinii-Alba-16-09-2022-3.jpg\" alt=\"\" class=\"wp-image-22517\" srcset=\"https:\/\/www.rezeau.org\/wp-garden\/wp-content\/uploads\/Camassia-leichtlinii-Alba-16-09-2022-3.jpg 800w, https:\/\/www.rezeau.org\/wp-garden\/wp-content\/uploads\/Camassia-leichtlinii-Alba-16-09-2022-3-300x300.jpg 300w, https:\/\/www.rezeau.org\/wp-garden\/wp-content\/uploads\/Camassia-leichtlinii-Alba-16-09-2022-3-150x150.jpg 150w, https:\/\/www.rezeau.org\/wp-garden\/wp-content\/uploads\/Camassia-leichtlinii-Alba-16-09-2022-3-768x768.jpg 768w, https:\/\/www.rezeau.org\/wp-garden\/wp-content\/uploads\/Camassia-leichtlinii-Alba-16-09-2022-3-400x400.jpg 400w\" sizes=\"auto, (max-width: 800px) 100vw, 800px\" \/><\/a><\/figure>\n<figcaption class=\"blocks-gallery-caption\"><em>Camassia leichtlinii<\/em> &#8216;Alba&#8217; 16\/09\/2022<\/figcaption><\/figure>\n\n\n\n<p>Voici ce que dit Wikipedia de leur usage alimentaire.<\/p>\n\n\n\n<p><\/p>\n\n\n\n<blockquote class=\"wp-block-quote is-layout-flow wp-block-quote-is-layout-flow\"><p>Les bulbes de quamash, ou camas, faisaient partie de l&#8217;alimentation traditionnelle des tribus indiennes. Consomm\u00e9s grill\u00e9s ou bouillies, leur go\u00fbt ressemble \u00e0 celui de la <a href=\"https:\/\/fr.wikipedia.org\/wiki\/Patate_douce\">patate douce<\/a>. Ces bulbes ont m\u00eame contribu\u00e9 \u00e0 la survie des membres de l&#8217;exp\u00e9dition de <a href=\"https:\/\/fr.wikipedia.org\/wiki\/Lewis_et_Clark\">Lewis et Clark<\/a> (1804-1806).<\/p><p>Bien que les immenses \u00e9tendues de prairies \u00e0 camas aient \u00e9t\u00e9 r\u00e9duites par le d\u00e9veloppement de l&#8217;agriculture moderne, il reste de nombreuses zones de prairies et de marais \u00e0 camas dans l&#8217;Ouest am\u00e9ricain.<\/p><p><strong>Avertissement<\/strong>: ces bulbes peuvent \u00eatre confondus avec ceux d&#8217;une autre esp\u00e8ce \u00e0 fleurs blanches, tr\u00e8s <a href=\"https:\/\/fr.wikipedia.org\/wiki\/Toxicit%C3%A9\">toxique<\/a>\u00a0: <em><a href=\"https:\/\/fr.wikipedia.org\/wiki\/Toxicoscordion_venenosum\">Toxicoscordion venenosum<\/a><\/em>, aussi appel\u00e9e <a href=\"https:\/\/fr.wikipedia.org\/w\/index.php?title=Mort_de_camas&amp;action=edit&amp;redlink=1\">Mort de camas<\/a>.<\/p><\/blockquote>\n\n\n\n<p>Tout bien consid\u00e9r\u00e9, je ne vais pas consommer mes camassias. Je vais en donner une partie \u00e0 quelques amis jardiniers, et replanter le reste \u00e0 diff\u00e9rents endroits du jardin, pour une d\u00e9co de printemps.<\/p>\n","protected":false},"excerpt":{"rendered":"<p>Belle r\u00e9colte de bulbes de camassias cette ann\u00e9e&#8230; Pas moins de 3 kilos. Vont-ils passer \u00e0 la casserole\u00a0?<\/p>\n<p class=\"continue-reading-button\"> <a class=\"continue-reading-link\" href=\"https:\/\/www.rezeau.org\/wp-garden\/fr\/camassias-recolte-2022\/\">Continue reading<i class=\"crycon-right-dir\"><\/i><\/a><\/p>\n","protected":false},"author":2,"featured_media":22521,"comment_status":"closed","ping_status":"closed","sticky":false,"template":"","format":"standard","meta":{"_acf_changed":false,"footnotes":""},"categories":[677],"tags":[643],"class_list":["post-22518","post","type-post","status-publish","format-standard","has-post-thumbnail","hentry","category-journal-du-jardin","tag-bulbes"],"acf":[],"_links":{"self":[{"href":"https:\/\/www.rezeau.org\/wp-garden\/wp-json\/wp\/v2\/posts\/22518","targetHints":{"allow":["GET"]}}],"collection":[{"href":"https:\/\/www.rezeau.org\/wp-garden\/wp-json\/wp\/v2\/posts"}],"about":[{"href":"https:\/\/www.rezeau.org\/wp-garden\/wp-json\/wp\/v2\/types\/post"}],"author":[{"embeddable":true,"href":"https:\/\/www.rezeau.org\/wp-garden\/wp-json\/wp\/v2\/users\/2"}],"replies":[{"embeddable":true,"href":"https:\/\/www.rezeau.org\/wp-garden\/wp-json\/wp\/v2\/comments?post=22518"}],"version-history":[{"count":0,"href":"https:\/\/www.rezeau.org\/wp-garden\/wp-json\/wp\/v2\/posts\/22518\/revisions"}],"wp:featuredmedia":[{"embeddable":true,"href":"https:\/\/www.rezeau.org\/wp-garden\/wp-json\/wp\/v2\/media\/22521"}],"wp:attachment":[{"href":"https:\/\/www.rezeau.org\/wp-garden\/wp-json\/wp\/v2\/media?parent=22518"}],"wp:term":[{"taxonomy":"category","embeddable":true,"href":"https:\/\/www.rezeau.org\/wp-garden\/wp-json\/wp\/v2\/categories?post=22518"},{"taxonomy":"post_tag","embeddable":true,"href":"https:\/\/www.rezeau.org\/wp-garden\/wp-json\/wp\/v2\/tags?post=22518"}],"curies":[{"name":"wp","href":"https:\/\/api.w.org\/{rel}","templated":true}]}}