
{"id":22567,"date":"2022-09-29T17:59:49","date_gmt":"2022-09-29T15:59:49","guid":{"rendered":"https:\/\/www.rezeau.org\/wp-garden\/?p=22567"},"modified":"2022-09-29T18:11:15","modified_gmt":"2022-09-29T16:11:15","slug":"nezara-viridula-le-retour-2","status":"publish","type":"post","link":"https:\/\/www.rezeau.org\/wp-garden\/fr\/nezara-viridula-le-retour-2\/","title":{"rendered":"Nezara viridula &#8211; le retour"},"content":{"rendered":"\n<p><em>Nezara viridula<\/em> qu\u00e9saco? Il s&#8217;agit de la punaise verte, qui revient tous les automnes se reproduire, grandir et se sustenter dans le jardin de papi Jo. Elle arbore des livr\u00e9es tr\u00e8s diff\u00e9rentes selon ses diff\u00e9rents stades de d\u00e9veloppement, comme on l&#8217;a expliqu\u00e9 <a href=\"https:\/\/www.rezeau.org\/wp-garden\/fr\/le-jardinier-re-confine-jour-22\/\" data-type=\"post\" data-id=\"16673\">dans ce post<\/a> l&#8217;an dernier. Voici donc les portraits du jour, y compris un portrait double, avec la complicit\u00e9 du &#8220;gendarme&#8221; de service.<\/p>\n\n\n\n<figure class=\"wp-block-gallery has-nested-images columns-default is-cropped wp-block-gallery-1 is-layout-flex wp-block-gallery-is-layout-flex\">\n<figure class=\"wp-block-image size-large\"><a href=\"https:\/\/www.rezeau.org\/wp-garden\/wp-content\/uploads\/29-09-2022-2.jpg\" rel=\"lightbox[22567]\"><img loading=\"lazy\" decoding=\"async\" width=\"1024\" height=\"683\" data-id=\"22572\" src=\"https:\/\/www.rezeau.org\/wp-garden\/wp-content\/uploads\/29-09-2022-2.jpg\" alt=\"\" class=\"wp-image-22572\" srcset=\"https:\/\/www.rezeau.org\/wp-garden\/wp-content\/uploads\/29-09-2022-2.jpg 1024w, https:\/\/www.rezeau.org\/wp-garden\/wp-content\/uploads\/29-09-2022-2-300x200.jpg 300w, https:\/\/www.rezeau.org\/wp-garden\/wp-content\/uploads\/29-09-2022-2-768x512.jpg 768w, https:\/\/www.rezeau.org\/wp-garden\/wp-content\/uploads\/29-09-2022-2-400x267.jpg 400w, https:\/\/www.rezeau.org\/wp-garden\/wp-content\/uploads\/29-09-2022-2-150x100.jpg 150w\" sizes=\"auto, (max-width: 1024px) 100vw, 1024px\" \/><\/a><figcaption><em>Nezara viridula<\/em> stade larvaire<\/figcaption><\/figure>\n\n\n\n<figure class=\"wp-block-image size-large\"><a href=\"https:\/\/www.rezeau.org\/wp-garden\/wp-content\/uploads\/29-09-2022.jpg\" rel=\"lightbox[22567]\"><img loading=\"lazy\" decoding=\"async\" width=\"1024\" height=\"683\" data-id=\"22571\" src=\"https:\/\/www.rezeau.org\/wp-garden\/wp-content\/uploads\/29-09-2022.jpg\" alt=\"\" class=\"wp-image-22571\" srcset=\"https:\/\/www.rezeau.org\/wp-garden\/wp-content\/uploads\/29-09-2022.jpg 1024w, https:\/\/www.rezeau.org\/wp-garden\/wp-content\/uploads\/29-09-2022-300x200.jpg 300w, https:\/\/www.rezeau.org\/wp-garden\/wp-content\/uploads\/29-09-2022-768x512.jpg 768w, https:\/\/www.rezeau.org\/wp-garden\/wp-content\/uploads\/29-09-2022-400x267.jpg 400w, https:\/\/www.rezeau.org\/wp-garden\/wp-content\/uploads\/29-09-2022-150x100.jpg 150w\" sizes=\"auto, (max-width: 1024px) 100vw, 1024px\" \/><\/a><figcaption><em>Nezara viridula<\/em> stade larvaire (coloration noire due au froid)<\/figcaption><\/figure>\n\n\n\n<figure class=\"wp-block-image size-large\"><a href=\"https:\/\/www.rezeau.org\/wp-garden\/wp-content\/uploads\/29-09-2022-5.jpg\" rel=\"lightbox[22567]\"><img loading=\"lazy\" decoding=\"async\" width=\"1024\" height=\"683\" data-id=\"22569\" src=\"https:\/\/www.rezeau.org\/wp-garden\/wp-content\/uploads\/29-09-2022-5.jpg\" alt=\"\" class=\"wp-image-22569\" srcset=\"https:\/\/www.rezeau.org\/wp-garden\/wp-content\/uploads\/29-09-2022-5.jpg 1024w, https:\/\/www.rezeau.org\/wp-garden\/wp-content\/uploads\/29-09-2022-5-300x200.jpg 300w, https:\/\/www.rezeau.org\/wp-garden\/wp-content\/uploads\/29-09-2022-5-768x512.jpg 768w, https:\/\/www.rezeau.org\/wp-garden\/wp-content\/uploads\/29-09-2022-5-400x267.jpg 400w, https:\/\/www.rezeau.org\/wp-garden\/wp-content\/uploads\/29-09-2022-5-150x100.jpg 150w\" sizes=\"auto, (max-width: 1024px) 100vw, 1024px\" \/><\/a><figcaption><em>Nezara viridula<\/em> stade adulte<\/figcaption><\/figure>\n\n\n\n<figure class=\"wp-block-image size-large\"><a href=\"https:\/\/www.rezeau.org\/wp-garden\/wp-content\/uploads\/29-09-2022-4.jpg\" rel=\"lightbox[22567]\"><img loading=\"lazy\" decoding=\"async\" width=\"1024\" height=\"683\" data-id=\"22570\" src=\"https:\/\/www.rezeau.org\/wp-garden\/wp-content\/uploads\/29-09-2022-4.jpg\" alt=\"\" class=\"wp-image-22570\" srcset=\"https:\/\/www.rezeau.org\/wp-garden\/wp-content\/uploads\/29-09-2022-4.jpg 1024w, https:\/\/www.rezeau.org\/wp-garden\/wp-content\/uploads\/29-09-2022-4-300x200.jpg 300w, https:\/\/www.rezeau.org\/wp-garden\/wp-content\/uploads\/29-09-2022-4-768x512.jpg 768w, https:\/\/www.rezeau.org\/wp-garden\/wp-content\/uploads\/29-09-2022-4-400x267.jpg 400w, https:\/\/www.rezeau.org\/wp-garden\/wp-content\/uploads\/29-09-2022-4-150x100.jpg 150w\" sizes=\"auto, (max-width: 1024px) 100vw, 1024px\" \/><\/a><figcaption><em>Nezara viridula<\/em> adulte et <em>Pyrrhocoris apterus<\/em> (&#8220;gendarme&#8221;) sur hibiscus<\/figcaption><\/figure>\n<\/figure>\n","protected":false},"excerpt":{"rendered":"<p>Nezara viridula qu\u00e9saco? <\/p>\n<p class=\"continue-reading-button\"> <a class=\"continue-reading-link\" href=\"https:\/\/www.rezeau.org\/wp-garden\/fr\/nezara-viridula-le-retour-2\/\">Continue reading<i class=\"crycon-right-dir\"><\/i><\/a><\/p>\n","protected":false},"author":2,"featured_media":22572,"comment_status":"closed","ping_status":"closed","sticky":false,"template":"","format":"standard","meta":{"_acf_changed":false,"footnotes":""},"categories":[677],"tags":[2330],"class_list":["post-22567","post","type-post","status-publish","format-standard","has-post-thumbnail","hentry","category-journal-du-jardin","tag-insectes"],"acf":[],"_links":{"self":[{"href":"https:\/\/www.rezeau.org\/wp-garden\/wp-json\/wp\/v2\/posts\/22567","targetHints":{"allow":["GET"]}}],"collection":[{"href":"https:\/\/www.rezeau.org\/wp-garden\/wp-json\/wp\/v2\/posts"}],"about":[{"href":"https:\/\/www.rezeau.org\/wp-garden\/wp-json\/wp\/v2\/types\/post"}],"author":[{"embeddable":true,"href":"https:\/\/www.rezeau.org\/wp-garden\/wp-json\/wp\/v2\/users\/2"}],"replies":[{"embeddable":true,"href":"https:\/\/www.rezeau.org\/wp-garden\/wp-json\/wp\/v2\/comments?post=22567"}],"version-history":[{"count":0,"href":"https:\/\/www.rezeau.org\/wp-garden\/wp-json\/wp\/v2\/posts\/22567\/revisions"}],"wp:featuredmedia":[{"embeddable":true,"href":"https:\/\/www.rezeau.org\/wp-garden\/wp-json\/wp\/v2\/media\/22572"}],"wp:attachment":[{"href":"https:\/\/www.rezeau.org\/wp-garden\/wp-json\/wp\/v2\/media?parent=22567"}],"wp:term":[{"taxonomy":"category","embeddable":true,"href":"https:\/\/www.rezeau.org\/wp-garden\/wp-json\/wp\/v2\/categories?post=22567"},{"taxonomy":"post_tag","embeddable":true,"href":"https:\/\/www.rezeau.org\/wp-garden\/wp-json\/wp\/v2\/tags?post=22567"}],"curies":[{"name":"wp","href":"https:\/\/api.w.org\/{rel}","templated":true}]}}