
{"id":22590,"date":"2022-10-10T23:28:27","date_gmt":"2022-10-10T21:28:27","guid":{"rendered":"https:\/\/www.rezeau.org\/wp-garden\/?p=22590"},"modified":"2022-10-10T23:30:37","modified_gmt":"2022-10-10T21:30:37","slug":"une-lentille-qui-nest-pas-du-puy","status":"publish","type":"post","link":"https:\/\/www.rezeau.org\/wp-garden\/fr\/une-lentille-qui-nest-pas-du-puy\/","title":{"rendered":"Une lentille qui n&#8217;est pas du Puy"},"content":{"rendered":"\n<p>La lentille verte du Puy est une sp\u00e9cialit\u00e9 de lentille cultiv\u00e9e dans la r\u00e9gion du Puy-en-Velay. Mais la lentille d&#8217;eau n&#8217;a malheureusement pas le m\u00eame int\u00e9r\u00eat culinaire. En ce moment elle connait un d\u00e9veloppement spectaculaire sur les rivi\u00e8res un peu partout en France, et donc sur le Meu, la petite rivi\u00e8re qui arrose la commune o\u00f9 se trouve le jardin de papi Jo.<\/p>\n\n\n\n<blockquote class=\"wp-block-quote is-layout-flow wp-block-quote-is-layout-flow\"><p><strong>La Lentille d\u2019eau ou lenticule, du genre <em>Lemna<\/em>, est une petite plante flottante qui se d\u00e9veloppe \u00e0 la surface de l\u2019eau<\/strong>, parfois de mani\u00e8re tr\u00e8s envahissante. Les lentilles d\u2019eau forment <strong>dans les eaux riches en nutriments<\/strong> une couche imp\u00e9n\u00e9trable qui emp\u00eache le soleil d\u2019arriver jusqu\u2019aux plantes oxyg\u00e9nantes. De plus, une prolif\u00e9ration de lentilles d\u2019eau est <strong>une indication concernant une probable eutrophisation de la mare ou du bassin<\/strong>. Bref, ce n\u2019est pas top !<\/p><\/blockquote>\n\n\n\n<p>La suite sur le site de <a href=\"https:\/\/www.promessedefleurs.com\/conseil-plantes-jardin\/ficheconseil\/lentilles-d-eau#articlesconnexes\" data-type=\"URL\" data-id=\"https:\/\/www.promessedefleurs.com\/conseil-plantes-jardin\/ficheconseil\/lentilles-d-eau#articlesconnexes\" target=\"_blank\" rel=\"noreferrer noopener\">Promesse de fleurs<\/a>&#8230;<\/p>\n\n\n\n<p>En tout cas, cette prolif\u00e9ration a permis \u00e0 papi Jo de r\u00e9aliser quelques photos lors de sa promenade le long du Meu ce matin.<\/p>\n\n\n\n<figure class=\"wp-block-gallery has-nested-images columns-default is-cropped wp-block-gallery-1 is-layout-flex wp-block-gallery-is-layout-flex\">\n<figure class=\"wp-block-image size-large\"><a href=\"https:\/\/www.rezeau.org\/wp-garden\/wp-content\/uploads\/10-10-2022-2.jpg\" rel=\"lightbox[22590]\"><img loading=\"lazy\" decoding=\"async\" width=\"1024\" height=\"683\" data-id=\"22583\" src=\"https:\/\/www.rezeau.org\/wp-garden\/wp-content\/uploads\/10-10-2022-2.jpg\" alt=\"\" class=\"wp-image-22583\" srcset=\"https:\/\/www.rezeau.org\/wp-garden\/wp-content\/uploads\/10-10-2022-2.jpg 1024w, https:\/\/www.rezeau.org\/wp-garden\/wp-content\/uploads\/10-10-2022-2-300x200.jpg 300w, https:\/\/www.rezeau.org\/wp-garden\/wp-content\/uploads\/10-10-2022-2-768x512.jpg 768w, https:\/\/www.rezeau.org\/wp-garden\/wp-content\/uploads\/10-10-2022-2-400x267.jpg 400w, https:\/\/www.rezeau.org\/wp-garden\/wp-content\/uploads\/10-10-2022-2-150x100.jpg 150w\" sizes=\"auto, (max-width: 1024px) 100vw, 1024px\" \/><\/a><\/figure>\n\n\n\n<figure class=\"wp-block-image size-large\"><a href=\"https:\/\/www.rezeau.org\/wp-garden\/wp-content\/uploads\/10-10-2022-4.jpg\" rel=\"lightbox[22590]\"><img loading=\"lazy\" decoding=\"async\" width=\"1024\" height=\"683\" data-id=\"22585\" src=\"https:\/\/www.rezeau.org\/wp-garden\/wp-content\/uploads\/10-10-2022-4.jpg\" alt=\"\" class=\"wp-image-22585\" srcset=\"https:\/\/www.rezeau.org\/wp-garden\/wp-content\/uploads\/10-10-2022-4.jpg 1024w, https:\/\/www.rezeau.org\/wp-garden\/wp-content\/uploads\/10-10-2022-4-300x200.jpg 300w, https:\/\/www.rezeau.org\/wp-garden\/wp-content\/uploads\/10-10-2022-4-768x512.jpg 768w, https:\/\/www.rezeau.org\/wp-garden\/wp-content\/uploads\/10-10-2022-4-400x267.jpg 400w, https:\/\/www.rezeau.org\/wp-garden\/wp-content\/uploads\/10-10-2022-4-150x100.jpg 150w\" sizes=\"auto, (max-width: 1024px) 100vw, 1024px\" \/><\/a><\/figure>\n\n\n\n<figure class=\"wp-block-image size-large\"><a href=\"https:\/\/www.rezeau.org\/wp-garden\/wp-content\/uploads\/10-10-2022-5.jpg\" rel=\"lightbox[22590]\"><img loading=\"lazy\" decoding=\"async\" width=\"1024\" height=\"682\" data-id=\"22586\" src=\"https:\/\/www.rezeau.org\/wp-garden\/wp-content\/uploads\/10-10-2022-5.jpg\" alt=\"\" class=\"wp-image-22586\" srcset=\"https:\/\/www.rezeau.org\/wp-garden\/wp-content\/uploads\/10-10-2022-5.jpg 1024w, https:\/\/www.rezeau.org\/wp-garden\/wp-content\/uploads\/10-10-2022-5-300x200.jpg 300w, https:\/\/www.rezeau.org\/wp-garden\/wp-content\/uploads\/10-10-2022-5-768x512.jpg 768w, https:\/\/www.rezeau.org\/wp-garden\/wp-content\/uploads\/10-10-2022-5-400x266.jpg 400w, https:\/\/www.rezeau.org\/wp-garden\/wp-content\/uploads\/10-10-2022-5-150x100.jpg 150w\" sizes=\"auto, (max-width: 1024px) 100vw, 1024px\" \/><\/a><\/figure>\n\n\n\n<figure class=\"wp-block-image size-large\"><a href=\"https:\/\/www.rezeau.org\/wp-garden\/wp-content\/uploads\/10-10-2022-8.jpg\" rel=\"lightbox[22590]\"><img loading=\"lazy\" decoding=\"async\" width=\"1024\" height=\"683\" data-id=\"22589\" src=\"https:\/\/www.rezeau.org\/wp-garden\/wp-content\/uploads\/10-10-2022-8.jpg\" alt=\"\" class=\"wp-image-22589\" srcset=\"https:\/\/www.rezeau.org\/wp-garden\/wp-content\/uploads\/10-10-2022-8.jpg 1024w, https:\/\/www.rezeau.org\/wp-garden\/wp-content\/uploads\/10-10-2022-8-300x200.jpg 300w, https:\/\/www.rezeau.org\/wp-garden\/wp-content\/uploads\/10-10-2022-8-768x512.jpg 768w, https:\/\/www.rezeau.org\/wp-garden\/wp-content\/uploads\/10-10-2022-8-400x267.jpg 400w, https:\/\/www.rezeau.org\/wp-garden\/wp-content\/uploads\/10-10-2022-8-150x100.jpg 150w\" sizes=\"auto, (max-width: 1024px) 100vw, 1024px\" \/><\/a><\/figure>\n\n\n\n<figure class=\"wp-block-image size-large\"><a href=\"https:\/\/www.rezeau.org\/wp-garden\/wp-content\/uploads\/10-10-2022-7.jpg\" rel=\"lightbox[22590]\"><img loading=\"lazy\" decoding=\"async\" width=\"1024\" height=\"682\" data-id=\"22588\" src=\"https:\/\/www.rezeau.org\/wp-garden\/wp-content\/uploads\/10-10-2022-7.jpg\" alt=\"\" class=\"wp-image-22588\" srcset=\"https:\/\/www.rezeau.org\/wp-garden\/wp-content\/uploads\/10-10-2022-7.jpg 1024w, https:\/\/www.rezeau.org\/wp-garden\/wp-content\/uploads\/10-10-2022-7-300x200.jpg 300w, https:\/\/www.rezeau.org\/wp-garden\/wp-content\/uploads\/10-10-2022-7-768x512.jpg 768w, https:\/\/www.rezeau.org\/wp-garden\/wp-content\/uploads\/10-10-2022-7-400x266.jpg 400w, https:\/\/www.rezeau.org\/wp-garden\/wp-content\/uploads\/10-10-2022-7-150x100.jpg 150w\" sizes=\"auto, (max-width: 1024px) 100vw, 1024px\" \/><\/a><\/figure>\n\n\n\n<figure class=\"wp-block-image size-large\"><a href=\"https:\/\/www.rezeau.org\/wp-garden\/wp-content\/uploads\/10-10-2022-3.jpg\" rel=\"lightbox[22590]\"><img loading=\"lazy\" decoding=\"async\" width=\"1024\" height=\"683\" data-id=\"22584\" src=\"https:\/\/www.rezeau.org\/wp-garden\/wp-content\/uploads\/10-10-2022-3.jpg\" alt=\"\" class=\"wp-image-22584\" srcset=\"https:\/\/www.rezeau.org\/wp-garden\/wp-content\/uploads\/10-10-2022-3.jpg 1024w, https:\/\/www.rezeau.org\/wp-garden\/wp-content\/uploads\/10-10-2022-3-300x200.jpg 300w, https:\/\/www.rezeau.org\/wp-garden\/wp-content\/uploads\/10-10-2022-3-768x512.jpg 768w, https:\/\/www.rezeau.org\/wp-garden\/wp-content\/uploads\/10-10-2022-3-400x267.jpg 400w, https:\/\/www.rezeau.org\/wp-garden\/wp-content\/uploads\/10-10-2022-3-150x100.jpg 150w\" sizes=\"auto, (max-width: 1024px) 100vw, 1024px\" \/><\/a><\/figure>\n<figcaption class=\"blocks-gallery-caption\">Le Meu couvert de lentilles d&#8217;eau<\/figcaption><\/figure>\n","protected":false},"excerpt":{"rendered":"<p>La lentille verte du Puy est une sp\u00e9cialit\u00e9 de lentille cultiv\u00e9e dans la r\u00e9gion du Puy-en-Velay. Mais la lentille d&#8217;eau n&#8217;a malheureusement pas le m\u00eame int\u00e9r\u00eat culinaire.<\/p>\n<p class=\"continue-reading-button\"> <a class=\"continue-reading-link\" href=\"https:\/\/www.rezeau.org\/wp-garden\/fr\/une-lentille-qui-nest-pas-du-puy\/\">Continue reading<i class=\"crycon-right-dir\"><\/i><\/a><\/p>\n","protected":false},"author":2,"featured_media":22583,"comment_status":"closed","ping_status":"closed","sticky":false,"template":"","format":"standard","meta":{"_acf_changed":false,"footnotes":""},"categories":[677],"tags":[2487],"class_list":["post-22590","post","type-post","status-publish","format-standard","has-post-thumbnail","hentry","category-journal-du-jardin","tag-insolite"],"acf":[],"_links":{"self":[{"href":"https:\/\/www.rezeau.org\/wp-garden\/wp-json\/wp\/v2\/posts\/22590","targetHints":{"allow":["GET"]}}],"collection":[{"href":"https:\/\/www.rezeau.org\/wp-garden\/wp-json\/wp\/v2\/posts"}],"about":[{"href":"https:\/\/www.rezeau.org\/wp-garden\/wp-json\/wp\/v2\/types\/post"}],"author":[{"embeddable":true,"href":"https:\/\/www.rezeau.org\/wp-garden\/wp-json\/wp\/v2\/users\/2"}],"replies":[{"embeddable":true,"href":"https:\/\/www.rezeau.org\/wp-garden\/wp-json\/wp\/v2\/comments?post=22590"}],"version-history":[{"count":0,"href":"https:\/\/www.rezeau.org\/wp-garden\/wp-json\/wp\/v2\/posts\/22590\/revisions"}],"wp:featuredmedia":[{"embeddable":true,"href":"https:\/\/www.rezeau.org\/wp-garden\/wp-json\/wp\/v2\/media\/22583"}],"wp:attachment":[{"href":"https:\/\/www.rezeau.org\/wp-garden\/wp-json\/wp\/v2\/media?parent=22590"}],"wp:term":[{"taxonomy":"category","embeddable":true,"href":"https:\/\/www.rezeau.org\/wp-garden\/wp-json\/wp\/v2\/categories?post=22590"},{"taxonomy":"post_tag","embeddable":true,"href":"https:\/\/www.rezeau.org\/wp-garden\/wp-json\/wp\/v2\/tags?post=22590"}],"curies":[{"name":"wp","href":"https:\/\/api.w.org\/{rel}","templated":true}]}}