
{"id":22770,"date":"2023-02-14T23:34:24","date_gmt":"2023-02-14T22:34:24","guid":{"rendered":"https:\/\/www.rezeau.org\/wp-garden\/?p=22770"},"modified":"2023-02-14T23:36:54","modified_gmt":"2023-02-14T22:36:54","slug":"travaux-de-la-saint-valentin","status":"publish","type":"post","link":"https:\/\/www.rezeau.org\/wp-garden\/fr\/travaux-de-la-saint-valentin\/","title":{"rendered":"Travaux de la Saint Valentin"},"content":{"rendered":"\n<p>La Saint Valentin au jardin&#8230; ou plut\u00f4t la Saint Barth\u00e9l\u00e9my ! Par une belle journ\u00e9e printanni\u00e8re, le s\u00e9cateur \u00e9tait de sortie pour les premi\u00e8res tailles de l&#8217;ann\u00e9e.<\/p>\n\n\n\n<ul class=\"wp-block-list\">\n<li>Rabattu de 50cm \u00e0 1m du sol les cl\u00e9matites : <em>Clematis<\/em>\u00a0\u2018Guernsey Cream\u2019, <em>C.<\/em>\u00a0\u2018Jackmanii\u2019, <em>C.<\/em>\u00a0\u2018Samaritan Jo\u2019, <em>C.<\/em>\u00a0&#8216;Forever friends&#8217;.<\/li>\n\n\n\n<li>Rabattu \u00e0 40cm : <em>Penstemon<\/em>\u00a0\u2018Garnet\u2019 et <em>Physocarpus opulifolius<\/em>\u00a0\u2018Red Baron\u2019 \u00e0 l&#8217;arri\u00e8re.<\/li>\n\n\n\n<li>Taill\u00e9 <em>Hibiscus syriacus<\/em>\u00a0\u2018Lavender Chiffon\u2019, <em><em>Fuchsia magellanica<\/em>\u00a0var.\u00a0<em>molinae<\/em><\/em>.<\/li>\n\n\n\n<li>Bien rabattu <em>Lavatera x clementii<\/em>\u00a0\u2018Barnsley\u2019. Et aussi les 2 boutures encore en pots.<\/li>\n\n\n\n<li>Rabattu au ras du sol <em>Epimedium x versicolor<\/em>\u00a0\u2018Sulphureum\u2019. Quelques nouvelles fleurs.\u00a0<\/li>\n\n\n\n<li>Rabattu \u00e0 2 yeux du sol environ <em>Sambucus nigra<\/em>\u00a0Black Lace \u2018Eva\u2019.<\/li>\n\n\n\n<li>S\u00e9v\u00e8rement taill\u00e9 le rosier &#8216;Madame Alfred Cari\u00e8re&#8217; au niveau du treillis (\u00e0 2 m\u00e8tres), y compris supprim\u00e9 quelques &#8220;moignons&#8221;.<\/li>\n<\/ul>\n","protected":false},"excerpt":{"rendered":"<p>La Saint Valentin au jardin&#8230; ou plut\u00f4t la Saint Barth\u00e9l\u00e9my ! Par une belle journ\u00e9e printanni\u00e8re, le s\u00e9cateur \u00e9tait de sortie pour les premi\u00e8res tailles de l&#8217;ann\u00e9e.<\/p>\n<p class=\"continue-reading-button\"> <a class=\"continue-reading-link\" href=\"https:\/\/www.rezeau.org\/wp-garden\/fr\/travaux-de-la-saint-valentin\/\">Continue reading<i class=\"crycon-right-dir\"><\/i><\/a><\/p>\n","protected":false},"author":2,"featured_media":7924,"comment_status":"closed","ping_status":"closed","sticky":false,"template":"","format":"standard","meta":{"_acf_changed":false,"footnotes":""},"categories":[677],"tags":[3218],"class_list":["post-22770","post","type-post","status-publish","format-standard","has-post-thumbnail","hentry","category-journal-du-jardin","tag-taille"],"acf":[],"_links":{"self":[{"href":"https:\/\/www.rezeau.org\/wp-garden\/wp-json\/wp\/v2\/posts\/22770","targetHints":{"allow":["GET"]}}],"collection":[{"href":"https:\/\/www.rezeau.org\/wp-garden\/wp-json\/wp\/v2\/posts"}],"about":[{"href":"https:\/\/www.rezeau.org\/wp-garden\/wp-json\/wp\/v2\/types\/post"}],"author":[{"embeddable":true,"href":"https:\/\/www.rezeau.org\/wp-garden\/wp-json\/wp\/v2\/users\/2"}],"replies":[{"embeddable":true,"href":"https:\/\/www.rezeau.org\/wp-garden\/wp-json\/wp\/v2\/comments?post=22770"}],"version-history":[{"count":0,"href":"https:\/\/www.rezeau.org\/wp-garden\/wp-json\/wp\/v2\/posts\/22770\/revisions"}],"wp:featuredmedia":[{"embeddable":true,"href":"https:\/\/www.rezeau.org\/wp-garden\/wp-json\/wp\/v2\/media\/7924"}],"wp:attachment":[{"href":"https:\/\/www.rezeau.org\/wp-garden\/wp-json\/wp\/v2\/media?parent=22770"}],"wp:term":[{"taxonomy":"category","embeddable":true,"href":"https:\/\/www.rezeau.org\/wp-garden\/wp-json\/wp\/v2\/categories?post=22770"},{"taxonomy":"post_tag","embeddable":true,"href":"https:\/\/www.rezeau.org\/wp-garden\/wp-json\/wp\/v2\/tags?post=22770"}],"curies":[{"name":"wp","href":"https:\/\/api.w.org\/{rel}","templated":true}]}}