
{"id":22795,"date":"2023-02-22T15:01:31","date_gmt":"2023-02-22T14:01:31","guid":{"rendered":"https:\/\/www.rezeau.org\/wp-garden\/?p=22795"},"modified":"2023-02-22T15:02:37","modified_gmt":"2023-02-22T14:02:37","slug":"en-attendant-le-printemps-2023","status":"publish","type":"post","link":"https:\/\/www.rezeau.org\/wp-garden\/fr\/en-attendant-le-printemps-2023\/","title":{"rendered":"En attendant le printemps 2023"},"content":{"rendered":"\n<p>Ces jours-ci la m\u00e9t\u00e9o joue au yoyo, en alternant les journ\u00e9es printani\u00e8res et les jours gris et froids. Et la pluie n&#8217;est toujours pas au rendez-vous, ce qui n&#8217;est pas bon signe. En attendant, voici quelques floraisons du jour au jardin. <\/p>\n\n\n\n<figure class=\"wp-block-gallery has-nested-images columns-default is-cropped wp-block-gallery-1 is-layout-flex wp-block-gallery-is-layout-flex\">\n<figure class=\"wp-block-image size-large\"><a href=\"https:\/\/www.rezeau.org\/wp-garden\/wp-content\/uploads\/K-IMGP1673.jpg\" rel=\"lightbox[22795]\"><img loading=\"lazy\" decoding=\"async\" width=\"533\" height=\"800\" data-id=\"22798\" src=\"https:\/\/www.rezeau.org\/wp-garden\/wp-content\/uploads\/K-IMGP1673.jpg\" alt=\"\" class=\"wp-image-22798\" srcset=\"https:\/\/www.rezeau.org\/wp-garden\/wp-content\/uploads\/K-IMGP1673.jpg 533w, https:\/\/www.rezeau.org\/wp-garden\/wp-content\/uploads\/K-IMGP1673-200x300.jpg 200w, https:\/\/www.rezeau.org\/wp-garden\/wp-content\/uploads\/K-IMGP1673-400x600.jpg 400w, https:\/\/www.rezeau.org\/wp-garden\/wp-content\/uploads\/K-IMGP1673-100x150.jpg 100w\" sizes=\"auto, (max-width: 533px) 100vw, 533px\" \/><\/a><figcaption class=\"wp-element-caption\">Jonquilles 22\/02\/2023<\/figcaption><\/figure>\n\n\n\n<figure class=\"wp-block-image size-large\"><a href=\"https:\/\/www.rezeau.org\/wp-garden\/wp-content\/uploads\/K-IMGP1679.jpg\" rel=\"lightbox[22795]\"><img loading=\"lazy\" decoding=\"async\" width=\"600\" height=\"800\" data-id=\"22797\" src=\"https:\/\/www.rezeau.org\/wp-garden\/wp-content\/uploads\/K-IMGP1679.jpg\" alt=\"\" class=\"wp-image-22797\" srcset=\"https:\/\/www.rezeau.org\/wp-garden\/wp-content\/uploads\/K-IMGP1679.jpg 600w, https:\/\/www.rezeau.org\/wp-garden\/wp-content\/uploads\/K-IMGP1679-225x300.jpg 225w, https:\/\/www.rezeau.org\/wp-garden\/wp-content\/uploads\/K-IMGP1679-400x533.jpg 400w, https:\/\/www.rezeau.org\/wp-garden\/wp-content\/uploads\/K-IMGP1679-113x150.jpg 113w\" sizes=\"auto, (max-width: 600px) 100vw, 600px\" \/><\/a><figcaption class=\"wp-element-caption\"><em>Spiraea thunbergii<\/em> &#8216;Fujino Pink&#8217; 22\/02\/2023<\/figcaption><\/figure>\n\n\n\n<figure class=\"wp-block-image size-large\"><a href=\"https:\/\/www.rezeau.org\/wp-garden\/wp-content\/uploads\/K-IMGP1681.jpg\" rel=\"lightbox[22795]\"><img loading=\"lazy\" decoding=\"async\" width=\"600\" height=\"800\" data-id=\"22796\" src=\"https:\/\/www.rezeau.org\/wp-garden\/wp-content\/uploads\/K-IMGP1681.jpg\" alt=\"\" class=\"wp-image-22796\" srcset=\"https:\/\/www.rezeau.org\/wp-garden\/wp-content\/uploads\/K-IMGP1681.jpg 600w, https:\/\/www.rezeau.org\/wp-garden\/wp-content\/uploads\/K-IMGP1681-225x300.jpg 225w, https:\/\/www.rezeau.org\/wp-garden\/wp-content\/uploads\/K-IMGP1681-400x533.jpg 400w, https:\/\/www.rezeau.org\/wp-garden\/wp-content\/uploads\/K-IMGP1681-113x150.jpg 113w\" sizes=\"auto, (max-width: 600px) 100vw, 600px\" \/><\/a><figcaption class=\"wp-element-caption\"><em>Helleborus x<\/em> Frostkiss\u00ae Glenda&#8217;s Gloss\u00ae 22\/02\/2023<\/figcaption><\/figure>\n<\/figure>\n\n\n\n<p>L&#8217;automne dernier, j&#8217;ai plant\u00e9 un gros sac de jonquilles (je ne me souviens plus de l&#8217;esp\u00e8ce) et je me suis lass\u00e9 vers la fin. Quelques bulbes ont donc fini sur le sol, et non pas enterr\u00e9s dans des trous.<br>En ce moment, la jonquille la plus pr\u00e9coce \u00e0 montrer des signes de floraison est un de ces bulbes &#8220;abandonn\u00e9s&#8221;, ce qui semblerait d\u00e9montrer que les bulbes de jonquilles s&#8217;en fichent d&#8217;\u00eatre enterr\u00e9s ou pas (du moins \u00e7a ne les emp\u00eache pas de fleurir une premi\u00e8re ann\u00e9e).<\/p>\n","protected":false},"excerpt":{"rendered":"<p>Ces jours-ci la m\u00e9t\u00e9o joue au yoyo, en alternant les journ\u00e9es printani\u00e8res et les jours gris et froids. Et la pluie n&#8217;est toujours pas au rendez-vous, ce qui n&#8217;est pas bon signe. En attendant, voici quelques floraisons du jour au jardin.<\/p>\n<p class=\"continue-reading-button\"> <a class=\"continue-reading-link\" href=\"https:\/\/www.rezeau.org\/wp-garden\/fr\/en-attendant-le-printemps-2023\/\">Continue reading<i class=\"crycon-right-dir\"><\/i><\/a><\/p>\n","protected":false},"author":2,"featured_media":22800,"comment_status":"closed","ping_status":"closed","sticky":false,"template":"","format":"standard","meta":{"_acf_changed":false,"footnotes":""},"categories":[677],"tags":[643,3208],"class_list":["post-22795","post","type-post","status-publish","format-standard","has-post-thumbnail","hentry","category-journal-du-jardin","tag-bulbes","tag-floraisons"],"acf":[],"_links":{"self":[{"href":"https:\/\/www.rezeau.org\/wp-garden\/wp-json\/wp\/v2\/posts\/22795","targetHints":{"allow":["GET"]}}],"collection":[{"href":"https:\/\/www.rezeau.org\/wp-garden\/wp-json\/wp\/v2\/posts"}],"about":[{"href":"https:\/\/www.rezeau.org\/wp-garden\/wp-json\/wp\/v2\/types\/post"}],"author":[{"embeddable":true,"href":"https:\/\/www.rezeau.org\/wp-garden\/wp-json\/wp\/v2\/users\/2"}],"replies":[{"embeddable":true,"href":"https:\/\/www.rezeau.org\/wp-garden\/wp-json\/wp\/v2\/comments?post=22795"}],"version-history":[{"count":0,"href":"https:\/\/www.rezeau.org\/wp-garden\/wp-json\/wp\/v2\/posts\/22795\/revisions"}],"wp:featuredmedia":[{"embeddable":true,"href":"https:\/\/www.rezeau.org\/wp-garden\/wp-json\/wp\/v2\/media\/22800"}],"wp:attachment":[{"href":"https:\/\/www.rezeau.org\/wp-garden\/wp-json\/wp\/v2\/media?parent=22795"}],"wp:term":[{"taxonomy":"category","embeddable":true,"href":"https:\/\/www.rezeau.org\/wp-garden\/wp-json\/wp\/v2\/categories?post=22795"},{"taxonomy":"post_tag","embeddable":true,"href":"https:\/\/www.rezeau.org\/wp-garden\/wp-json\/wp\/v2\/tags?post=22795"}],"curies":[{"name":"wp","href":"https:\/\/api.w.org\/{rel}","templated":true}]}}