
{"id":22912,"date":"2023-04-08T18:21:02","date_gmt":"2023-04-08T16:21:02","guid":{"rendered":"https:\/\/www.rezeau.org\/wp-garden\/?p=22912"},"modified":"2023-04-08T18:21:05","modified_gmt":"2023-04-08T16:21:05","slug":"le-grand-remplacement-au-jardin-de-papi-jo","status":"publish","type":"post","link":"https:\/\/www.rezeau.org\/wp-garden\/fr\/le-grand-remplacement-au-jardin-de-papi-jo\/","title":{"rendered":"Le grand remplacement au jardin de papi Jo"},"content":{"rendered":"<div class=\"wp-block-image\">\n<figure class=\"alignleft size-medium\"><img loading=\"lazy\" decoding=\"async\" width=\"300\" height=\"200\" src=\"https:\/\/www.rezeau.org\/wp-garden\/wp-content\/uploads\/arrache-2-300x200.jpg\" alt=\"\" class=\"wp-image-22824\" srcset=\"https:\/\/www.rezeau.org\/wp-garden\/wp-content\/uploads\/arrache-2-300x200.jpg 300w, https:\/\/www.rezeau.org\/wp-garden\/wp-content\/uploads\/arrache-2-400x267.jpg 400w, https:\/\/www.rezeau.org\/wp-garden\/wp-content\/uploads\/arrache-2-150x100.jpg 150w, https:\/\/www.rezeau.org\/wp-garden\/wp-content\/uploads\/arrache-2.jpg 601w\" sizes=\"auto, (max-width: 300px) 100vw, 300px\" \/><\/figure>\n<\/div>\n\n\n<p>Fin mars le jardinier a travaill\u00e9 d&#8217;arrache-pied, c&#8217;est-\u00e0-dire qu&#8217;il a arrach\u00e9 quelques plantes qui avaient fait leur temps. Plantes crev\u00e9es soit \u00e0 cause de la s\u00e9cheresse de l&#8217;\u00e9t\u00e9 dernier, soit des gel\u00e9es pr\u00e9coces d\u00e9but d\u00e9cembre, soit pour une autre raison.<\/p>\n\n\n\n<div style=\"height:2px\" aria-hidden=\"true\" class=\"wp-block-spacer\"><\/div>\n\n\n\n<p>En voici la liste :<\/p>\n\n\n\n<ul class=\"wp-block-list\">\n<li><em>Diosma hirsuta<\/em>\u00a0\u2018Pink Fountain\u2019, plante du p\u00eacheur, compl\u00e8tement grill\u00e9e\u00a0;<\/li>\n\n\n\n<li><em>Daphne<\/em>\u00a0x\u00a0<em>transatlantica<\/em>\u00a0\u2018Eternal Fragrance\u2019, pas si &#8216;\u00e9ternel&#8217; que \u00e7a !<\/li>\n\n\n\n<li><em>Salvia greggii<\/em>\u00a0\u2018Caramba\u2019, qui ne faisait plus que du bois\u00a0;<\/li>\n\n\n\n<li><em>Westringia fruticosa<\/em> Mundi, grill\u00e9 par les gel\u00e9es.<\/li>\n<\/ul>\n\n\n\n<p>En remplacement de ces plantes disparues et aussi pour redonner un peu de peps au jardin, un petit tour dans mes jardineries favorites s&#8217;est sold\u00e9 par cette petite liste de nouveaut\u00e9s\u00a0:<\/p>\n\n\n\n<ul class=\"wp-block-list\">\n<li><em>Lamprocapnos spectabilis<\/em>, la vari\u00e9t\u00e9 type, rose, pour tenir compagnie aux 2 sp\u00e9cimens &#8216;alba&#8217;\u00a0;<\/li>\n\n\n\n<li><em>Convolvulus cneorum<\/em>, un nouvel essai de ce liseron de Turquie au jardin, plant\u00e9 avec plein de sable et de pouzzolane parce qu&#8217;il aime bien un sol drain\u00e9\u00a0;<\/li>\n\n\n\n<li><em>Lavandula angustifolia<\/em>\u00a0Dutch (lavandin), plant\u00e9 avec plein de drainage \u00e9galement\u00a0;<\/li>\n\n\n\n<li><em>Rhododendron<\/em>\u00a0\u2018Hino-Crimson\u2019, une azal\u00e9e du Japon au superbe coloris rose soutenu\u00a0;<\/li>\n\n\n\n<li><em>Hebe<\/em>\u00a0\u2018Emerald Green, une v\u00e9ronique arbustive qui fait une jolie boule vert tendre\u00a0;<\/li>\n\n\n\n<li><em>Hebe<\/em>\u00a0\u2018Celebration\u2019 (encore une v\u00e9ronique arbustive !)<\/li>\n\n\n\n<li><em>Paeonia lactiflora<\/em>\u00a0\u2018Sarah Bernhardt\u2019, qui ne fleurira pas avant quelques ann\u00e9es\u00a0;<\/li>\n\n\n\n<li>Monarda x \u2018Cambridge scarlet\u2019 pour tenir compagnie \u00e0 l&#8217;unique sp\u00e9cimen restant des monardes \u2018Beauty of Cobham\u2019\u00a0;<\/li>\n\n\n\n<li>plus, pour m\u00e9moire, plant\u00e9s en pots sur l&#8217;escalier, une armoise &#8216;Powis Castle&#8217; et une santoline&#8230;<\/li>\n<\/ul>\n","protected":false},"excerpt":{"rendered":"<p>Fin mars le jardinier a travaill\u00e9 d&#8217;arrache-pied, c&#8217;est-\u00e0-dire qu&#8217;il a arrach\u00e9 quelques plantes qui avaient fait leur temps. Plantes crev\u00e9es soit \u00e0 cause de la s\u00e9cheresse de l&#8217;\u00e9t\u00e9 dernier, soit des gel\u00e9es pr\u00e9coces d\u00e9but d\u00e9cembre, soit pour une autre raison. En voici la liste : En remplacement de ces plantes&#8230;<\/p>\n<p class=\"continue-reading-button\"> <a class=\"continue-reading-link\" href=\"https:\/\/www.rezeau.org\/wp-garden\/fr\/le-grand-remplacement-au-jardin-de-papi-jo\/\">Continue reading<i class=\"crycon-right-dir\"><\/i><\/a><\/p>\n","protected":false},"author":2,"featured_media":22824,"comment_status":"closed","ping_status":"closed","sticky":false,"template":"","format":"standard","meta":{"_acf_changed":false,"footnotes":""},"categories":[677],"tags":[],"class_list":["post-22912","post","type-post","status-publish","format-standard","has-post-thumbnail","hentry","category-journal-du-jardin"],"acf":[],"_links":{"self":[{"href":"https:\/\/www.rezeau.org\/wp-garden\/wp-json\/wp\/v2\/posts\/22912","targetHints":{"allow":["GET"]}}],"collection":[{"href":"https:\/\/www.rezeau.org\/wp-garden\/wp-json\/wp\/v2\/posts"}],"about":[{"href":"https:\/\/www.rezeau.org\/wp-garden\/wp-json\/wp\/v2\/types\/post"}],"author":[{"embeddable":true,"href":"https:\/\/www.rezeau.org\/wp-garden\/wp-json\/wp\/v2\/users\/2"}],"replies":[{"embeddable":true,"href":"https:\/\/www.rezeau.org\/wp-garden\/wp-json\/wp\/v2\/comments?post=22912"}],"version-history":[{"count":0,"href":"https:\/\/www.rezeau.org\/wp-garden\/wp-json\/wp\/v2\/posts\/22912\/revisions"}],"wp:featuredmedia":[{"embeddable":true,"href":"https:\/\/www.rezeau.org\/wp-garden\/wp-json\/wp\/v2\/media\/22824"}],"wp:attachment":[{"href":"https:\/\/www.rezeau.org\/wp-garden\/wp-json\/wp\/v2\/media?parent=22912"}],"wp:term":[{"taxonomy":"category","embeddable":true,"href":"https:\/\/www.rezeau.org\/wp-garden\/wp-json\/wp\/v2\/categories?post=22912"},{"taxonomy":"post_tag","embeddable":true,"href":"https:\/\/www.rezeau.org\/wp-garden\/wp-json\/wp\/v2\/tags?post=22912"}],"curies":[{"name":"wp","href":"https:\/\/api.w.org\/{rel}","templated":true}]}}