
{"id":23067,"date":"2023-05-10T19:25:43","date_gmt":"2023-05-10T17:25:43","guid":{"rendered":"https:\/\/www.rezeau.org\/wp-garden\/?p=23067"},"modified":"2023-05-10T19:25:43","modified_gmt":"2023-05-10T17:25:43","slug":"une-caroline-au-jardin","status":"publish","type":"post","link":"https:\/\/www.rezeau.org\/wp-garden\/fr\/une-caroline-au-jardin\/","title":{"rendered":"Une Caroline au jardin !"},"content":{"rendered":"\n<p>Pour meubler le vide laiss\u00e9 par un Solanum devenu bien trop envahissant et arrach\u00e9 r\u00e9cemment, une nouvelle cl\u00e9matite est arriv\u00e9e au jardin. Command\u00e9e chez P. de F., elle a bien voyag\u00e9, et vient d&#8217;\u00eatre plant\u00e9e. Encore toute fr\u00eale, il ne reste plus qu&#8217;\u00e0 attendre qu&#8217;elle pousse et &#8230; fleurisse.<\/p>\n\n\n\n<figure class=\"wp-block-gallery has-nested-images columns-default is-cropped wp-block-gallery-1 is-layout-flex wp-block-gallery-is-layout-flex\">\n<figure class=\"wp-block-image size-large\"><img loading=\"lazy\" decoding=\"async\" width=\"567\" height=\"1008\" data-id=\"23066\" src=\"https:\/\/www.rezeau.org\/wp-garden\/wp-content\/uploads\/20230510_161422.jpg\" alt=\"\" class=\"wp-image-23066\" srcset=\"https:\/\/www.rezeau.org\/wp-garden\/wp-content\/uploads\/20230510_161422.jpg 567w, https:\/\/www.rezeau.org\/wp-garden\/wp-content\/uploads\/20230510_161422-169x300.jpg 169w, https:\/\/www.rezeau.org\/wp-garden\/wp-content\/uploads\/20230510_161422-400x711.jpg 400w, https:\/\/www.rezeau.org\/wp-garden\/wp-content\/uploads\/20230510_161422-84x150.jpg 84w\" sizes=\"auto, (max-width: 567px) 100vw, 567px\" \/><\/figure>\n\n\n\n<figure class=\"wp-block-image size-large\"><img loading=\"lazy\" decoding=\"async\" width=\"560\" height=\"831\" data-id=\"23065\" src=\"https:\/\/www.rezeau.org\/wp-garden\/wp-content\/uploads\/20230510_172452.jpg\" alt=\"\" class=\"wp-image-23065\" srcset=\"https:\/\/www.rezeau.org\/wp-garden\/wp-content\/uploads\/20230510_172452.jpg 560w, https:\/\/www.rezeau.org\/wp-garden\/wp-content\/uploads\/20230510_172452-202x300.jpg 202w, https:\/\/www.rezeau.org\/wp-garden\/wp-content\/uploads\/20230510_172452-400x594.jpg 400w, https:\/\/www.rezeau.org\/wp-garden\/wp-content\/uploads\/20230510_172452-101x150.jpg 101w\" sizes=\"auto, (max-width: 560px) 100vw, 560px\" \/><\/figure>\n<figcaption class=\"blocks-gallery-caption wp-element-caption\"><em>Clematis patens<\/em> Caroline<\/figcaption><\/figure>\n","protected":false},"excerpt":{"rendered":"<p>Pour meubler le vide laiss\u00e9 par un Solanum devenu bien trop envahissant et arrach\u00e9 r\u00e9cemment, une nouvelle cl\u00e9matite est arriv\u00e9e au jardin. Command\u00e9e chez P. de F., elle a bien voyag\u00e9, et vient d&#8217;\u00eatre plant\u00e9e. Encore toute fr\u00eale, il ne reste plus qu&#8217;\u00e0 attendre qu&#8217;elle pousse et &#8230; fleurisse.<\/p>\n<p class=\"continue-reading-button\"> <a class=\"continue-reading-link\" href=\"https:\/\/www.rezeau.org\/wp-garden\/fr\/une-caroline-au-jardin\/\">Continue reading<i class=\"crycon-right-dir\"><\/i><\/a><\/p>\n","protected":false},"author":2,"featured_media":23068,"comment_status":"closed","ping_status":"closed","sticky":false,"template":"","format":"standard","meta":{"_acf_changed":false,"footnotes":""},"categories":[677],"tags":[641],"class_list":["post-23067","post","type-post","status-publish","format-standard","has-post-thumbnail","hentry","category-journal-du-jardin","tag-plantations"],"acf":[],"_links":{"self":[{"href":"https:\/\/www.rezeau.org\/wp-garden\/wp-json\/wp\/v2\/posts\/23067","targetHints":{"allow":["GET"]}}],"collection":[{"href":"https:\/\/www.rezeau.org\/wp-garden\/wp-json\/wp\/v2\/posts"}],"about":[{"href":"https:\/\/www.rezeau.org\/wp-garden\/wp-json\/wp\/v2\/types\/post"}],"author":[{"embeddable":true,"href":"https:\/\/www.rezeau.org\/wp-garden\/wp-json\/wp\/v2\/users\/2"}],"replies":[{"embeddable":true,"href":"https:\/\/www.rezeau.org\/wp-garden\/wp-json\/wp\/v2\/comments?post=23067"}],"version-history":[{"count":0,"href":"https:\/\/www.rezeau.org\/wp-garden\/wp-json\/wp\/v2\/posts\/23067\/revisions"}],"wp:featuredmedia":[{"embeddable":true,"href":"https:\/\/www.rezeau.org\/wp-garden\/wp-json\/wp\/v2\/media\/23068"}],"wp:attachment":[{"href":"https:\/\/www.rezeau.org\/wp-garden\/wp-json\/wp\/v2\/media?parent=23067"}],"wp:term":[{"taxonomy":"category","embeddable":true,"href":"https:\/\/www.rezeau.org\/wp-garden\/wp-json\/wp\/v2\/categories?post=23067"},{"taxonomy":"post_tag","embeddable":true,"href":"https:\/\/www.rezeau.org\/wp-garden\/wp-json\/wp\/v2\/tags?post=23067"}],"curies":[{"name":"wp","href":"https:\/\/api.w.org\/{rel}","templated":true}]}}