
{"id":23404,"date":"2023-06-19T18:35:57","date_gmt":"2023-06-19T16:35:57","guid":{"rendered":"https:\/\/www.rezeau.org\/wp-garden\/?p=23404"},"modified":"2023-06-19T18:36:22","modified_gmt":"2023-06-19T16:36:22","slug":"la-lavatere-barnsley-ressuscitee","status":"publish","type":"post","link":"https:\/\/www.rezeau.org\/wp-garden\/fr\/la-lavatere-barnsley-ressuscitee\/","title":{"rendered":"La lavat\u00e8re \u2018Barnsley\u2019 ressuscit\u00e9e !"},"content":{"rendered":"\n<p>Derniers d\u00e9veloppements dans la saga de la lavat\u00e8re &#8216;Barnsley&#8217;. Dans mon post de juillet 2022 je faisais part d&#8217;un optimisme mod\u00e9r\u00e9 quant \u00e0 l&#8217;espoir d&#8217;avoir \u00e0 nouveau une lavat\u00e8re fid\u00e8le \u00e0 la vari\u00e9t\u00e9 (ou plut\u00f4t la chim\u00e8re) &#8216;Barnsley&#8217; au jardin. Eh bien, c&#8217;est chose faite. En avril dernier j&#8217;ai plant\u00e9 les 2 sp\u00e9cimens issus de boutures soigneusement choisies sur des tiges portant l&#8217;une et l&#8217;autre vari\u00e9t\u00e9 de fleurs.<\/p>\n\n\n\n<p>Ces boutures une fois mises en pleine terre ont pouss\u00e9 g\u00e9n\u00e9reusement et je me trouve donc bien avec les deux types de fleurs comme esp\u00e9r\u00e9.<\/p>\n\n\n\n<figure class=\"wp-block-gallery has-nested-images columns-2 is-cropped wp-block-gallery-1 is-layout-flex wp-block-gallery-is-layout-flex\">\n<figure class=\"wp-block-image size-large\"><a href=\"https:\/\/www.rezeau.org\/wp-garden\/wp-content\/uploads\/Lavatera-x-clementii-Rosea-19-06-2023.jpg\" rel=\"lightbox[23404]\"><img loading=\"lazy\" decoding=\"async\" width=\"533\" height=\"800\" data-id=\"23407\" src=\"https:\/\/www.rezeau.org\/wp-garden\/wp-content\/uploads\/Lavatera-x-clementii-Rosea-19-06-2023.jpg\" alt=\"r\u00e9version au type Rosea\" class=\"wp-image-23407\" srcset=\"https:\/\/www.rezeau.org\/wp-garden\/wp-content\/uploads\/Lavatera-x-clementii-Rosea-19-06-2023.jpg 533w, https:\/\/www.rezeau.org\/wp-garden\/wp-content\/uploads\/Lavatera-x-clementii-Rosea-19-06-2023-200x300.jpg 200w, https:\/\/www.rezeau.org\/wp-garden\/wp-content\/uploads\/Lavatera-x-clementii-Rosea-19-06-2023-400x600.jpg 400w, https:\/\/www.rezeau.org\/wp-garden\/wp-content\/uploads\/Lavatera-x-clementii-Rosea-19-06-2023-100x150.jpg 100w\" sizes=\"auto, (max-width: 533px) 100vw, 533px\" \/><\/a><figcaption class=\"wp-element-caption\"><em>Lavatera x clementii<\/em> &#8216;Rosea&#8217; 19\/06\/2023 (H. 160 cm)<\/figcaption><\/figure>\n\n\n\n<figure class=\"wp-block-image size-large\"><a href=\"https:\/\/www.rezeau.org\/wp-garden\/wp-content\/uploads\/Lavatera-x-clementii-Barnsley-19-06-2023.jpg\" rel=\"lightbox[23404]\"><img loading=\"lazy\" decoding=\"async\" width=\"533\" height=\"800\" data-id=\"23406\" src=\"https:\/\/www.rezeau.org\/wp-garden\/wp-content\/uploads\/Lavatera-x-clementii-Barnsley-19-06-2023.jpg\" alt=\"R\u00e9cup\u00e9ration du type d'origine Barnsley apr\u00e8s bouturage\" class=\"wp-image-23406\" srcset=\"https:\/\/www.rezeau.org\/wp-garden\/wp-content\/uploads\/Lavatera-x-clementii-Barnsley-19-06-2023.jpg 533w, https:\/\/www.rezeau.org\/wp-garden\/wp-content\/uploads\/Lavatera-x-clementii-Barnsley-19-06-2023-200x300.jpg 200w, https:\/\/www.rezeau.org\/wp-garden\/wp-content\/uploads\/Lavatera-x-clementii-Barnsley-19-06-2023-400x600.jpg 400w, https:\/\/www.rezeau.org\/wp-garden\/wp-content\/uploads\/Lavatera-x-clementii-Barnsley-19-06-2023-100x150.jpg 100w\" sizes=\"auto, (max-width: 533px) 100vw, 533px\" \/><\/a><figcaption class=\"wp-element-caption\"><em>Lavatera x clementii<\/em> &#8216;Barnsley&#8217; 19\/06\/2023 (H. 200 cm)<\/figcaption><\/figure>\n\n\n\n<figure class=\"wp-block-image size-large\"><a href=\"https:\/\/www.rezeau.org\/wp-garden\/wp-content\/uploads\/Lavatera-x-clementii-Barnsley-19-06-2023-2.jpg\" rel=\"lightbox[23404]\"><img decoding=\"async\" data-id=\"23409\" src=\"https:\/\/www.rezeau.org\/wp-garden\/wp-content\/uploads\/Lavatera-x-clementii-Barnsley-19-06-2023-2.jpg\" alt=\"\" class=\"wp-image-23409\"\/><\/a><figcaption class=\"wp-element-caption\"><em>Lavatera x clementii<\/em> &#8216;Barnsley&#8217; 19\/06\/2023<\/figcaption><\/figure>\n<\/figure>\n","protected":false},"excerpt":{"rendered":"<p>Derniers d\u00e9veloppements dans la saga de la lavat\u00e8re &#8216;Barnsley&#8217;. Dans mon post de juillet 2022 je faisais part d&#8217;un optimisme mod\u00e9r\u00e9 quant \u00e0 l&#8217;espoir d&#8217;avoir \u00e0 nouveau une lavat\u00e8re fid\u00e8le \u00e0 la vari\u00e9t\u00e9 (ou plut\u00f4t la chim\u00e8re) &#8216;Barnsley&#8217; au jardin. Eh bien, c&#8217;est chose faite. En avril dernier j&#8217;ai plant\u00e9&#8230;<\/p>\n<p class=\"continue-reading-button\"> <a class=\"continue-reading-link\" href=\"https:\/\/www.rezeau.org\/wp-garden\/fr\/la-lavatere-barnsley-ressuscitee\/\">Continue reading<i class=\"crycon-right-dir\"><\/i><\/a><\/p>\n","protected":false},"author":2,"featured_media":23408,"comment_status":"closed","ping_status":"closed","sticky":false,"template":"","format":"standard","meta":{"_acf_changed":false,"footnotes":""},"categories":[677],"tags":[3208],"class_list":["post-23404","post","type-post","status-publish","format-standard","has-post-thumbnail","hentry","category-journal-du-jardin","tag-floraisons"],"acf":[],"_links":{"self":[{"href":"https:\/\/www.rezeau.org\/wp-garden\/wp-json\/wp\/v2\/posts\/23404","targetHints":{"allow":["GET"]}}],"collection":[{"href":"https:\/\/www.rezeau.org\/wp-garden\/wp-json\/wp\/v2\/posts"}],"about":[{"href":"https:\/\/www.rezeau.org\/wp-garden\/wp-json\/wp\/v2\/types\/post"}],"author":[{"embeddable":true,"href":"https:\/\/www.rezeau.org\/wp-garden\/wp-json\/wp\/v2\/users\/2"}],"replies":[{"embeddable":true,"href":"https:\/\/www.rezeau.org\/wp-garden\/wp-json\/wp\/v2\/comments?post=23404"}],"version-history":[{"count":0,"href":"https:\/\/www.rezeau.org\/wp-garden\/wp-json\/wp\/v2\/posts\/23404\/revisions"}],"wp:featuredmedia":[{"embeddable":true,"href":"https:\/\/www.rezeau.org\/wp-garden\/wp-json\/wp\/v2\/media\/23408"}],"wp:attachment":[{"href":"https:\/\/www.rezeau.org\/wp-garden\/wp-json\/wp\/v2\/media?parent=23404"}],"wp:term":[{"taxonomy":"category","embeddable":true,"href":"https:\/\/www.rezeau.org\/wp-garden\/wp-json\/wp\/v2\/categories?post=23404"},{"taxonomy":"post_tag","embeddable":true,"href":"https:\/\/www.rezeau.org\/wp-garden\/wp-json\/wp\/v2\/tags?post=23404"}],"curies":[{"name":"wp","href":"https:\/\/api.w.org\/{rel}","templated":true}]}}