
{"id":23677,"date":"2023-10-31T16:39:07","date_gmt":"2023-10-31T15:39:07","guid":{"rendered":"https:\/\/www.rezeau.org\/wp-garden\/?p=23677"},"modified":"2023-10-31T16:40:24","modified_gmt":"2023-10-31T15:40:24","slug":"le-jardin-au-jour-le-jour","status":"publish","type":"post","link":"https:\/\/www.rezeau.org\/wp-garden\/fr\/le-jardin-au-jour-le-jour\/","title":{"rendered":"Le jardin au jour le jour&#8230;"},"content":{"rendered":"\n<p>Bon, pas trouv\u00e9 de titre original pour ce post, tant pis&#8230;<\/p>\n\n\n<div class=\"wp-block-image\">\n<figure class=\"alignleft size-medium\"><a href=\"https:\/\/www.rezeau.org\/wp-garden\/wp-content\/uploads\/20231031_112627.jpg\" rel=\"lightbox[23677]\"><img loading=\"lazy\" decoding=\"async\" width=\"200\" height=\"300\" src=\"https:\/\/www.rezeau.org\/wp-garden\/wp-content\/uploads\/20231031_112627-200x300.jpg\" alt=\"Une semaine apr\u00e8s plantation... une fleur !\" class=\"wp-image-23666\" srcset=\"https:\/\/www.rezeau.org\/wp-garden\/wp-content\/uploads\/20231031_112627-200x300.jpg 200w, https:\/\/www.rezeau.org\/wp-garden\/wp-content\/uploads\/20231031_112627-400x600.jpg 400w, https:\/\/www.rezeau.org\/wp-garden\/wp-content\/uploads\/20231031_112627-100x150.jpg 100w, https:\/\/www.rezeau.org\/wp-garden\/wp-content\/uploads\/20231031_112627.jpg 533w\" sizes=\"auto, (max-width: 200px) 100vw, 200px\" \/><\/a><\/figure>\n<\/div>\n\n\n<p>La nouvelle cl\u00e9matite <em>Clematis patens<\/em> \u2018Rebecca\u2019 achet\u00e9e \u00e0 la f\u00eate des plantes de Pommorio a donc \u00e9t\u00e9 plant\u00e9e au pied du treillis de la bordure Nord, en remplacement du Solanum blanc arrach\u00e9 pour cause d&#8217;envahissement. A l&#8217;achat toutes ses fleurs \u00e9taient fan\u00e9es, mais il restait un bouton, qui vient de s&#8217;ouvrir, permettant de confirmer sa couleur qui nous avait s\u00e9duits.<\/p>\n\n\n\n<div style=\"height:0px\" aria-hidden=\"true\" class=\"wp-block-spacer\"><\/div>\n\n\n\n<p>Comme tous les ans, les pots de foug\u00e8res ont effectu\u00e9 leur transhumance depuis le &#8220;mur&#8221; vers le sol de la pergola, o\u00f9 ces plantes un peu craintives au vent froid pourront passer un hiver tranquille. Dans quelques semaines elles auront droit \u00e0 leur \u00e9dredon de foug\u00e8res r\u00e9colt\u00e9es dans la for\u00eat voisine.<\/p>\n\n\n\n<figure class=\"wp-block-gallery has-nested-images columns-default is-cropped wp-block-gallery-1 is-layout-flex wp-block-gallery-is-layout-flex\">\n<figure class=\"wp-block-image size-large\"><a href=\"https:\/\/www.rezeau.org\/wp-garden\/wp-content\/uploads\/20231031_105838.jpg\" rel=\"lightbox[23677]\"><img loading=\"lazy\" decoding=\"async\" width=\"800\" height=\"450\" data-id=\"23669\" src=\"https:\/\/www.rezeau.org\/wp-garden\/wp-content\/uploads\/20231031_105838.jpg\" alt=\"\" class=\"wp-image-23669\" srcset=\"https:\/\/www.rezeau.org\/wp-garden\/wp-content\/uploads\/20231031_105838.jpg 800w, https:\/\/www.rezeau.org\/wp-garden\/wp-content\/uploads\/20231031_105838-300x169.jpg 300w, https:\/\/www.rezeau.org\/wp-garden\/wp-content\/uploads\/20231031_105838-768x432.jpg 768w, https:\/\/www.rezeau.org\/wp-garden\/wp-content\/uploads\/20231031_105838-400x225.jpg 400w, https:\/\/www.rezeau.org\/wp-garden\/wp-content\/uploads\/20231031_105838-150x84.jpg 150w\" sizes=\"auto, (max-width: 800px) 100vw, 800px\" \/><\/a><figcaption class=\"wp-element-caption\">la pergola avec le mur de foug\u00e8res<\/figcaption><\/figure>\n\n\n\n<figure class=\"wp-block-image size-large\"><a href=\"https:\/\/www.rezeau.org\/wp-garden\/wp-content\/uploads\/20231031_112438.jpg\" rel=\"lightbox[23677]\"><img loading=\"lazy\" decoding=\"async\" width=\"528\" height=\"800\" data-id=\"23668\" src=\"https:\/\/www.rezeau.org\/wp-garden\/wp-content\/uploads\/20231031_112438.jpg\" alt=\"\" class=\"wp-image-23668\" srcset=\"https:\/\/www.rezeau.org\/wp-garden\/wp-content\/uploads\/20231031_112438.jpg 528w, https:\/\/www.rezeau.org\/wp-garden\/wp-content\/uploads\/20231031_112438-198x300.jpg 198w, https:\/\/www.rezeau.org\/wp-garden\/wp-content\/uploads\/20231031_112438-400x606.jpg 400w, https:\/\/www.rezeau.org\/wp-garden\/wp-content\/uploads\/20231031_112438-99x150.jpg 99w\" sizes=\"auto, (max-width: 528px) 100vw, 528px\" \/><\/a><figcaption class=\"wp-element-caption\">les foug\u00e8res au sol<\/figcaption><\/figure>\n\n\n\n<figure class=\"wp-block-image size-large\"><a href=\"https:\/\/www.rezeau.org\/wp-garden\/wp-content\/uploads\/20231031_112511.jpg\" rel=\"lightbox[23677]\"><img loading=\"lazy\" decoding=\"async\" width=\"800\" height=\"600\" data-id=\"23667\" src=\"https:\/\/www.rezeau.org\/wp-garden\/wp-content\/uploads\/20231031_112511.jpg\" alt=\"\" class=\"wp-image-23667\" srcset=\"https:\/\/www.rezeau.org\/wp-garden\/wp-content\/uploads\/20231031_112511.jpg 800w, https:\/\/www.rezeau.org\/wp-garden\/wp-content\/uploads\/20231031_112511-300x225.jpg 300w, https:\/\/www.rezeau.org\/wp-garden\/wp-content\/uploads\/20231031_112511-768x576.jpg 768w, https:\/\/www.rezeau.org\/wp-garden\/wp-content\/uploads\/20231031_112511-400x300.jpg 400w, https:\/\/www.rezeau.org\/wp-garden\/wp-content\/uploads\/20231031_112511-150x113.jpg 150w\" sizes=\"auto, (max-width: 800px) 100vw, 800px\" \/><\/a><figcaption class=\"wp-element-caption\">apr\u00e8s &#8230; le mur vide<\/figcaption><\/figure>\n<\/figure>\n\n\n\n<p>Aujourd&#8217;hui petite invasion de syrphes mignons \u00e0 la recherche d&#8217;un peu de nourriture sur les rares plantes encore en fleur en cette fin du mois d&#8217;octobre, \u00e0 savoir <em>Fatsia japonica<\/em>\u00a0Spider\u2019s Web et <em>Saxifraga fortunei<\/em> &#8216;Shiratama&#8217;.<\/p>\n\n\n\n<figure class=\"wp-block-gallery has-nested-images columns-2 is-cropped wp-block-gallery-2 is-layout-flex wp-block-gallery-is-layout-flex\">\n<figure class=\"wp-block-image size-large\"><a href=\"https:\/\/www.rezeau.org\/wp-garden\/wp-content\/uploads\/31-10-2023.jpg\" rel=\"lightbox[23677]\"><img loading=\"lazy\" decoding=\"async\" width=\"1024\" height=\"683\" data-id=\"23676\" src=\"https:\/\/www.rezeau.org\/wp-garden\/wp-content\/uploads\/31-10-2023.jpg\" alt=\"\" class=\"wp-image-23676\" srcset=\"https:\/\/www.rezeau.org\/wp-garden\/wp-content\/uploads\/31-10-2023.jpg 1024w, https:\/\/www.rezeau.org\/wp-garden\/wp-content\/uploads\/31-10-2023-300x200.jpg 300w, https:\/\/www.rezeau.org\/wp-garden\/wp-content\/uploads\/31-10-2023-768x512.jpg 768w, https:\/\/www.rezeau.org\/wp-garden\/wp-content\/uploads\/31-10-2023-400x267.jpg 400w, https:\/\/www.rezeau.org\/wp-garden\/wp-content\/uploads\/31-10-2023-150x100.jpg 150w\" sizes=\"auto, (max-width: 1024px) 100vw, 1024px\" \/><\/a><figcaption class=\"wp-element-caption\">31\/10\/2023<\/figcaption><\/figure>\n\n\n\n<figure class=\"wp-block-image size-large\"><a href=\"https:\/\/www.rezeau.org\/wp-garden\/wp-content\/uploads\/31-10-2023-2.jpg\" rel=\"lightbox[23677]\"><img loading=\"lazy\" decoding=\"async\" width=\"768\" height=\"1024\" data-id=\"23674\" src=\"https:\/\/www.rezeau.org\/wp-garden\/wp-content\/uploads\/31-10-2023-2.jpg\" alt=\"\" class=\"wp-image-23674\" srcset=\"https:\/\/www.rezeau.org\/wp-garden\/wp-content\/uploads\/31-10-2023-2.jpg 768w, https:\/\/www.rezeau.org\/wp-garden\/wp-content\/uploads\/31-10-2023-2-225x300.jpg 225w, https:\/\/www.rezeau.org\/wp-garden\/wp-content\/uploads\/31-10-2023-2-400x533.jpg 400w, https:\/\/www.rezeau.org\/wp-garden\/wp-content\/uploads\/31-10-2023-2-113x150.jpg 113w\" sizes=\"auto, (max-width: 768px) 100vw, 768px\" \/><\/a><figcaption class=\"wp-element-caption\">31\/10\/2023<\/figcaption><\/figure>\n\n\n\n<figure class=\"wp-block-image size-large\"><a href=\"https:\/\/www.rezeau.org\/wp-garden\/wp-content\/uploads\/Fatsia-japonica-Spiders-Web-31-10-2023.jpg\" rel=\"lightbox[23677]\"><img loading=\"lazy\" decoding=\"async\" width=\"1024\" height=\"768\" data-id=\"23673\" src=\"https:\/\/www.rezeau.org\/wp-garden\/wp-content\/uploads\/Fatsia-japonica-Spiders-Web-31-10-2023.jpg\" alt=\"Floraison d'automne 2023 - avec syrphes\" class=\"wp-image-23673\" srcset=\"https:\/\/www.rezeau.org\/wp-garden\/wp-content\/uploads\/Fatsia-japonica-Spiders-Web-31-10-2023.jpg 1024w, https:\/\/www.rezeau.org\/wp-garden\/wp-content\/uploads\/Fatsia-japonica-Spiders-Web-31-10-2023-300x225.jpg 300w, https:\/\/www.rezeau.org\/wp-garden\/wp-content\/uploads\/Fatsia-japonica-Spiders-Web-31-10-2023-768x576.jpg 768w, https:\/\/www.rezeau.org\/wp-garden\/wp-content\/uploads\/Fatsia-japonica-Spiders-Web-31-10-2023-400x300.jpg 400w, https:\/\/www.rezeau.org\/wp-garden\/wp-content\/uploads\/Fatsia-japonica-Spiders-Web-31-10-2023-150x113.jpg 150w\" sizes=\"auto, (max-width: 1024px) 100vw, 1024px\" \/><\/a><figcaption class=\"wp-element-caption\"><em>Fatsia japonica<\/em>  Spider&#8217;s Web 31\/10\/2023<\/figcaption><\/figure>\n<\/figure>\n","protected":false},"excerpt":{"rendered":"<p>Bon, pas trouv\u00e9 de titre original pour ce post, tant pis&#8230; La nouvelle cl\u00e9matite Clematis patens \u2018Rebecca\u2019 achet\u00e9e \u00e0 la f\u00eate des plantes de Pommorio a donc \u00e9t\u00e9 plant\u00e9e au pied du treillis de la bordure Nord, en remplacement du Solanum blanc arrach\u00e9 pour cause d&#8217;envahissement. A l&#8217;achat toutes ses&#8230;<\/p>\n<p class=\"continue-reading-button\"> <a class=\"continue-reading-link\" href=\"https:\/\/www.rezeau.org\/wp-garden\/fr\/le-jardin-au-jour-le-jour\/\">Continue reading<i class=\"crycon-right-dir\"><\/i><\/a><\/p>\n","protected":false},"author":2,"featured_media":23673,"comment_status":"closed","ping_status":"closed","sticky":false,"template":"","format":"standard","meta":{"_acf_changed":false,"footnotes":""},"categories":[677],"tags":[3208,3031,2330,641],"class_list":["post-23677","post","type-post","status-publish","format-standard","has-post-thumbnail","hentry","category-journal-du-jardin","tag-floraisons","tag-fougeres","tag-insectes","tag-plantations"],"acf":[],"_links":{"self":[{"href":"https:\/\/www.rezeau.org\/wp-garden\/wp-json\/wp\/v2\/posts\/23677","targetHints":{"allow":["GET"]}}],"collection":[{"href":"https:\/\/www.rezeau.org\/wp-garden\/wp-json\/wp\/v2\/posts"}],"about":[{"href":"https:\/\/www.rezeau.org\/wp-garden\/wp-json\/wp\/v2\/types\/post"}],"author":[{"embeddable":true,"href":"https:\/\/www.rezeau.org\/wp-garden\/wp-json\/wp\/v2\/users\/2"}],"replies":[{"embeddable":true,"href":"https:\/\/www.rezeau.org\/wp-garden\/wp-json\/wp\/v2\/comments?post=23677"}],"version-history":[{"count":0,"href":"https:\/\/www.rezeau.org\/wp-garden\/wp-json\/wp\/v2\/posts\/23677\/revisions"}],"wp:featuredmedia":[{"embeddable":true,"href":"https:\/\/www.rezeau.org\/wp-garden\/wp-json\/wp\/v2\/media\/23673"}],"wp:attachment":[{"href":"https:\/\/www.rezeau.org\/wp-garden\/wp-json\/wp\/v2\/media?parent=23677"}],"wp:term":[{"taxonomy":"category","embeddable":true,"href":"https:\/\/www.rezeau.org\/wp-garden\/wp-json\/wp\/v2\/categories?post=23677"},{"taxonomy":"post_tag","embeddable":true,"href":"https:\/\/www.rezeau.org\/wp-garden\/wp-json\/wp\/v2\/tags?post=23677"}],"curies":[{"name":"wp","href":"https:\/\/api.w.org\/{rel}","templated":true}]}}