
{"id":23786,"date":"2024-02-03T18:48:41","date_gmt":"2024-02-03T17:48:41","guid":{"rendered":"https:\/\/www.rezeau.org\/wp-garden\/?p=23786"},"modified":"2024-02-03T19:08:08","modified_gmt":"2024-02-03T18:08:08","slug":"la-guerre-aux-crottes","status":"publish","type":"post","link":"https:\/\/www.rezeau.org\/wp-garden\/fr\/la-guerre-aux-crottes\/","title":{"rendered":"La guerre aux crottes&#8230;"},"content":{"rendered":"<div class=\"wp-block-image\">\n<figure class=\"alignleft size-large is-resized\"><img decoding=\"async\" src=\"https:\/\/external-content.duckduckgo.com\/iu\/?u=https%3A%2F%2Fwww.villeneuve-tourisme.com%2Ffileadmin%2Fuser_upload%2Flogos_et_pictos%2Flogo_VVF_3_fleurs.png&amp;f=1&amp;nofb=1&amp;ipt=170b69f7852c6a7f60d1fac14897bac34da2a82fb84b0f3c64703381119b99ac&amp;ipo=images\" alt=\"\" style=\"width:281px;height:auto\"\/><\/figure>\n<\/div>\n\n\n<p>Lorsque papi Jo n&#8217;est pas dans son jardin, il lui arrive de sortir dans sa rue, pour aller faire un brin de marche dans la campagne environnante. Malheureusement, depuis quelques semaines, les trottoirs de sa rue sont devenus de v\u00e9ritables &#8220;crottoirs&#8221;. <\/p>\n\n\n<div class=\"wp-block-image\">\n<figure class=\"alignright size-large is-resized\"><img loading=\"lazy\" decoding=\"async\" width=\"1025\" height=\"375\" src=\"https:\/\/www.rezeau.org\/wp-garden\/wp-content\/uploads\/villes-et-villages-crottes-1025x375.png\" alt=\"\" class=\"wp-image-23794\" style=\"width:281px;height:auto\" srcset=\"https:\/\/www.rezeau.org\/wp-garden\/wp-content\/uploads\/villes-et-villages-crottes-1025x375.png 1025w, https:\/\/www.rezeau.org\/wp-garden\/wp-content\/uploads\/villes-et-villages-crottes-300x110.png 300w, https:\/\/www.rezeau.org\/wp-garden\/wp-content\/uploads\/villes-et-villages-crottes-768x281.png 768w, https:\/\/www.rezeau.org\/wp-garden\/wp-content\/uploads\/villes-et-villages-crottes-400x146.png 400w, https:\/\/www.rezeau.org\/wp-garden\/wp-content\/uploads\/villes-et-villages-crottes-150x55.png 150w, https:\/\/www.rezeau.org\/wp-garden\/wp-content\/uploads\/villes-et-villages-crottes.png 1300w\" sizes=\"auto, (max-width: 1025px) 100vw, 1025px\" \/><\/figure>\n<\/div>\n\n\n<p>Un vent de r\u00e9volte gronde dans la rue de sa charmante commune pourtant fi\u00e8re de ses &#8220;3 fleurs&#8221;. Il s&#8217;en faut de peu pour changer ce label en &#8220;ville crott\u00e9e&#8221;.<\/p>\n\n\n\n<figure class=\"wp-block-image size-large\"><a href=\"https:\/\/www.rezeau.org\/wp-garden\/wp-content\/uploads\/plan-crottes-2024-anonymise-2.jpg\" rel=\"lightbox[23786]\"><img loading=\"lazy\" decoding=\"async\" width=\"1025\" height=\"584\" src=\"https:\/\/www.rezeau.org\/wp-garden\/wp-content\/uploads\/plan-crottes-2024-anonymise-2-1025x584.jpg\" alt=\"\" class=\"wp-image-23789\" srcset=\"https:\/\/www.rezeau.org\/wp-garden\/wp-content\/uploads\/plan-crottes-2024-anonymise-2-1025x584.jpg 1025w, https:\/\/www.rezeau.org\/wp-garden\/wp-content\/uploads\/plan-crottes-2024-anonymise-2-300x171.jpg 300w, https:\/\/www.rezeau.org\/wp-garden\/wp-content\/uploads\/plan-crottes-2024-anonymise-2-768x438.jpg 768w, https:\/\/www.rezeau.org\/wp-garden\/wp-content\/uploads\/plan-crottes-2024-anonymise-2-400x228.jpg 400w, https:\/\/www.rezeau.org\/wp-garden\/wp-content\/uploads\/plan-crottes-2024-anonymise-2-150x86.jpg 150w, https:\/\/www.rezeau.org\/wp-garden\/wp-content\/uploads\/plan-crottes-2024-anonymise-2.jpg 1426w\" sizes=\"auto, (max-width: 1025px) 100vw, 1025px\" \/><\/a><\/figure>\n\n\n\n<p>En attendant, papi Jo et ses voisins se mobilisent pour faire assainir leur environnement. Affaire \u00e0 suivre&#8230;<\/p>\n","protected":false},"excerpt":{"rendered":"<p>Lorsque papi Jo n&#8217;est pas dans son jardin, il lui arrive de sortir dans sa rue, pour aller faire un brin de marche dans la campagne environnante. Malheureusement, depuis quelques semaines, les trottoirs de sa rue sont devenus de v\u00e9ritables &#8220;crottoirs&#8221;. Un vent de r\u00e9volte gronde dans la rue de&#8230;<\/p>\n<p class=\"continue-reading-button\"> <a class=\"continue-reading-link\" href=\"https:\/\/www.rezeau.org\/wp-garden\/fr\/la-guerre-aux-crottes\/\">Continue reading<i class=\"crycon-right-dir\"><\/i><\/a><\/p>\n","protected":false},"author":2,"featured_media":23791,"comment_status":"closed","ping_status":"closed","sticky":false,"template":"","format":"standard","meta":{"_acf_changed":false,"footnotes":""},"categories":[677],"tags":[2187],"class_list":["post-23786","post","type-post","status-publish","format-standard","has-post-thumbnail","hentry","category-journal-du-jardin","tag-coup-de-gueule"],"acf":[],"_links":{"self":[{"href":"https:\/\/www.rezeau.org\/wp-garden\/wp-json\/wp\/v2\/posts\/23786","targetHints":{"allow":["GET"]}}],"collection":[{"href":"https:\/\/www.rezeau.org\/wp-garden\/wp-json\/wp\/v2\/posts"}],"about":[{"href":"https:\/\/www.rezeau.org\/wp-garden\/wp-json\/wp\/v2\/types\/post"}],"author":[{"embeddable":true,"href":"https:\/\/www.rezeau.org\/wp-garden\/wp-json\/wp\/v2\/users\/2"}],"replies":[{"embeddable":true,"href":"https:\/\/www.rezeau.org\/wp-garden\/wp-json\/wp\/v2\/comments?post=23786"}],"version-history":[{"count":0,"href":"https:\/\/www.rezeau.org\/wp-garden\/wp-json\/wp\/v2\/posts\/23786\/revisions"}],"wp:featuredmedia":[{"embeddable":true,"href":"https:\/\/www.rezeau.org\/wp-garden\/wp-json\/wp\/v2\/media\/23791"}],"wp:attachment":[{"href":"https:\/\/www.rezeau.org\/wp-garden\/wp-json\/wp\/v2\/media?parent=23786"}],"wp:term":[{"taxonomy":"category","embeddable":true,"href":"https:\/\/www.rezeau.org\/wp-garden\/wp-json\/wp\/v2\/categories?post=23786"},{"taxonomy":"post_tag","embeddable":true,"href":"https:\/\/www.rezeau.org\/wp-garden\/wp-json\/wp\/v2\/tags?post=23786"}],"curies":[{"name":"wp","href":"https:\/\/api.w.org\/{rel}","templated":true}]}}