
{"id":23801,"date":"2024-02-15T18:23:57","date_gmt":"2024-02-15T17:23:57","guid":{"rendered":"https:\/\/www.rezeau.org\/wp-garden\/?p=23801"},"modified":"2024-02-15T18:49:25","modified_gmt":"2024-02-15T17:49:25","slug":"la-guerre-aux-crottes-suite","status":"publish","type":"post","link":"https:\/\/www.rezeau.org\/wp-garden\/fr\/la-guerre-aux-crottes-suite\/","title":{"rendered":"La guerre aux crottes (suite)"},"content":{"rendered":"\n<p>Papi Jo et ses voisins sont pass\u00e9s \u00e0 l&#8217;action, et une p\u00e9tition a circul\u00e9 dans la rue et les alentours, qui a recueilli environ 200 signatures. P\u00e9tition remise \u00e0 la mairie&#8230; on attend la r\u00e9action et surtout les actions \u00e0 venir.<\/p>\n\n\n\n<figure class=\"wp-block-image size-large is-resized\"><a href=\"https:\/\/www.rezeau.org\/wp-garden\/wp-content\/uploads\/petition-crottes-2-scaled.jpg\" rel=\"lightbox[23801]\"><img loading=\"lazy\" decoding=\"async\" width=\"785\" height=\"1025\" src=\"https:\/\/www.rezeau.org\/wp-garden\/wp-content\/uploads\/petition-crottes-2-785x1025.jpg\" alt=\"\" class=\"wp-image-23814\" style=\"width:415px;height:auto\" srcset=\"https:\/\/www.rezeau.org\/wp-garden\/wp-content\/uploads\/petition-crottes-2-785x1025.jpg 785w, https:\/\/www.rezeau.org\/wp-garden\/wp-content\/uploads\/petition-crottes-2-230x300.jpg 230w, https:\/\/www.rezeau.org\/wp-garden\/wp-content\/uploads\/petition-crottes-2-768x1002.jpg 768w, https:\/\/www.rezeau.org\/wp-garden\/wp-content\/uploads\/petition-crottes-2-1177x1536.jpg 1177w, https:\/\/www.rezeau.org\/wp-garden\/wp-content\/uploads\/petition-crottes-2-1569x2048.jpg 1569w, https:\/\/www.rezeau.org\/wp-garden\/wp-content\/uploads\/petition-crottes-2-400x522.jpg 400w, https:\/\/www.rezeau.org\/wp-garden\/wp-content\/uploads\/petition-crottes-2-115x150.jpg 115w, https:\/\/www.rezeau.org\/wp-garden\/wp-content\/uploads\/petition-crottes-2-scaled.jpg 1961w\" sizes=\"auto, (max-width: 785px) 100vw, 785px\" \/><\/a><\/figure>\n\n\n\n<div style=\"height:11px\" aria-hidden=\"true\" class=\"wp-block-spacer\"><\/div>\n\n\n\n<figure class=\"wp-block-image size-full is-resized\"><a href=\"https:\/\/www.rezeau.org\/wp-garden\/wp-content\/uploads\/Canisite.jpg\" rel=\"lightbox[23801]\"><img loading=\"lazy\" decoding=\"async\" width=\"819\" height=\"1024\" src=\"https:\/\/www.rezeau.org\/wp-garden\/wp-content\/uploads\/Canisite.jpg\" alt=\"\" class=\"wp-image-23809\" style=\"width:419px;height:auto\" srcset=\"https:\/\/www.rezeau.org\/wp-garden\/wp-content\/uploads\/Canisite.jpg 819w, https:\/\/www.rezeau.org\/wp-garden\/wp-content\/uploads\/Canisite-240x300.jpg 240w, https:\/\/www.rezeau.org\/wp-garden\/wp-content\/uploads\/Canisite-768x960.jpg 768w, https:\/\/www.rezeau.org\/wp-garden\/wp-content\/uploads\/Canisite-400x500.jpg 400w, https:\/\/www.rezeau.org\/wp-garden\/wp-content\/uploads\/Canisite-120x150.jpg 120w\" sizes=\"auto, (max-width: 819px) 100vw, 819px\" \/><\/a><\/figure>\n\n\n\n<p>Voici \u00e0 quoi ressemble un &#8220;canisite\/vespachien&#8221; dont notre p\u00e9tition sugg\u00e8re l&#8217;installation dans notre commune. Joli, non\u00a0?<\/p>\n","protected":false},"excerpt":{"rendered":"<p>Papi Jo et ses voisins sont pass\u00e9s \u00e0 l&#8217;action, et une p\u00e9tition a circul\u00e9 dans la rue et les alentours, qui a recueilli environ 200 signatures. P\u00e9tition remise \u00e0 la mairie&#8230; on attend la r\u00e9action et surtout les actions \u00e0 venir. Voici \u00e0 quoi ressemble un &#8220;canisite\/vespachien&#8221; dont notre p\u00e9tition&#8230;<\/p>\n<p class=\"continue-reading-button\"> <a class=\"continue-reading-link\" href=\"https:\/\/www.rezeau.org\/wp-garden\/fr\/la-guerre-aux-crottes-suite\/\">Continue reading<i class=\"crycon-right-dir\"><\/i><\/a><\/p>\n","protected":false},"author":2,"featured_media":23800,"comment_status":"closed","ping_status":"closed","sticky":false,"template":"","format":"standard","meta":{"_acf_changed":false,"footnotes":""},"categories":[677],"tags":[2187],"class_list":["post-23801","post","type-post","status-publish","format-standard","has-post-thumbnail","hentry","category-journal-du-jardin","tag-coup-de-gueule"],"acf":[],"_links":{"self":[{"href":"https:\/\/www.rezeau.org\/wp-garden\/wp-json\/wp\/v2\/posts\/23801","targetHints":{"allow":["GET"]}}],"collection":[{"href":"https:\/\/www.rezeau.org\/wp-garden\/wp-json\/wp\/v2\/posts"}],"about":[{"href":"https:\/\/www.rezeau.org\/wp-garden\/wp-json\/wp\/v2\/types\/post"}],"author":[{"embeddable":true,"href":"https:\/\/www.rezeau.org\/wp-garden\/wp-json\/wp\/v2\/users\/2"}],"replies":[{"embeddable":true,"href":"https:\/\/www.rezeau.org\/wp-garden\/wp-json\/wp\/v2\/comments?post=23801"}],"version-history":[{"count":0,"href":"https:\/\/www.rezeau.org\/wp-garden\/wp-json\/wp\/v2\/posts\/23801\/revisions"}],"wp:featuredmedia":[{"embeddable":true,"href":"https:\/\/www.rezeau.org\/wp-garden\/wp-json\/wp\/v2\/media\/23800"}],"wp:attachment":[{"href":"https:\/\/www.rezeau.org\/wp-garden\/wp-json\/wp\/v2\/media?parent=23801"}],"wp:term":[{"taxonomy":"category","embeddable":true,"href":"https:\/\/www.rezeau.org\/wp-garden\/wp-json\/wp\/v2\/categories?post=23801"},{"taxonomy":"post_tag","embeddable":true,"href":"https:\/\/www.rezeau.org\/wp-garden\/wp-json\/wp\/v2\/tags?post=23801"}],"curies":[{"name":"wp","href":"https:\/\/api.w.org\/{rel}","templated":true}]}}