
{"id":24410,"date":"2024-07-09T14:52:40","date_gmt":"2024-07-09T12:52:40","guid":{"rendered":"https:\/\/www.rezeau.org\/wp-garden\/?p=24410"},"modified":"2024-07-09T14:53:06","modified_gmt":"2024-07-09T12:53:06","slug":"encore-la-pluie-en-juillet-2024","status":"publish","type":"post","link":"https:\/\/www.rezeau.org\/wp-garden\/fr\/encore-la-pluie-en-juillet-2024\/","title":{"rendered":"Encore la pluie en juillet 2024 !"},"content":{"rendered":"\n<p>Comme la pluie semble install\u00e9e pour de bon, rien \u00e0 faire au jardin, donc on va mettre \u00e0 profit cette pause forc\u00e9e pour faire le point sur l&#8217;\u00e9tat du jardin, les nouveaut\u00e9s, les projets etc.<\/p>\n\n\n\n<h4 class=\"wp-block-heading\">Bye-bye le pitto !<\/h4>\n\n\n\n<p>Depuis une dizaine d&#8217;ann\u00e9es deux sp\u00e9cimens de pittosporum poussent tr\u00e8s (trop) bien \u00e0 l&#8217;extr\u00e9mit\u00e9 sud de la bordure Ouest. Ils cachent bien le vilain mur, mais leur taille actuelle les rend difficiles (m\u00eame dangereux) \u00e0 contr\u00f4ler. Du coup, l&#8217;aide-jardini\u00e8re a r\u00e9cemment d\u00e9cid\u00e9 de r\u00e9duire de moiti\u00e9 la hauteur de l&#8217;un des deux sp\u00e9cimens (en A18). Finalement, vu le r\u00e9sultat peu convaincant, on est carr\u00e9ment pass\u00e9s \u00e0 l&#8217;arrachage. Pas facile comme op\u00e9ration, le bougre s&#8217;accrochait d\u00e9sesp\u00e9r\u00e9ment (?) \u00e0 son petit bout de terre ; mais papi Jo et l&#8217;aide-jardini\u00e8re ont eu le dernier mot. Pour meubler et cacher ce morceau de vilain mur laiss\u00e9 vacant, on a pr\u00e9vu un nouveau treillis, \u00e0 installer dans le prolongement du treillage qui supporte la glycine. Et sur ce treillis grimpera le <em>Solanum laxum<\/em>, qui d\u00e9m\u00e9nagera du treillis de la bordure Nord cet hiver.<\/p>\n\n\n\n<h4 class=\"wp-block-heading\">Des nouvelles du rosier &#8216;Generous Gardener&#8217;<\/h4>\n\n\n<div class=\"wp-block-image\">\n<figure data-wp-context=\"{&quot;imageId&quot;:&quot;69f1abec4e743&quot;}\" data-wp-interactive=\"core\/image\" data-wp-key=\"69f1abec4e743\" class=\"alignleft size-medium wp-lightbox-container\"><img loading=\"lazy\" decoding=\"async\" width=\"300\" height=\"200\" data-wp-class--hide=\"state.isContentHidden\" data-wp-class--show=\"state.isContentVisible\" data-wp-init=\"callbacks.setButtonStyles\" data-wp-on--click=\"actions.showLightbox\" data-wp-on--load=\"callbacks.setButtonStyles\" data-wp-on-window--resize=\"callbacks.setButtonStyles\" src=\"https:\/\/www.rezeau.org\/wp-garden\/wp-content\/uploads\/Rosa-The-Generous-Gardener-25-05-2024-300x200.jpg\" alt=\"Premi\u00e8re fleur fin mai 20234\" class=\"wp-image-24292\" srcset=\"https:\/\/www.rezeau.org\/wp-garden\/wp-content\/uploads\/Rosa-The-Generous-Gardener-25-05-2024-300x200.jpg 300w, https:\/\/www.rezeau.org\/wp-garden\/wp-content\/uploads\/Rosa-The-Generous-Gardener-25-05-2024-768x512.jpg 768w, https:\/\/www.rezeau.org\/wp-garden\/wp-content\/uploads\/Rosa-The-Generous-Gardener-25-05-2024-400x267.jpg 400w, https:\/\/www.rezeau.org\/wp-garden\/wp-content\/uploads\/Rosa-The-Generous-Gardener-25-05-2024-150x100.jpg 150w, https:\/\/www.rezeau.org\/wp-garden\/wp-content\/uploads\/Rosa-The-Generous-Gardener-25-05-2024.jpg 800w\" sizes=\"auto, (max-width: 300px) 100vw, 300px\" \/><button\n\t\t\tclass=\"lightbox-trigger\"\n\t\t\ttype=\"button\"\n\t\t\taria-haspopup=\"dialog\"\n\t\t\taria-label=\"Enlarge\"\n\t\t\tdata-wp-init=\"callbacks.initTriggerButton\"\n\t\t\tdata-wp-on--click=\"actions.showLightbox\"\n\t\t\tdata-wp-style--right=\"state.imageButtonRight\"\n\t\t\tdata-wp-style--top=\"state.imageButtonTop\"\n\t\t>\n\t\t\t<svg xmlns=\"http:\/\/www.w3.org\/2000\/svg\" width=\"12\" height=\"12\" fill=\"none\" viewBox=\"0 0 12 12\">\n\t\t\t\t<path fill=\"#fff\" d=\"M2 0a2 2 0 0 0-2 2v2h1.5V2a.5.5 0 0 1 .5-.5h2V0H2Zm2 10.5H2a.5.5 0 0 1-.5-.5V8H0v2a2 2 0 0 0 2 2h2v-1.5ZM8 12v-1.5h2a.5.5 0 0 0 .5-.5V8H12v2a2 2 0 0 1-2 2H8Zm2-12a2 2 0 0 1 2 2v2h-1.5V2a.5.5 0 0 0-.5-.5H8V0h2Z\" \/>\n\t\t\t<\/svg>\n\t\t<\/button><figcaption class=\"wp-element-caption\"><em>Rosa<\/em> The Generous Gardener 25\/05\/2024<\/figcaption><\/figure>\n<\/div>\n\n\n<p>Pour les d\u00e9buts de l&#8217;histoire de ce rosier dans le jardin de papi Jo, voir <a href=\"https:\/\/www.rezeau.org\/wp-garden\/fr\/une-arrivee-et-un-depart\/\" data-type=\"post\" data-id=\"23685\">ici<\/a> et <a href=\"https:\/\/www.rezeau.org\/wp-garden\/en\/rosa-the-generous-gardener-ausdrawnpbr\/\" data-type=\"page\" data-id=\"23739\">l\u00e0<\/a>. En mai-juin 2024, ce rosier s&#8217;est bien d\u00e9velopp\u00e9, il montre un feuillage tr\u00e8s sain (contrairement \u00e0 R. &#8216;Pierre de Ronsard&#8217; qui est horriblement malade) et de jolies roses tr\u00e8s parfum\u00e9es. Donc tout pour plaire&#8230; sauf que r\u00e9flexion faite son emplacement n&#8217;est pas id\u00e9al. Malgr\u00e9 son treillis g\u00e9n\u00e9reux (4m de largeur) lors de sa croissance il risque d&#8217;\u00eatre g\u00ean\u00e9 par des voisins trop pr\u00e9sents, en particulier le <em>Cornus <\/em>de Hong-Kong, etc. Dans le cadre des chaises musicales de cette ann\u00e9e 2024, il sera d\u00e9plac\u00e9 cet hiver en direction du treillis Nord-Ouest, o\u00f9 il prendra la place laiss\u00e9e libre par le <em>Solanum laxum<\/em> (voir ci-dessus).<\/p>\n\n\n\n<p><\/p>\n","protected":false},"excerpt":{"rendered":"<p>Comme la pluie semble install\u00e9e pour de bon, rien \u00e0 faire au jardin, donc on va mettre \u00e0 profit cette pause forc\u00e9e pour faire le point sur l&#8217;\u00e9tat du jardin, les nouveaut\u00e9s, les projets etc. Bye-bye le pitto ! Depuis une dizaine d&#8217;ann\u00e9es deux sp\u00e9cimens de pittosporum poussent tr\u00e8s (trop)&#8230;<\/p>\n<p class=\"continue-reading-button\"> <a class=\"continue-reading-link\" href=\"https:\/\/www.rezeau.org\/wp-garden\/fr\/encore-la-pluie-en-juillet-2024\/\">Continue reading<i class=\"crycon-right-dir\"><\/i><\/a><\/p>\n","protected":false},"author":2,"featured_media":24292,"comment_status":"closed","ping_status":"closed","sticky":false,"template":"","format":"standard","meta":{"_acf_changed":false,"footnotes":""},"categories":[677],"tags":[3216],"class_list":["post-24410","post","type-post","status-publish","format-standard","has-post-thumbnail","hentry","category-journal-du-jardin","tag-amenagement"],"acf":[],"_links":{"self":[{"href":"https:\/\/www.rezeau.org\/wp-garden\/wp-json\/wp\/v2\/posts\/24410","targetHints":{"allow":["GET"]}}],"collection":[{"href":"https:\/\/www.rezeau.org\/wp-garden\/wp-json\/wp\/v2\/posts"}],"about":[{"href":"https:\/\/www.rezeau.org\/wp-garden\/wp-json\/wp\/v2\/types\/post"}],"author":[{"embeddable":true,"href":"https:\/\/www.rezeau.org\/wp-garden\/wp-json\/wp\/v2\/users\/2"}],"replies":[{"embeddable":true,"href":"https:\/\/www.rezeau.org\/wp-garden\/wp-json\/wp\/v2\/comments?post=24410"}],"version-history":[{"count":0,"href":"https:\/\/www.rezeau.org\/wp-garden\/wp-json\/wp\/v2\/posts\/24410\/revisions"}],"wp:featuredmedia":[{"embeddable":true,"href":"https:\/\/www.rezeau.org\/wp-garden\/wp-json\/wp\/v2\/media\/24292"}],"wp:attachment":[{"href":"https:\/\/www.rezeau.org\/wp-garden\/wp-json\/wp\/v2\/media?parent=24410"}],"wp:term":[{"taxonomy":"category","embeddable":true,"href":"https:\/\/www.rezeau.org\/wp-garden\/wp-json\/wp\/v2\/categories?post=24410"},{"taxonomy":"post_tag","embeddable":true,"href":"https:\/\/www.rezeau.org\/wp-garden\/wp-json\/wp\/v2\/tags?post=24410"}],"curies":[{"name":"wp","href":"https:\/\/api.w.org\/{rel}","templated":true}]}}