
{"id":24446,"date":"2024-07-21T15:54:30","date_gmt":"2024-07-21T13:54:30","guid":{"rendered":"https:\/\/www.rezeau.org\/wp-garden\/?p=24446"},"modified":"2024-07-21T16:23:06","modified_gmt":"2024-07-21T14:23:06","slug":"bordure-ouest-nouveau-treillis","status":"publish","type":"post","link":"https:\/\/www.rezeau.org\/wp-garden\/fr\/bordure-ouest-nouveau-treillis\/","title":{"rendered":"Bordure ouest : nouveau treillis"},"content":{"rendered":"<div class=\"wp-block-image\">\n<figure class=\"alignleft size-medium\"><a href=\"https:\/\/www.rezeau.org\/wp-garden\/wp-content\/uploads\/H-IMGP1174.jpg\" rel=\"lightbox[24446]\"><img loading=\"lazy\" decoding=\"async\" width=\"300\" height=\"200\" src=\"https:\/\/www.rezeau.org\/wp-garden\/wp-content\/uploads\/H-IMGP1174-300x200.jpg\" alt=\"Vue d'ensemble de la bordure Ouest avec les nouvelles plantations\" class=\"wp-image-24445\" srcset=\"https:\/\/www.rezeau.org\/wp-garden\/wp-content\/uploads\/H-IMGP1174-300x200.jpg 300w, https:\/\/www.rezeau.org\/wp-garden\/wp-content\/uploads\/H-IMGP1174-768x512.jpg 768w, https:\/\/www.rezeau.org\/wp-garden\/wp-content\/uploads\/H-IMGP1174-400x267.jpg 400w, https:\/\/www.rezeau.org\/wp-garden\/wp-content\/uploads\/H-IMGP1174-150x100.jpg 150w, https:\/\/www.rezeau.org\/wp-garden\/wp-content\/uploads\/H-IMGP1174.jpg 800w\" sizes=\"auto, (max-width: 300px) 100vw, 300px\" \/><\/a><figcaption class=\"wp-element-caption\">Bordure Ouest le 10\/04\/2017<\/figcaption><\/figure>\n<\/div>\n\n\n<p>Papi Jo aime bien les Pittosporums, des arbustes qui se plaisent bien en Bretagne&#8230; au point qu&#8217;ils peuvent parfois devenir trop encombrants. C&#8217;\u00e9tait le cas du mignon petit sujet qu&#8217;on peut voir sur cette photo prise en 2017, <em>tout \u00e0 gauche du treillis <\/em>qui supporte la glycine. Au fil des ann\u00e9es il avait fini par atteindre plus de 2 m\u00e8tres de hauteur et il donnait du fil \u00e0 retordre \u00e0 l&#8217;aide-jardini\u00e8re lors de la taille annuelle. Il a donc \u00e9t\u00e9 d\u00e9cid\u00e9, dans un premier temps, de le raccourcir \u00e0 1 m\u00e8tre. Vu le r\u00e9sultat peu esth\u00e9tique, il a finalement \u00e9t\u00e9 arrach\u00e9 (non sans mal).<\/p>\n\n\n\n<hr class=\"wp-block-separator has-alpha-channel-opacity\"\/>\n\n\n<div class=\"wp-block-image\">\n<figure class=\"alignleft size-medium\"><a href=\"https:\/\/www.rezeau.org\/wp-garden\/wp-content\/uploads\/K-IMGP7374.jpg\" rel=\"lightbox[24446]\"><img loading=\"lazy\" decoding=\"async\" width=\"300\" height=\"200\" src=\"https:\/\/www.rezeau.org\/wp-garden\/wp-content\/uploads\/K-IMGP7374-300x200.jpg\" alt=\"\" class=\"wp-image-24437\" srcset=\"https:\/\/www.rezeau.org\/wp-garden\/wp-content\/uploads\/K-IMGP7374-300x200.jpg 300w, https:\/\/www.rezeau.org\/wp-garden\/wp-content\/uploads\/K-IMGP7374-768x512.jpg 768w, https:\/\/www.rezeau.org\/wp-garden\/wp-content\/uploads\/K-IMGP7374-400x267.jpg 400w, https:\/\/www.rezeau.org\/wp-garden\/wp-content\/uploads\/K-IMGP7374-150x100.jpg 150w, https:\/\/www.rezeau.org\/wp-garden\/wp-content\/uploads\/K-IMGP7374.jpg 800w\" sizes=\"auto, (max-width: 300px) 100vw, 300px\" \/><\/a><figcaption class=\"wp-element-caption\"><em>bordure Ouest le nouveau treillis<\/em> 21\/07\/2024<\/figcaption><\/figure>\n<\/div>\n\n\n<p>Pour meubler l&#8217;espace laiss\u00e9 vide et cacher le vilain mur, on a d\u00e9cid\u00e9 de prolonger le treillis de la glycine sur la gauche. Plusieurs hypoth\u00e8ses ont \u00e9t\u00e9 \u00e9tudi\u00e9es pour d\u00e9corer ce treillis, et finalement le choix s&#8217;est arr\u00eat\u00e9 sur un <em>Solanum laxum<\/em>. \u00c7a tombe bien, le <em>Solanum laxum<\/em> qui grimpe actuellement sur le treillis au fond de la bordure Nord, \u00e0 gauche, va c\u00e9der la place au rosier &#8216;The Generous Gardener&#8217;, qui doit d\u00e9m\u00e9nager cet hiver. Dans le jardin de papi Jo, les plantes continuent \u00e0 jouer au jeu des chaises musicales&nbsp;!<\/p>\n","protected":false},"excerpt":{"rendered":"<p>Papi Jo aime bien les Pittosporums, des arbustes qui se plaisent bien en Bretagne&#8230; au point qu&#8217;ils peuvent parfois devenir trop encombrants. C&#8217;\u00e9tait le cas du mignon petit sujet qu&#8217;on peut voir sur cette photo prise en 2017, tout \u00e0 gauche du treillis qui supporte la glycine. Au fil des&#8230;<\/p>\n<p class=\"continue-reading-button\"> <a class=\"continue-reading-link\" href=\"https:\/\/www.rezeau.org\/wp-garden\/fr\/bordure-ouest-nouveau-treillis\/\">Continue reading<i class=\"crycon-right-dir\"><\/i><\/a><\/p>\n","protected":false},"author":2,"featured_media":24437,"comment_status":"closed","ping_status":"closed","sticky":false,"template":"","format":"standard","meta":{"_acf_changed":false,"footnotes":""},"categories":[677],"tags":[3216],"class_list":["post-24446","post","type-post","status-publish","format-standard","has-post-thumbnail","hentry","category-journal-du-jardin","tag-amenagement"],"acf":[],"_links":{"self":[{"href":"https:\/\/www.rezeau.org\/wp-garden\/wp-json\/wp\/v2\/posts\/24446","targetHints":{"allow":["GET"]}}],"collection":[{"href":"https:\/\/www.rezeau.org\/wp-garden\/wp-json\/wp\/v2\/posts"}],"about":[{"href":"https:\/\/www.rezeau.org\/wp-garden\/wp-json\/wp\/v2\/types\/post"}],"author":[{"embeddable":true,"href":"https:\/\/www.rezeau.org\/wp-garden\/wp-json\/wp\/v2\/users\/2"}],"replies":[{"embeddable":true,"href":"https:\/\/www.rezeau.org\/wp-garden\/wp-json\/wp\/v2\/comments?post=24446"}],"version-history":[{"count":0,"href":"https:\/\/www.rezeau.org\/wp-garden\/wp-json\/wp\/v2\/posts\/24446\/revisions"}],"wp:featuredmedia":[{"embeddable":true,"href":"https:\/\/www.rezeau.org\/wp-garden\/wp-json\/wp\/v2\/media\/24437"}],"wp:attachment":[{"href":"https:\/\/www.rezeau.org\/wp-garden\/wp-json\/wp\/v2\/media?parent=24446"}],"wp:term":[{"taxonomy":"category","embeddable":true,"href":"https:\/\/www.rezeau.org\/wp-garden\/wp-json\/wp\/v2\/categories?post=24446"},{"taxonomy":"post_tag","embeddable":true,"href":"https:\/\/www.rezeau.org\/wp-garden\/wp-json\/wp\/v2\/tags?post=24446"}],"curies":[{"name":"wp","href":"https:\/\/api.w.org\/{rel}","templated":true}]}}