
{"id":24919,"date":"2025-01-31T14:00:39","date_gmt":"2025-01-31T13:00:39","guid":{"rendered":"https:\/\/www.rezeau.org\/wp-garden\/?p=24919"},"modified":"2025-02-01T14:04:24","modified_gmt":"2025-02-01T13:04:24","slug":"photo-du-jour-31-1-2025","status":"publish","type":"post","link":"https:\/\/www.rezeau.org\/wp-garden\/fr\/photo-du-jour-31-1-2025\/","title":{"rendered":"Photo du jour 31\/1\/2025"},"content":{"rendered":"\n<p>Notre petite commune a enfin sa maison de sant\u00e9. Admirez le joli coloris bleu de sa fa\u00e7ade, agr\u00e9\u00e9 par les B\u00e2timents de France&#8230; mais pas du go\u00fbt de papi Jo. Peu importe, tant qu&#8217;on a la sant\u00e9&#8230;<\/p>\n\n\n\n<figure class=\"wp-block-image size-full\"><img loading=\"lazy\" decoding=\"async\" width=\"800\" height=\"533\" src=\"https:\/\/www.rezeau.org\/wp-garden\/wp-content\/uploads\/K-IMGP9953.jpg\" alt=\"\" class=\"wp-image-24917\" srcset=\"https:\/\/www.rezeau.org\/wp-garden\/wp-content\/uploads\/K-IMGP9953.jpg 800w, https:\/\/www.rezeau.org\/wp-garden\/wp-content\/uploads\/K-IMGP9953-300x200.jpg 300w, https:\/\/www.rezeau.org\/wp-garden\/wp-content\/uploads\/K-IMGP9953-768x512.jpg 768w, https:\/\/www.rezeau.org\/wp-garden\/wp-content\/uploads\/K-IMGP9953-400x267.jpg 400w, https:\/\/www.rezeau.org\/wp-garden\/wp-content\/uploads\/K-IMGP9953-150x100.jpg 150w\" sizes=\"auto, (max-width: 800px) 100vw, 800px\" \/><figcaption class=\"wp-element-caption\">Bois et bleu.<\/figcaption><\/figure>\n","protected":false},"excerpt":{"rendered":"<p>Notre petite commune a enfin sa maison de sant\u00e9.<\/p>\n<p class=\"continue-reading-button\"> <a class=\"continue-reading-link\" href=\"https:\/\/www.rezeau.org\/wp-garden\/fr\/photo-du-jour-31-1-2025\/\">Continue reading<i class=\"crycon-right-dir\"><\/i><\/a><\/p>\n","protected":false},"author":2,"featured_media":24917,"comment_status":"closed","ping_status":"closed","sticky":false,"template":"","format":"standard","meta":{"_acf_changed":false,"footnotes":""},"categories":[677],"tags":[2187,4141],"class_list":["post-24919","post","type-post","status-publish","format-standard","has-post-thumbnail","hentry","category-journal-du-jardin","tag-coup-de-gueule","tag-photo-du-jour"],"acf":[],"_links":{"self":[{"href":"https:\/\/www.rezeau.org\/wp-garden\/wp-json\/wp\/v2\/posts\/24919","targetHints":{"allow":["GET"]}}],"collection":[{"href":"https:\/\/www.rezeau.org\/wp-garden\/wp-json\/wp\/v2\/posts"}],"about":[{"href":"https:\/\/www.rezeau.org\/wp-garden\/wp-json\/wp\/v2\/types\/post"}],"author":[{"embeddable":true,"href":"https:\/\/www.rezeau.org\/wp-garden\/wp-json\/wp\/v2\/users\/2"}],"replies":[{"embeddable":true,"href":"https:\/\/www.rezeau.org\/wp-garden\/wp-json\/wp\/v2\/comments?post=24919"}],"version-history":[{"count":0,"href":"https:\/\/www.rezeau.org\/wp-garden\/wp-json\/wp\/v2\/posts\/24919\/revisions"}],"wp:featuredmedia":[{"embeddable":true,"href":"https:\/\/www.rezeau.org\/wp-garden\/wp-json\/wp\/v2\/media\/24917"}],"wp:attachment":[{"href":"https:\/\/www.rezeau.org\/wp-garden\/wp-json\/wp\/v2\/media?parent=24919"}],"wp:term":[{"taxonomy":"category","embeddable":true,"href":"https:\/\/www.rezeau.org\/wp-garden\/wp-json\/wp\/v2\/categories?post=24919"},{"taxonomy":"post_tag","embeddable":true,"href":"https:\/\/www.rezeau.org\/wp-garden\/wp-json\/wp\/v2\/tags?post=24919"}],"curies":[{"name":"wp","href":"https:\/\/api.w.org\/{rel}","templated":true}]}}